{"id":3408,"date":"2021-01-17T11:00:35","date_gmt":"2021-01-17T17:00:35","guid":{"rendered":"http:\/\/losperiodistas.com.mx\/portal\/?p=3408"},"modified":"2021-01-17T11:00:35","modified_gmt":"2021-01-17T17:00:35","slug":"fallece-phil-spector-productor-de-the-beatles-y-en-prision-por-el-asesinato-de-una-actriz-publico","status":"publish","type":"post","link":"https:\/\/losperiodistas.com.mx\/portal\/fallece-phil-spector-productor-de-the-beatles-y-en-prision-por-el-asesinato-de-una-actriz-publico\/","title":{"rendered":"Fallece Phil Spector, productor de The Beatles y en prisi\u00f3n por el asesinato de una actriz | P\u00fablico"},"content":{"rendered":"\n<p class=\"has-vivid-cyan-blue-color has-text-color has-medium-font-size\">EFE\/ P\u00daBLICO<\/p>\n\n\n\n<p id=\"m142-141-143\">Phil Spector, uno de los productores m\u00e1s aclamados de la m\u00fasica moderna y creador del \u00abmuro de sonido\u00bb, falleci\u00f3 este s\u00e1bado a los 81 a\u00f1os por complicaciones de la covid-19, que contrajo en prisi\u00f3n, seg\u00fan inform\u00f3 este domingo el portal TMZ.<\/p>\n\n\n\n<p id=\"m147-1-148\">Spector, que desde 2009 cumpl\u00eda condena en una prisi\u00f3n de California por el asesinato de la actriz\u00a0<strong>Lana Clarkson<\/strong>, fue diagnosticado con covid-19 hace cuatro semanas y muri\u00f3 ayer en el hospital a donde hab\u00eda sido trasladado por problemas respiratorios tras una aparente mejor\u00eda de salud.<\/p>\n\n\n\n<p>El exc\u00e9ntrico productor labr\u00f3 su fama en la industria discogr\u00e1fica detr\u00e1s de las carreras de\u00a0<strong>Tina Turner<\/strong>,\u00a0<strong>The Beatles\u00a0<\/strong>y los Righteous Brothers y cre\u00f3 una t\u00e9cnica llamada \u00abmuro de sonido\u00bb, con una orquestaci\u00f3n y apoyo de bajos exuberante y densa, que fue clave en las grabaciones de rock.<\/p>\n\n\n\n<p>Fuente: https:\/\/www.publico.es\/culturas\/fallece-phil-spector-productor-the.html<\/p>\n","protected":false},"excerpt":{"rendered":"<p>EFE\/ P\u00daBLICO Phil Spector, uno de los productores m\u00e1s aclamados de la m\u00fasica moderna y creador del \u00abmuro de sonido\u00bb, [&hellip;]<\/p>\n","protected":false},"author":1,"featured_media":3409,"comment_status":"open","ping_status":"open","sticky":false,"template":"","format":"standard","meta":{"site-sidebar-layout":"default","site-content-layout":"","ast-site-content-layout":"default","site-content-style":"default","site-sidebar-style":"default","ast-global-header-display":"","ast-banner-title-visibility":"","ast-main-header-display":"","ast-hfb-above-header-display":"","ast-hfb-below-header-display":"","ast-hfb-mobile-header-display":"","site-post-title":"","ast-breadcrumbs-content":"","ast-featured-img":"","footer-sml-layout":"","theme-transparent-header-meta":"","adv-header-id-meta":"","stick-header-meta":"","header-above-stick-meta":"","header-main-stick-meta":"","header-below-stick-meta":"","astra-migrate-meta-layouts":"default","ast-page-background-enabled":"default","ast-page-background-meta":{"desktop":{"background-color":"var(--ast-global-color-4)","background-image":"","background-repeat":"repeat","background-position":"center center","background-size":"auto","background-attachment":"scroll","background-type":"","background-media":"","overlay-type":"","overlay-color":"","overlay-opacity":"","overlay-gradient":""},"tablet":{"background-color":"","background-image":"","background-repeat":"repeat","background-position":"center center","background-size":"auto","background-attachment":"scroll","background-type":"","background-media":"","overlay-type":"","overlay-color":"","overlay-opacity":"","overlay-gradient":""},"mobile":{"background-color":"","background-image":"","background-repeat":"repeat","background-position":"center center","background-size":"auto","background-attachment":"scroll","background-type":"","background-media":"","overlay-type":"","overlay-color":"","overlay-opacity":"","overlay-gradient":""}},"ast-content-background-meta":{"desktop":{"background-color":"var(--ast-global-color-5)","background-image":"","background-repeat":"repeat","background-position":"center center","background-size":"auto","background-attachment":"scroll","background-type":"","background-media":"","overlay-type":"","overlay-color":"","overlay-opacity":"","overlay-gradient":""},"tablet":{"background-color":"var(--ast-global-color-5)","background-image":"","background-repeat":"repeat","background-position":"center center","background-size":"auto","background-attachment":"scroll","background-type":"","background-media":"","overlay-type":"","overlay-color":"","overlay-opacity":"","overlay-gradient":""},"mobile":{"background-color":"var(--ast-global-color-5)","background-image":"","background-repeat":"repeat","background-position":"center center","background-size":"auto","background-attachment":"scroll","background-type":"","background-media":"","overlay-type":"","overlay-color":"","overlay-opacity":"","overlay-gradient":""}},"footnotes":""},"categories":[8],"tags":[],"class_list":["post-3408","post","type-post","status-publish","format-standard","has-post-thumbnail","hentry","category-noticias"],"_links":{"self":[{"href":"https:\/\/losperiodistas.com.mx\/portal\/wp-json\/wp\/v2\/posts\/3408","targetHints":{"allow":["GET"]}}],"collection":[{"href":"https:\/\/losperiodistas.com.mx\/portal\/wp-json\/wp\/v2\/posts"}],"about":[{"href":"https:\/\/losperiodistas.com.mx\/portal\/wp-json\/wp\/v2\/types\/post"}],"author":[{"embeddable":true,"href":"https:\/\/losperiodistas.com.mx\/portal\/wp-json\/wp\/v2\/users\/1"}],"replies":[{"embeddable":true,"href":"https:\/\/losperiodistas.com.mx\/portal\/wp-json\/wp\/v2\/comments?post=3408"}],"version-history":[{"count":1,"href":"https:\/\/losperiodistas.com.mx\/portal\/wp-json\/wp\/v2\/posts\/3408\/revisions"}],"predecessor-version":[{"id":3410,"href":"https:\/\/losperiodistas.com.mx\/portal\/wp-json\/wp\/v2\/posts\/3408\/revisions\/3410"}],"wp:featuredmedia":[{"embeddable":true,"href":"https:\/\/losperiodistas.com.mx\/portal\/wp-json\/wp\/v2\/media\/3409"}],"wp:attachment":[{"href":"https:\/\/losperiodistas.com.mx\/portal\/wp-json\/wp\/v2\/media?parent=3408"}],"wp:term":[{"taxonomy":"category","embeddable":true,"href":"https:\/\/losperiodistas.com.mx\/portal\/wp-json\/wp\/v2\/categories?post=3408"},{"taxonomy":"post_tag","embeddable":true,"href":"https:\/\/losperiodistas.com.mx\/portal\/wp-json\/wp\/v2\/tags?post=3408"}],"curies":[{"name":"wp","href":"https:\/\/api.w.org\/{rel}","templated":true}]}}