{"id":3402,"date":"2021-01-17T10:34:23","date_gmt":"2021-01-17T16:34:23","guid":{"rendered":"http:\/\/losperiodistas.com.mx\/portal\/?p=3402"},"modified":"2021-01-17T10:34:23","modified_gmt":"2021-01-17T16:34:23","slug":"hospitalizan-al-cardenal-norberto-rivera-tras-dar-positivo-al-covid-19-aci","status":"publish","type":"post","link":"https:\/\/losperiodistas.com.mx\/portal\/hospitalizan-al-cardenal-norberto-rivera-tras-dar-positivo-al-covid-19-aci\/","title":{"rendered":"Hospitalizan al Cardenal Norberto Rivera tras dar positivo al COVID-19 | ACI"},"content":{"rendered":"\n<p class=\"has-vivid-cyan-blue-color has-text-color has-medium-font-size\">ACI PRENSA<\/p>\n\n\n\n<p>Pasadas las 11 de la noche del 16 de enero, la Arquidi\u00f3cesis Primada de M\u00e9xico inform\u00f3 que su Arzobispo Em\u00e9rito, el Cardenal Norberto Rivera, ha sido hospitalizado tras dar positivo al COVID-19.<\/p>\n\n\n\n<p>\u201cA todos los fieles y cl\u00e9rigos de la Arquidi\u00f3cesis Primada de M\u00e9xico, a los Se\u00f1ores Obispos de las Di\u00f3cesis de M\u00e9xico, reciban un saludo afectuoso en el Se\u00f1or. Por instrucci\u00f3n del Sr. Arzobispo Primado de M\u00e9xico, Carlos Cardenal Aguiar Retes, les informo que el Sr. Cardenal Norberto Rivera Carrera ha sido hospitalizado con diagn\u00f3stico de COVID-19\u201d, indic\u00f3 la Iglesia local en un comunicado publicado el 16 de enero.<\/p>\n\n\n\n<p>La informaci\u00f3n se\u00f1ala que el Purpurado \u201cest\u00e1 siendo debidamente atendido\u201d, y que \u201c\u00e9l mismo pide la oraci\u00f3n del Pueblo de Dios para hacer frente a esta situaci\u00f3n tan especial\u201d.<\/p>\n\n\n\n<p>\u201cY quienes peregrinamos en esta Arquidi\u00f3cesis de M\u00e9xico, estamos filialmente comprometidos en la plegaria por quien presidi\u00f3 esta Iglesia particular. Roguemos a Nuestra Se\u00f1ora de Guadalupe por todos los enfermos, particularmente por aquellos que se encuentran afectados en esta situaci\u00f3n de pandemia\u201d, concluye el comunicado arquidiocesano.<\/p>\n\n\n\n<p>Seg\u00fan el&nbsp;<a href=\"https:\/\/www.aciprensa.com\/noticias\/4-obispos-y-128-sacerdotes-han-muerto-a-causa-de-coronavirus-en-mexico-55214\">m\u00e1s reciente informe<\/a>&nbsp;del Centro Cat\u00f3lico Multimedial (CCM) difundido el 17 de diciembre de 2020, en M\u00e9xico han fallecido cuatro obispos y 128 sacerdotes a causa del coronavirus.<\/p>\n\n\n\n<p>Desde el inicio de la pandemia, M\u00e9xico\u00a0<a href=\"https:\/\/datos.covid-19.conacyt.mx\/\">suma 1.630.258 casos confirmados<\/a>\u00a0y 140.241 fallecidos de COVID-19. Los casos activos confirmados bordean los 95 mil y 1.212.403 millones de personas lograron recuperarse de la enfermedad. <\/p>\n\n\n\n<figure class=\"wp-block-embed-twitter wp-block-embed is-type-rich is-provider-twitter\"><div class=\"wp-block-embed__wrapper\">\n<blockquote class=\"twitter-tweet\" data-width=\"500\" data-dnt=\"true\"><p lang=\"es\" dir=\"ltr\">Que Santa Mar\u00eda de Guadalupe anime y sostenga a nuestro Arzobispo Em\u00e9rito en esta dura prueba. Acompa\u00f1\u00e9moslo con nuestras oraciones. <a href=\"https:\/\/t.co\/f2BtTfRfko\">pic.twitter.com\/f2BtTfRfko<\/a><\/p>&mdash; Arquidi\u00f3cesis Primada de M\u00e9xico (@ArquidiocesisMx) <a href=\"https:\/\/twitter.com\/ArquidiocesisMx\/status\/1350655382289436673?ref_src=twsrc%5Etfw\">January 17, 2021<\/a><\/blockquote><script async src=\"https:\/\/platform.twitter.com\/widgets.js\" charset=\"utf-8\"><\/script>\n<\/div><\/figure>\n\n\n\n<p>Fuente: https:\/\/www.aciprensa.com\/noticias\/mexico-hospitalizan-al-cardenal-norberto-rivera-tras-dar-positivo-al-covid-19-99621<\/p>\n","protected":false},"excerpt":{"rendered":"<p>ACI PRENSA Pasadas las 11 de la noche del 16 de enero, la Arquidi\u00f3cesis Primada de M\u00e9xico inform\u00f3 que su [&hellip;]<\/p>\n","protected":false},"author":1,"featured_media":3403,"comment_status":"open","ping_status":"open","sticky":false,"template":"","format":"standard","meta":{"site-sidebar-layout":"default","site-content-layout":"","ast-site-content-layout":"default","site-content-style":"default","site-sidebar-style":"default","ast-global-header-display":"","ast-banner-title-visibility":"","ast-main-header-display":"","ast-hfb-above-header-display":"","ast-hfb-below-header-display":"","ast-hfb-mobile-header-display":"","site-post-title":"","ast-breadcrumbs-content":"","ast-featured-img":"","footer-sml-layout":"","theme-transparent-header-meta":"","adv-header-id-meta":"","stick-header-meta":"","header-above-stick-meta":"","header-main-stick-meta":"","header-below-stick-meta":"","astra-migrate-meta-layouts":"default","ast-page-background-enabled":"default","ast-page-background-meta":{"desktop":{"background-color":"var(--ast-global-color-4)","background-image":"","background-repeat":"repeat","background-position":"center center","background-size":"auto","background-attachment":"scroll","background-type":"","background-media":"","overlay-type":"","overlay-color":"","overlay-opacity":"","overlay-gradient":""},"tablet":{"background-color":"","background-image":"","background-repeat":"repeat","background-position":"center center","background-size":"auto","background-attachment":"scroll","background-type":"","background-media":"","overlay-type":"","overlay-color":"","overlay-opacity":"","overlay-gradient":""},"mobile":{"background-color":"","background-image":"","background-repeat":"repeat","background-position":"center center","background-size":"auto","background-attachment":"scroll","background-type":"","background-media":"","overlay-type":"","overlay-color":"","overlay-opacity":"","overlay-gradient":""}},"ast-content-background-meta":{"desktop":{"background-color":"var(--ast-global-color-5)","background-image":"","background-repeat":"repeat","background-position":"center center","background-size":"auto","background-attachment":"scroll","background-type":"","background-media":"","overlay-type":"","overlay-color":"","overlay-opacity":"","overlay-gradient":""},"tablet":{"background-color":"var(--ast-global-color-5)","background-image":"","background-repeat":"repeat","background-position":"center center","background-size":"auto","background-attachment":"scroll","background-type":"","background-media":"","overlay-type":"","overlay-color":"","overlay-opacity":"","overlay-gradient":""},"mobile":{"background-color":"var(--ast-global-color-5)","background-image":"","background-repeat":"repeat","background-position":"center center","background-size":"auto","background-attachment":"scroll","background-type":"","background-media":"","overlay-type":"","overlay-color":"","overlay-opacity":"","overlay-gradient":""}},"footnotes":""},"categories":[8],"tags":[],"class_list":["post-3402","post","type-post","status-publish","format-standard","has-post-thumbnail","hentry","category-noticias"],"_links":{"self":[{"href":"https:\/\/losperiodistas.com.mx\/portal\/wp-json\/wp\/v2\/posts\/3402","targetHints":{"allow":["GET"]}}],"collection":[{"href":"https:\/\/losperiodistas.com.mx\/portal\/wp-json\/wp\/v2\/posts"}],"about":[{"href":"https:\/\/losperiodistas.com.mx\/portal\/wp-json\/wp\/v2\/types\/post"}],"author":[{"embeddable":true,"href":"https:\/\/losperiodistas.com.mx\/portal\/wp-json\/wp\/v2\/users\/1"}],"replies":[{"embeddable":true,"href":"https:\/\/losperiodistas.com.mx\/portal\/wp-json\/wp\/v2\/comments?post=3402"}],"version-history":[{"count":1,"href":"https:\/\/losperiodistas.com.mx\/portal\/wp-json\/wp\/v2\/posts\/3402\/revisions"}],"predecessor-version":[{"id":3404,"href":"https:\/\/losperiodistas.com.mx\/portal\/wp-json\/wp\/v2\/posts\/3402\/revisions\/3404"}],"wp:featuredmedia":[{"embeddable":true,"href":"https:\/\/losperiodistas.com.mx\/portal\/wp-json\/wp\/v2\/media\/3403"}],"wp:attachment":[{"href":"https:\/\/losperiodistas.com.mx\/portal\/wp-json\/wp\/v2\/media?parent=3402"}],"wp:term":[{"taxonomy":"category","embeddable":true,"href":"https:\/\/losperiodistas.com.mx\/portal\/wp-json\/wp\/v2\/categories?post=3402"},{"taxonomy":"post_tag","embeddable":true,"href":"https:\/\/losperiodistas.com.mx\/portal\/wp-json\/wp\/v2\/tags?post=3402"}],"curies":[{"name":"wp","href":"https:\/\/api.w.org\/{rel}","templated":true}]}}