{"id":3383,"date":"2021-01-16T10:10:31","date_gmt":"2021-01-16T16:10:31","guid":{"rendered":"http:\/\/losperiodistas.com.mx\/portal\/?p=3383"},"modified":"2021-01-16T10:10:31","modified_gmt":"2021-01-16T16:10:31","slug":"romasanta-el-afeminado-que-se-convirtio-en-el-hombre-lobo-y-asesino-en-serie-la-razon","status":"publish","type":"post","link":"https:\/\/losperiodistas.com.mx\/portal\/romasanta-el-afeminado-que-se-convirtio-en-el-hombre-lobo-y-asesino-en-serie-la-razon\/","title":{"rendered":"Romasanta, el \u201cafeminado\u201d que se convirti\u00f3 en el hombre lobo y asesino en serie | La Raz\u00f3n"},"content":{"rendered":"\n<p style=\"font-size:18px\"><em>Apenas med\u00eda un metro y cuarenta cent\u00edmetros y andaba por los montes de Galicia con un pellejo de lobo; se le acus\u00f3 de 17 asesinatos y fue finalmente indultado por la Reina Isabel II<\/em><\/p>\n\n\n\n<p class=\"has-vivid-cyan-blue-color has-text-color has-medium-font-size\">ULISES FUENTE \/ LA RAZ\u00d3N<\/p>\n\n\n\n<p>Es una de las leyendas m\u00e1s alucinantes de nuestra historia. Un caso \u00fanico de licantrop\u00eda, es decir, la mitol\u00f3gica habilidad de un hombre para convertirse en lobo, especialmente, seg\u00fan cuenta la layenda, en las noches de luna llena. Manuel Blanco Romasanta, nacido en la aldea de Regueiro (Orense, 1809) fue el primer hombre lobo espa\u00f1ol y\u00a0<strong>uno de los m\u00e1s sanguinarios asesinos en serie de nuestra historia<\/strong>. Pero su leyenda tiene una particularidad: que no fue leyenda, sino que, si bien la transformaci\u00f3n en \u201dcanis lupus\u201d s\u00ed es fantas\u00eda, Romasanta fue un asesino en serie real y muy peligroso.\u00a0<strong>Y los detalles de su historia no los tenemos por habladur\u00edas de viajes, sino por sus propias declaraciones en el juicio despu\u00e9s de ser apresado por las autoridades<\/strong>. Su caso qued\u00f3 registrado por Antonio de Torquemada, escritor del siglo XVI y secretario del conde de Benavente as\u00ed: \u201c[&#8230;] en el Reino de Galicia se hall\u00f3 un hombre el cual andaba por los montes escondido y de all\u00ed sal\u00eda a los caminos cubierto de un pellejo de lobo, y si hallaba algunos mozos peque\u00f1os desmandados, mat\u00e1bales y fart\u00e1uase de comer de ellos [&#8230;]\u201d, como puede consultarse a trav\u00e9s de la web de la Real Academia de la Historia (RAH).<\/p>\n\n\n\n<p>Su caso fue especial en todos los sentidos. En primer lugar, porque naci\u00f3 blanco y rubio y la familia pens\u00f3 que era una ni\u00f1a: fue llamado, de hecho, Manuela, hasta que cumpli\u00f3 8 a\u00f1os.&nbsp;<strong>Tiempo despu\u00e9s se ha llegado a la conclusi\u00f3n de que en realidad era hermafrodita, es decir, que ten\u00eda \u00f3rganos sexuales femeninos, pero su cuerpo generaba gran cantidad de hormonas masculinas, lo que explicaba su agresividad<\/strong>&nbsp;y su permanente agitaci\u00f3n. Pero este diagn\u00f3stico nunca pudo haberse realizado en los tiempos en que vivi\u00f3 y en cambio s\u00ed que se le atribuy\u00f3 oficialmente la licantrop\u00eda cl\u00ednica por los forenses. El caso es que Manuel, como al final se qued\u00f3, no era muy agraciado:&nbsp;<strong>med\u00eda apenas un metro y cuarenta cent\u00edmetros y ten\u00eda poco pelo<\/strong>, pero a pesar de ello, y quiz\u00e1 por los rumores en el pueblo sobre su nacimiento como ni\u00f1a, \u201cseg\u00fan sus vecinos era algo afeminado, por lo que serv\u00eda para trabajos de ambos sexos\u201d, como recoge Fernando G\u00f3mez del Val en un art\u00edculo en la RAH.<\/p>\n\n\n\n<h3 class=\"wp-block-heading\"><strong>La primera v\u00edctima<\/strong><\/h3>\n\n\n\n<p>Se sabe que aprendi\u00f3, con escaso \u00e9xito \u2014no por falta de aptitudes\u2014 diversos oficios: cordelero, tejedor, cocinero, sastre, entre otros, acabando por hacerse tendero, m\u00e1s exactamente buhonero.<strong>&nbsp;Manuel sab\u00eda leer, cosa infrecuente en los tiempos, y contrajo matrimonio en 1831<\/strong>&nbsp;con Francisca G\u00f3mez V\u00e1zquez. Solo tres a\u00f1os despu\u00e9s, viudo y sin hijos, se dedic\u00f3 a su oficio de buhonero (vendedor ambulante de baratijas) a recorrer las tierras de Galicia, Portugal, Le\u00f3n, Asturias e incluso Cantabria. Compraba pa\u00f1os y manteca aqu\u00ed y los vend\u00eda all\u00e1. Hasta que un d\u00eda 21 de agosto de 1843, el alguacil de Le\u00f3n, de nombre Vicente Fern\u00e1ndez, sali\u00f3 a su encuentro para embargarle el g\u00e9nero, ya que deb\u00eda a un comerciante local seiscientos reales. El alguacil despareci\u00f3, hasta el d\u00eda 25,&nbsp;<strong>en que fue hallado su cuerpo descuartizado cerca de Pardav\u00e9 (Le\u00f3n)<\/strong>. Aunque se hall\u00f3 la prueba de un recibo por el cual Manuel o sus hermanos hab\u00edan satisfecho la deuda, como algunos testigos declararon haberles visto juntos por \u00faltima vez, el 10 de octubre de 1844 el juzgado de Ponferrada&nbsp;<strong>condenaba a Manuel a diez a\u00f1os de presidio<\/strong>.<\/p>\n\n\n\n<figure class=\"wp-block-image\"><img decoding=\"async\" src=\"https:\/\/www.larazon.es\/resizer\/n4BFL9Q3NrYto8STBlvSw62rTwo=\/840x0\/smart\/filters:format(jpg)\/cloudfront-eu-central-1.images.arcpublishing.com\/larazon\/7KLKECL5ORCJ5LVOXLG32JZUTM.png\" alt=\"Grabado de Lucas Carnach &quot;El viejo&quot; realizado en 1512 que muestra c\u00f3mo se cre\u00eda que actuaba un hombre-lobo\"\/><figcaption>Grabado de Lucas Carnach \u00abEl viejo\u00bb realizado en 1512 que muestra c\u00f3mo se cre\u00eda que actuaba un hombre-loboLUCAS CARNACH \u00abEL VIEJO\u00bb<\/figcaption><\/figure>\n\n\n\n<p>Sin embargo, Romasanta se hallaba en paradero desconocido y fue declarado en rebeld\u00eda. Se ocult\u00f3 en Rebordechao (Villar de Barrio, Orense), donde&nbsp;<strong>mostr\u00f3 siempre su cara m\u00e1s amable, su ejemplar comportamiento y simpat\u00eda.<\/strong>&nbsp;Sin embargo, como se supo despu\u00e9s, fue el responsable de nada menos que el asesinato de nueve personas, adultos y ni\u00f1os de dos familias.&nbsp;<strong>Su \u201cmodus operandi\u201d era el mismo<\/strong>: se ofrec\u00eda a ayudar a quienes quisieran emigrar del campo a la ciudad, explicando que ten\u00eda contactos en Santander y otros lugares y facilitando direcciones y contactos. Sin embargo, al poco de iniciar la marcha con los emigrantes, Romasanta comet\u00eda el crimen (casi siempre mediante mordiscos y asfixia) y robaba las escasas pero las m\u00e1s valiosas pertenencias de las gentes que dejaban atr\u00e1s el pueblo. Cuando la falta de noticias de los emigrados extra\u00f1aba a sus parientes,&nbsp;<strong>Romasanta se inventaba historias y cartas falsas aprovechando que muchos no sab\u00edan leer ni escribir.<\/strong><\/p>\n\n\n\n<h3 class=\"wp-block-heading\"><strong>Vend\u00eda la grasa de los muertos<\/strong><\/h3>\n\n\n\n<p>En 1846 una vecina suya, Manuela, de 47 a\u00f1os separada y con una hija, vendi\u00f3 sus escasas pertenencias y march\u00f3 a Santander en busca de trabajo junto a Romasanta.<strong>\u00a0Fueron sus primeras v\u00edctimas.\u00a0<\/strong>Cuando regres\u00f3 semanas despu\u00e9s, tranquiliz\u00f3 a las hermanas, a las que ofreci\u00f3 un buen puesto junto a ella. Tampoco volvi\u00f3 a saberse nada ni de ellas, ni de sus hijos que las acompa\u00f1aron.<strong>\u00a0M\u00e1s vecinos emigraban para nunca m\u00e1s saberse de ellos.<\/strong>\u00a0A partir de 1871, los rumores se dispararon en el pueblo. \u201cSe dec\u00eda que Manuel vend\u00eda en Portugal un producto grasiento, una especie de medicina popular, a buen precio,\u00a0<strong>y no tardaron las murmuraciones en apodarle \u2019&#8217;O home de unto\u2019&#8217; o \u2019&#8217;Sacamantecas\u2019&#8217;,<\/strong>\u00a0empez\u00e1ndose a sospechar que hab\u00eda asesinado a los desaparecidos y vendido su grasa en el pa\u00eds vecino. Por si fuera poco, amigos de las v\u00edctimas reconocieron algunas de sus prendas en una mujer de la comarca, que interrogada admiti\u00f3 haberlas comprado al enigm\u00e1tico personaje\u201d, se recoge en la base de datos de la RAH.<\/p>\n\n\n\n<p>Oliendo las sospechas, Romasanta huy\u00f3 nada menos que hasta Nombela (Toledo), donde estuvo oculto hasta 1852 trabajando en la siega de campos, con identidad falsa. Hasta que dos vecinos de Ver\u00edn (Orense) que estaban faenando por all\u00ed, le reconocieron y avisaron a la Guardia Civil.&nbsp;<strong>Romasanta confes\u00f3 enseguida y con total serenidad haber dado muerte a los desaparecidas cuando, dec\u00eda, \u201csin poderlo evitar, me transformaba en lobo\u201d<\/strong>. Las investigaciones comenzaron en Galicia y, tras un rastreo, hallaron restos humanos. La prensa de la \u00e9poca informaba de los detalles y gener\u00f3 no pocas pol\u00e9micas. Los detalles del proceso \u2014que dur\u00f3 desde septiembre de 1852 hasta abril de 1853\u2014 est\u00e1n recogidos en la \u201ccausa 1788 contra el Hombre-Lobo\u201d, que consta de m\u00e1s de dos mil p\u00e1ginas, divididas en cuatro piezas, dos rollos y un extracto, actualmente en el Archivo Hist\u00f3rico del Reino de Galicia, en La Coru\u00f1a.<\/p>\n\n\n\n<h3 class=\"wp-block-heading\"><strong>La transformaci\u00f3n<\/strong><\/h3>\n\n\n\n<p>Seis facultativos analizaron la salud mental del detenido, que aseguraba ser v\u00edctima de una maldici\u00f3n que le convert\u00eda en \u201chombre-lobo\u201d, que se trataba de \u201cun ser perverso, un criminal sin moral que mataba para enriquecerse\u201d. En el juicio,\u00a0<strong>Romasanta dijo que una bruja le lanz\u00f3 un hechizo. \u201cPero la maldici\u00f3n duraba 13 a\u00f1os y la semana pasada se cumpli\u00f3\u201d, explic\u00f3 al fiscal<\/strong>. \u201cLa primera vez que me transform\u00e9 fue en la monta\u00f1a de Couso. Me encontr\u00e9 con dos lobos grandes con aspecto feroz. De pronto, me ca\u00ed al suelo, comenc\u00e9 a sentir convulsiones, me revolqu\u00e9 tres veces sin control y a los pocos segundos yo mismo era un lobo. Estuve cinco d\u00edas merodeando con los otros dos, hasta que volv\u00ed a recuperar mi mi cuerpo. El que usted ve ahora, se\u00f1or juez\u201d, declar\u00f3 en la sala. \u201cLos otros dos lobos ven\u00edan conmigo, que yo cre\u00eda que tambi\u00e9n eran lobos, cambiaron a forma humana. Eran dos valencianos. Uno se llamaba Antonio y el otro don Genaro. Y tambi\u00e9n sufr\u00edan una maldici\u00f3n como la m\u00eda.\u00a0<strong>Durante mucho tiempo sal\u00ed como lobo con Antonio y don Genaro. Atacamos y nos comimos a varias personas porque ten\u00edamos hambre\u201d<\/strong>, dijo sin poder evitar la conmoci\u00f3n de los presentes.<\/p>\n\n\n\n<p>Obviamente, sus historias no convencieron al juez. \u201cEl 6 de abril de 1853, el juzgado de Allariz dictaba contra \u00e9l la pena capital por garrote vil, como autor de los asesinatos de Manuela, Benita y Josefa Garc\u00eda Blanco y los de Antonia R\u00faa y sus respectivos hijos, nueve en total; otros cuatro cr\u00edmenes no pudieron prob\u00e1rsele. El defensor, Mariano Garr\u00e1n, no obstante, insisti\u00f3 en la locura del buhonero, en la imprecisi\u00f3n de las pruebas y en que ni siquiera estaban bien identificados los restos hallados\u201d. Los 17 asesinatos imputados quedaron reducidos a nueve, y el tribunal conmut\u00f3 la pena de muerte por la cadena perpetua. El fiscal apel\u00f3 y la nueva vista qued\u00f3 fijada para el jueves 23 de marzo de 1854, rectificando el tribunal su fallo y confirmando el de Allariz la pena de muerte.&nbsp;<strong>Finalmente, la reina Isabel II conmutaba el garrote por la cadena perpetua.<\/strong><\/p>\n\n\n\n<p>Al parecer,\u00a0<strong>una carta remitida al tribunal por un tal profesor Phillips<\/strong>, experto en electrobiolog\u00eda (hoy hipnotismo), explicaba el \u201cproceso obsesivo licantr\u00f3pico\u201d, que, a su juicio, era \u201cproducto de una educaci\u00f3n supersticiosa cultivada en el ambiente m\u00e1gico rural en que vivi\u00f3 y agudizado por su creencia en la citada maldici\u00f3n familiar\u201d.\u00a0<strong>Aparentemente, la carta fue un subterfugio del abogado defensor de Romasanta que suplant\u00f3 a un supuesto cient\u00edfico<\/strong>. El rastro del lic\u00e1ntropo se perdi\u00f3 en el penal de Allariz. La versi\u00f3n oficial asegura que falleci\u00f3 de muerte natural al poco de ingresar en la prisi\u00f3n, pero las leyendas se dispararon.\u00a0<strong>Alguna aseguraba que se escap\u00f3 transformado en animal y que volv\u00eda a esconderse en los bosques.<\/strong><\/p>\n\n\n\n<p>Fuente: https:\/\/www.larazon.es\/cultura\/20210116\/ca2k44runjcx3a6jsbmju2kbam.html<\/p>\n","protected":false},"excerpt":{"rendered":"<p>Apenas med\u00eda un metro y cuarenta cent\u00edmetros y andaba por los montes de Galicia con un pellejo de lobo; se [&hellip;]<\/p>\n","protected":false},"author":1,"featured_media":3384,"comment_status":"open","ping_status":"open","sticky":false,"template":"","format":"standard","meta":{"site-sidebar-layout":"default","site-content-layout":"","ast-site-content-layout":"default","site-content-style":"default","site-sidebar-style":"default","ast-global-header-display":"","ast-banner-title-visibility":"","ast-main-header-display":"","ast-hfb-above-header-display":"","ast-hfb-below-header-display":"","ast-hfb-mobile-header-display":"","site-post-title":"","ast-breadcrumbs-content":"","ast-featured-img":"","footer-sml-layout":"","theme-transparent-header-meta":"","adv-header-id-meta":"","stick-header-meta":"","header-above-stick-meta":"","header-main-stick-meta":"","header-below-stick-meta":"","astra-migrate-meta-layouts":"default","ast-page-background-enabled":"default","ast-page-background-meta":{"desktop":{"background-color":"var(--ast-global-color-4)","background-image":"","background-repeat":"repeat","background-position":"center center","background-size":"auto","background-attachment":"scroll","background-type":"","background-media":"","overlay-type":"","overlay-color":"","overlay-opacity":"","overlay-gradient":""},"tablet":{"background-color":"","background-image":"","background-repeat":"repeat","background-position":"center center","background-size":"auto","background-attachment":"scroll","background-type":"","background-media":"","overlay-type":"","overlay-color":"","overlay-opacity":"","overlay-gradient":""},"mobile":{"background-color":"","background-image":"","background-repeat":"repeat","background-position":"center center","background-size":"auto","background-attachment":"scroll","background-type":"","background-media":"","overlay-type":"","overlay-color":"","overlay-opacity":"","overlay-gradient":""}},"ast-content-background-meta":{"desktop":{"background-color":"var(--ast-global-color-5)","background-image":"","background-repeat":"repeat","background-position":"center center","background-size":"auto","background-attachment":"scroll","background-type":"","background-media":"","overlay-type":"","overlay-color":"","overlay-opacity":"","overlay-gradient":""},"tablet":{"background-color":"var(--ast-global-color-5)","background-image":"","background-repeat":"repeat","background-position":"center center","background-size":"auto","background-attachment":"scroll","background-type":"","background-media":"","overlay-type":"","overlay-color":"","overlay-opacity":"","overlay-gradient":""},"mobile":{"background-color":"var(--ast-global-color-5)","background-image":"","background-repeat":"repeat","background-position":"center center","background-size":"auto","background-attachment":"scroll","background-type":"","background-media":"","overlay-type":"","overlay-color":"","overlay-opacity":"","overlay-gradient":""}},"footnotes":""},"categories":[8],"tags":[],"class_list":["post-3383","post","type-post","status-publish","format-standard","has-post-thumbnail","hentry","category-noticias"],"_links":{"self":[{"href":"https:\/\/losperiodistas.com.mx\/portal\/wp-json\/wp\/v2\/posts\/3383","targetHints":{"allow":["GET"]}}],"collection":[{"href":"https:\/\/losperiodistas.com.mx\/portal\/wp-json\/wp\/v2\/posts"}],"about":[{"href":"https:\/\/losperiodistas.com.mx\/portal\/wp-json\/wp\/v2\/types\/post"}],"author":[{"embeddable":true,"href":"https:\/\/losperiodistas.com.mx\/portal\/wp-json\/wp\/v2\/users\/1"}],"replies":[{"embeddable":true,"href":"https:\/\/losperiodistas.com.mx\/portal\/wp-json\/wp\/v2\/comments?post=3383"}],"version-history":[{"count":1,"href":"https:\/\/losperiodistas.com.mx\/portal\/wp-json\/wp\/v2\/posts\/3383\/revisions"}],"predecessor-version":[{"id":3385,"href":"https:\/\/losperiodistas.com.mx\/portal\/wp-json\/wp\/v2\/posts\/3383\/revisions\/3385"}],"wp:featuredmedia":[{"embeddable":true,"href":"https:\/\/losperiodistas.com.mx\/portal\/wp-json\/wp\/v2\/media\/3384"}],"wp:attachment":[{"href":"https:\/\/losperiodistas.com.mx\/portal\/wp-json\/wp\/v2\/media?parent=3383"}],"wp:term":[{"taxonomy":"category","embeddable":true,"href":"https:\/\/losperiodistas.com.mx\/portal\/wp-json\/wp\/v2\/categories?post=3383"},{"taxonomy":"post_tag","embeddable":true,"href":"https:\/\/losperiodistas.com.mx\/portal\/wp-json\/wp\/v2\/tags?post=3383"}],"curies":[{"name":"wp","href":"https:\/\/api.w.org\/{rel}","templated":true}]}}