{"id":3376,"date":"2021-01-16T09:17:24","date_gmt":"2021-01-16T15:17:24","guid":{"rendered":"http:\/\/losperiodistas.com.mx\/portal\/?p=3376"},"modified":"2021-01-16T09:17:24","modified_gmt":"2021-01-16T15:17:24","slug":"ine-ordena-a-lopez-obrador-abstenerse-de-hablar-sobre-asuntos-electorales-infobae","status":"publish","type":"post","link":"https:\/\/losperiodistas.com.mx\/portal\/ine-ordena-a-lopez-obrador-abstenerse-de-hablar-sobre-asuntos-electorales-infobae\/","title":{"rendered":"INE ordena a L\u00f3pez Obrador abstenerse de hablar sobre asuntos electorales | Infobae"},"content":{"rendered":"\n<p style=\"font-size:18px\"><em>De esta manera, AMLO no podr\u00e1 tocar este tipo de temas en ning\u00fan acto p\u00fablico, lo que incluir\u00eda la conferencia matutina<\/em><\/p>\n\n\n\n<p class=\"has-vivid-cyan-blue-color has-text-color has-medium-font-size\">INFOBAE<\/p>\n\n\n\n<p>El<strong>&nbsp;Instituto Nacional Electoral&nbsp;<\/strong>(INE) orden\u00f3 que ni el Presidente ni representantes de otros poderes ejecutivos toquen temas de tipo electoral en actos p\u00fablicos.<\/p>\n\n\n\n<p>As\u00ed lo dio a conocer el propio instituto a trav\u00e9s de sus redes sociales luego de sostener un debate entre su consejo durante m\u00e1s de tres horas.<\/p>\n\n\n\n<p><mark><strong>\u201cEl Consejo General del INE orden\u00f3 al Presidente de la Rep\u00fablica y a las y los titulares de los poderes ejecutivos en las entidades, que se abstengan de pronunciarse en materia electoral para no transgredir los principios de imparcialidad y neutralidad en la contienda\u201d<\/strong><\/mark>, se public\u00f3 esta nota en la cuenta de Twitter de la instituci\u00f3n.<\/p>\n\n\n\n<p><strong>Para la aprobaci\u00f3n del acuerdo hubo nueve votos a favor y dos en contra, los de los consejeros Norma de la Cruz y Roberto Ruiz.<\/strong><\/p>\n\n\n\n<p>Seg\u00fan el acuerdo, \u201cse considera necesario, justificado y urgente dictar medidas cautelares con la<mark><strong>&nbsp;finalidad de inhibir conductas como la denunciada, por lo que se ordena al Presidente de M\u00e9xico, Andr\u00e9s Manuel L\u00f3pez Obrador, se abstenga de continuar realizando manifestaciones de naturaleza electoral\u201d.<\/strong><\/mark><img fetchpriority=\"high\" decoding=\"async\" alt=\"infobae-image\" height=\"442\" src=\"https:\/\/www.infobae.com\/new-resizer\/SKNgkHfH_ZhbQZqFTV5dWl1QZAM=\/420x280\/filters:format(jpg):quality(85)\/\/cloudfront-us-east-1.images.arcpublishing.com\/infobae\/BJ6ZP6GXNBFUFIVSPCIZ46NTGI.jpg\" width=\"630\"><\/p>\n\n\n\n<p>Adem\u00e1s, en caso de que alguno de los funcionarios vaya en contra de la disposici\u00f3n del INE, esto \u201cimplicar\u00eda una posible trasgresi\u00f3n a los principios de imparcialidad y neutralidad contenidos en el art\u00edculo 134 constitucional\u201d.<\/p>\n\n\n\n<p>\u201cEste proyecto es congruente con la actitud independiente con la que el organismo se ha desempe\u00f1ado a lo largo de su historia\u201d, se\u00f1al\u00f3 Lorenzo C\u00f3rdova, Consejero Presidente del INE. \u201c<strong>Busca que lo que nos ocurri\u00f3 en 2006 y que provoc\u00f3 una profunda reforma electoral en 2007 nunca m\u00e1s nos vuelva a pasar\u201d.<\/strong><\/p>\n\n\n\n<p><mark><strong>La pol\u00e9mica<\/strong><\/mark><\/p>\n\n\n\n<p>Hace unos d\u00edas caus\u00f3 gran revuelo la postura del INE respecto de las conferencias matutinas, tambi\u00e9n conocidas como \u201clas ma\u00f1aneras\u201d, de L\u00f3pez Obrador, pues C\u00f3rdova ya hab\u00eda mostrado su intenci\u00f3n de limitar su exposici\u00f3n en \u00e9poca electoral.<\/p>\n\n\n\n<p>\u201cAnte la desinformaci\u00f3n que se ha difundido sobre la transmisi\u00f3n de las conferencias ma\u00f1aneras del presidente Andr\u00e9s Manuel L\u00f3pez Obrador, hay que aclarar a la opini\u00f3n p\u00fablica que nadie ha propuesto suspenderlas o cancelarlas.<strong>&nbsp;Los criterios vigentes que se han aplicado los dos \u00faltimos a\u00f1os establecen que, durante las campa\u00f1as electorales, se deben suspender la transmisi\u00f3n \u00edntegra de esas conferencias, al considerarse que, al realizarse en ellas una promoci\u00f3n de los logros de gobierno, constituyen propaganda gubernamental,&nbsp;<\/strong>cuya difusi\u00f3n est\u00e1 prohibida durante las campa\u00f1as por nuestra Constituci\u00f3n\u201d, declar\u00f3 el funcionario.<img decoding=\"async\" alt=\"L\u00f3pez Obrado no est\u00e1 de acuerdo con la postura del INE \/Cuartoscuro)\" height=\"3838\" src=\"https:\/\/www.infobae.com\/new-resizer\/TGAYLt0hSwIo5Bx73Yy_68F2_zM=\/420x280\/filters:format(jpg):quality(85)\/\/cloudfront-us-east-1.images.arcpublishing.com\/infobae\/IGAGD7DWZZGJTK4EEXIY2CHES4.jpeg\" width=\"5756\">L\u00f3pez Obrado no est\u00e1 de acuerdo con la postura del INE \/Cuartoscuro)<\/p>\n\n\n\n<p>Sin embargo, el presidente de M\u00e9xico tuvo una postura muy distinta. En su conferencia del 12 de enero expres\u00f3: \u201cComo ya est\u00e1 de moda a nivel mundial la censura, ya nos quiere limitar. \u00bfC\u00f3mo nos van a quitar el derecho de expresi\u00f3n, de manifestaci\u00f3n?&nbsp;<strong>\u00bfC\u00f3mo le quitan al pueblo el derecho de manifestaci\u00f3n?\u201d.<\/strong><\/p>\n\n\n\n<p>Adelant\u00f3 que en dado caso que el INE ordene cancelar la transmisi\u00f3n de sus conferencias,&nbsp;<strong>acudir\u00e1 a las instancias judiciales, porque ser\u00eda un acto de censura. Adem\u00e1s convoc\u00f3 a los mexicanos que expresen su opini\u00f3n&nbsp;<\/strong>sobre si consideran es legal esta petici\u00f3n, \u201csi est\u00e1 bien que en M\u00e9xico, no pueda hablar el presidente\u201d.<\/p>\n\n\n\n<p>Al d\u00eda siguiente volvi\u00f3 a tocar el tema.\u00a0<strong>\u201cYo lo \u00fanico que puedo comentar es que no debe de confundirse propaganda con informaci\u00f3n.<\/strong>\u00a0\u00bfQu\u00e9 es propaganda? El que yo est\u00e9 llamando a votar por un partido de manera directa o simulada. \u00bfCu\u00e1l es la palabra? Subliminal. No, nosotros no vamos a hacer eso, nunca lo hemos hecho, ser\u00eda ir en contra de nuestros principios, contra eso luchamos durante mucho tiempo, eso que no vio el director del INE, porque se hac\u00eda de la vista gorda, que hac\u00edan los gobiernos anteriores, hasta el pasado gobierno.\u201d.<\/p>\n\n\n\n<p>Fuente: https:\/\/www.infobae.com\/america\/mexico\/2021\/01\/16\/ine-ordena-al-presidente-absternerse-de-hablar-sobre-asuntos-electorales\/<\/p>\n","protected":false},"excerpt":{"rendered":"<p>De esta manera, AMLO no podr\u00e1 tocar este tipo de temas en ning\u00fan acto p\u00fablico, lo que incluir\u00eda la conferencia [&hellip;]<\/p>\n","protected":false},"author":1,"featured_media":3377,"comment_status":"open","ping_status":"open","sticky":false,"template":"","format":"standard","meta":{"site-sidebar-layout":"default","site-content-layout":"","ast-site-content-layout":"default","site-content-style":"default","site-sidebar-style":"default","ast-global-header-display":"","ast-banner-title-visibility":"","ast-main-header-display":"","ast-hfb-above-header-display":"","ast-hfb-below-header-display":"","ast-hfb-mobile-header-display":"","site-post-title":"","ast-breadcrumbs-content":"","ast-featured-img":"","footer-sml-layout":"","theme-transparent-header-meta":"","adv-header-id-meta":"","stick-header-meta":"","header-above-stick-meta":"","header-main-stick-meta":"","header-below-stick-meta":"","astra-migrate-meta-layouts":"default","ast-page-background-enabled":"default","ast-page-background-meta":{"desktop":{"background-color":"var(--ast-global-color-4)","background-image":"","background-repeat":"repeat","background-position":"center center","background-size":"auto","background-attachment":"scroll","background-type":"","background-media":"","overlay-type":"","overlay-color":"","overlay-opacity":"","overlay-gradient":""},"tablet":{"background-color":"","background-image":"","background-repeat":"repeat","background-position":"center center","background-size":"auto","background-attachment":"scroll","background-type":"","background-media":"","overlay-type":"","overlay-color":"","overlay-opacity":"","overlay-gradient":""},"mobile":{"background-color":"","background-image":"","background-repeat":"repeat","background-position":"center center","background-size":"auto","background-attachment":"scroll","background-type":"","background-media":"","overlay-type":"","overlay-color":"","overlay-opacity":"","overlay-gradient":""}},"ast-content-background-meta":{"desktop":{"background-color":"var(--ast-global-color-5)","background-image":"","background-repeat":"repeat","background-position":"center center","background-size":"auto","background-attachment":"scroll","background-type":"","background-media":"","overlay-type":"","overlay-color":"","overlay-opacity":"","overlay-gradient":""},"tablet":{"background-color":"var(--ast-global-color-5)","background-image":"","background-repeat":"repeat","background-position":"center center","background-size":"auto","background-attachment":"scroll","background-type":"","background-media":"","overlay-type":"","overlay-color":"","overlay-opacity":"","overlay-gradient":""},"mobile":{"background-color":"var(--ast-global-color-5)","background-image":"","background-repeat":"repeat","background-position":"center center","background-size":"auto","background-attachment":"scroll","background-type":"","background-media":"","overlay-type":"","overlay-color":"","overlay-opacity":"","overlay-gradient":""}},"footnotes":""},"categories":[8],"tags":[],"class_list":["post-3376","post","type-post","status-publish","format-standard","has-post-thumbnail","hentry","category-noticias"],"_links":{"self":[{"href":"https:\/\/losperiodistas.com.mx\/portal\/wp-json\/wp\/v2\/posts\/3376","targetHints":{"allow":["GET"]}}],"collection":[{"href":"https:\/\/losperiodistas.com.mx\/portal\/wp-json\/wp\/v2\/posts"}],"about":[{"href":"https:\/\/losperiodistas.com.mx\/portal\/wp-json\/wp\/v2\/types\/post"}],"author":[{"embeddable":true,"href":"https:\/\/losperiodistas.com.mx\/portal\/wp-json\/wp\/v2\/users\/1"}],"replies":[{"embeddable":true,"href":"https:\/\/losperiodistas.com.mx\/portal\/wp-json\/wp\/v2\/comments?post=3376"}],"version-history":[{"count":1,"href":"https:\/\/losperiodistas.com.mx\/portal\/wp-json\/wp\/v2\/posts\/3376\/revisions"}],"predecessor-version":[{"id":3378,"href":"https:\/\/losperiodistas.com.mx\/portal\/wp-json\/wp\/v2\/posts\/3376\/revisions\/3378"}],"wp:featuredmedia":[{"embeddable":true,"href":"https:\/\/losperiodistas.com.mx\/portal\/wp-json\/wp\/v2\/media\/3377"}],"wp:attachment":[{"href":"https:\/\/losperiodistas.com.mx\/portal\/wp-json\/wp\/v2\/media?parent=3376"}],"wp:term":[{"taxonomy":"category","embeddable":true,"href":"https:\/\/losperiodistas.com.mx\/portal\/wp-json\/wp\/v2\/categories?post=3376"},{"taxonomy":"post_tag","embeddable":true,"href":"https:\/\/losperiodistas.com.mx\/portal\/wp-json\/wp\/v2\/tags?post=3376"}],"curies":[{"name":"wp","href":"https:\/\/api.w.org\/{rel}","templated":true}]}}