{"id":3373,"date":"2021-01-14T12:13:00","date_gmt":"2021-01-14T18:13:00","guid":{"rendered":"http:\/\/losperiodistas.com.mx\/portal\/?p=3373"},"modified":"2021-01-16T09:13:26","modified_gmt":"2021-01-16T15:13:26","slug":"la-primera-limpia","status":"publish","type":"post","link":"https:\/\/losperiodistas.com.mx\/portal\/la-primera-limpia\/","title":{"rendered":"La primera limpia"},"content":{"rendered":"\n<p class=\"has-vivid-cyan-blue-color has-text-color\" style=\"font-size:26px\"><em>Por Jes\u00fas Manuel Hern\u00e1ndez<\/em><\/p>\n\n\n\n<p>Diciembre fue un mes especial para los amantes de la gastronom\u00eda, la variedad y cantidad de alimentos y bebidas constituyeron una especial inyecci\u00f3n de grasas, alcohol, az\u00facares y un etc\u00e9tera que se prolonga hasta la primera semana de enero con la llamada Rosca de Reyes y en algunos casos hasta el 2 de febrero cuando aparecen los primeros tamales del a\u00f1o.<\/p>\n\n\n\n<p>Zalaca\u00edn hab\u00eda tenido por costumbre en el pasado un ejercicio de limpieza del organismo luego de los excesos de ingesta de alimentos. Acostumbrado a controlar muy bien su alimentaci\u00f3n y m\u00e1s la bebidas, no escapaba en algunas ocasiones a los convites y compromisos sociales y familiares.<\/p>\n\n\n\n<p>En diciembre por ejemplo se abr\u00eda un espacio para los turrones, los dulces confitados y alg\u00fan pastel de frutas, de esos cl\u00e1sicos en Europa, elaborado meses antes y humedecido semanalmente con un chorro de whisky.<\/p>\n\n\n\n<p>Pero la pandemia ha hecho estragos en el abasto de muchos alimentos tradicionales, por suerte los chilpotles poblanos o oaxaque\u00f1os, rellenos de queso fresco, a\u00f1ejo, sardinas o bacalao, capeados siempre, no faltaban.<\/p>\n\n\n\n<p>El socorrido y a\u00f1orado bacalao tampoco, y sus formas de preparaci\u00f3n no constituyen agresi\u00f3n alguna a la salud, por el contrario, el \u201cGadus morhua\u201d noruego es bajo en grasa \u201cmala\u201d y rico en Omega 3, con lo cual el colesterol encuentra en su ingesta a un importante enemigo.<\/p>\n\n\n\n<p>Zalaca\u00edn ten\u00eda por costumbre cuando lo hab\u00eda, comer bacalao diario en diversas formas, muchas relatadas ya ante sus amigos en tiempos pasados.<\/p>\n\n\n\n<p>Las ensaladas, como la de j\u00edcama y betabel, o los tejocotes en alm\u00edbar, los romeritos, las tortitas de camar\u00f3n seco en mole, etc\u00e9tera, no eran peligro, siempre y cuando no fueran consumidos en exceso.<\/p>\n\n\n\n<p>Pero los brindis, las celebraciones a sana distancia siempre animaban a beber y comer un poco m\u00e1s de todo.<\/p>\n\n\n\n<p>Para Zalaca\u00edn la \u00faltima ingesta fuerte era la Rosca de Reyes, la buscaba afanosamente en forma redonda, como era antes y no el\u00edptica, como suelen hacerla las panader\u00edas comerciales para aprovechar el espacio del horno y aumentar su tama\u00f1o, as\u00ed se obtienen m\u00e1s ganancias.<\/p>\n\n\n\n<p>Un buen trozo de rosca acompa\u00f1ado de chocolate espeso, muy espeso, m\u00e1s que un atole, era irresistible.<\/p>\n\n\n\n<p>Por eso, desde el primer d\u00eda del a\u00f1o la costumbre de Zalaca\u00edn era cortar los alimentos peligrosos para la salud, disminuir las cantidades, y alentar el consumo de verduras, a veces frescas otras hervidas. Destacaba su gusto por una menestra con caldo de cordero, cuya receta alg\u00fan d\u00eda revelar\u00eda.<\/p>\n\n\n\n<p>Ten\u00eda Zalaca\u00edn por norma cuidar las comidas por los menos todo el mes de enero, a veces se aguantaba hasta mediados de febrero y con ello el cintur\u00f3n cerraba en el agujero pre decembrino y la ropa, de invierno, le quedaba bien. Esa era sin duda la mejor indicaci\u00f3n.<\/p>\n\n\n\n<p>Pronto aparecer\u00edan en los mercados poblanos las primeras legumbres, hortalizas y verduras del a\u00f1o, se colar\u00edan los huazontles, los nopales, quiz\u00e1 algunos quintoniles acompa\u00f1ados de un poco de garbanzos constituyeran uno de los primeros platos de cuchara, pero esa, esa es otra historia.<\/p>\n\n\n\n<p>elrincondezalacain@gmail.com<\/p>\n\n\n\n<p>Video: <\/p>\n\n\n\n<figure class=\"wp-block-embed-youtube wp-block-embed is-type-video is-provider-youtube wp-embed-aspect-16-9 wp-has-aspect-ratio\"><div class=\"wp-block-embed__wrapper\">\n<iframe title=\"La primera limpia\" width=\"500\" height=\"281\" src=\"https:\/\/www.youtube.com\/embed\/duBKcYOipkY?feature=oembed\" frameborder=\"0\" allow=\"accelerometer; autoplay; clipboard-write; encrypted-media; gyroscope; picture-in-picture; web-share\" referrerpolicy=\"strict-origin-when-cross-origin\" allowfullscreen><\/iframe>\n<\/div><\/figure>\n","protected":false},"excerpt":{"rendered":"<p>Por Jes\u00fas Manuel Hern\u00e1ndez Diciembre fue un mes especial para los amantes de la gastronom\u00eda, la variedad y cantidad de [&hellip;]<\/p>\n","protected":false},"author":1,"featured_media":3374,"comment_status":"open","ping_status":"open","sticky":false,"template":"","format":"standard","meta":{"site-sidebar-layout":"default","site-content-layout":"","ast-site-content-layout":"default","site-content-style":"default","site-sidebar-style":"default","ast-global-header-display":"","ast-banner-title-visibility":"","ast-main-header-display":"","ast-hfb-above-header-display":"","ast-hfb-below-header-display":"","ast-hfb-mobile-header-display":"","site-post-title":"","ast-breadcrumbs-content":"","ast-featured-img":"","footer-sml-layout":"","theme-transparent-header-meta":"","adv-header-id-meta":"","stick-header-meta":"","header-above-stick-meta":"","header-main-stick-meta":"","header-below-stick-meta":"","astra-migrate-meta-layouts":"default","ast-page-background-enabled":"default","ast-page-background-meta":{"desktop":{"background-color":"var(--ast-global-color-4)","background-image":"","background-repeat":"repeat","background-position":"center center","background-size":"auto","background-attachment":"scroll","background-type":"","background-media":"","overlay-type":"","overlay-color":"","overlay-opacity":"","overlay-gradient":""},"tablet":{"background-color":"","background-image":"","background-repeat":"repeat","background-position":"center center","background-size":"auto","background-attachment":"scroll","background-type":"","background-media":"","overlay-type":"","overlay-color":"","overlay-opacity":"","overlay-gradient":""},"mobile":{"background-color":"","background-image":"","background-repeat":"repeat","background-position":"center center","background-size":"auto","background-attachment":"scroll","background-type":"","background-media":"","overlay-type":"","overlay-color":"","overlay-opacity":"","overlay-gradient":""}},"ast-content-background-meta":{"desktop":{"background-color":"var(--ast-global-color-5)","background-image":"","background-repeat":"repeat","background-position":"center center","background-size":"auto","background-attachment":"scroll","background-type":"","background-media":"","overlay-type":"","overlay-color":"","overlay-opacity":"","overlay-gradient":""},"tablet":{"background-color":"var(--ast-global-color-5)","background-image":"","background-repeat":"repeat","background-position":"center center","background-size":"auto","background-attachment":"scroll","background-type":"","background-media":"","overlay-type":"","overlay-color":"","overlay-opacity":"","overlay-gradient":""},"mobile":{"background-color":"var(--ast-global-color-5)","background-image":"","background-repeat":"repeat","background-position":"center center","background-size":"auto","background-attachment":"scroll","background-type":"","background-media":"","overlay-type":"","overlay-color":"","overlay-opacity":"","overlay-gradient":""}},"footnotes":""},"categories":[4],"tags":[],"class_list":["post-3373","post","type-post","status-publish","format-standard","has-post-thumbnail","hentry","category-zalacain"],"_links":{"self":[{"href":"https:\/\/losperiodistas.com.mx\/portal\/wp-json\/wp\/v2\/posts\/3373","targetHints":{"allow":["GET"]}}],"collection":[{"href":"https:\/\/losperiodistas.com.mx\/portal\/wp-json\/wp\/v2\/posts"}],"about":[{"href":"https:\/\/losperiodistas.com.mx\/portal\/wp-json\/wp\/v2\/types\/post"}],"author":[{"embeddable":true,"href":"https:\/\/losperiodistas.com.mx\/portal\/wp-json\/wp\/v2\/users\/1"}],"replies":[{"embeddable":true,"href":"https:\/\/losperiodistas.com.mx\/portal\/wp-json\/wp\/v2\/comments?post=3373"}],"version-history":[{"count":1,"href":"https:\/\/losperiodistas.com.mx\/portal\/wp-json\/wp\/v2\/posts\/3373\/revisions"}],"predecessor-version":[{"id":3375,"href":"https:\/\/losperiodistas.com.mx\/portal\/wp-json\/wp\/v2\/posts\/3373\/revisions\/3375"}],"wp:featuredmedia":[{"embeddable":true,"href":"https:\/\/losperiodistas.com.mx\/portal\/wp-json\/wp\/v2\/media\/3374"}],"wp:attachment":[{"href":"https:\/\/losperiodistas.com.mx\/portal\/wp-json\/wp\/v2\/media?parent=3373"}],"wp:term":[{"taxonomy":"category","embeddable":true,"href":"https:\/\/losperiodistas.com.mx\/portal\/wp-json\/wp\/v2\/categories?post=3373"},{"taxonomy":"post_tag","embeddable":true,"href":"https:\/\/losperiodistas.com.mx\/portal\/wp-json\/wp\/v2\/tags?post=3373"}],"curies":[{"name":"wp","href":"https:\/\/api.w.org\/{rel}","templated":true}]}}