{"id":3361,"date":"2021-01-16T07:40:54","date_gmt":"2021-01-16T13:40:54","guid":{"rendered":"http:\/\/losperiodistas.com.mx\/portal\/?p=3361"},"modified":"2021-01-16T07:40:54","modified_gmt":"2021-01-16T13:40:54","slug":"buenas-noticias-desde-las-praderas-del-norte","status":"publish","type":"post","link":"https:\/\/losperiodistas.com.mx\/portal\/buenas-noticias-desde-las-praderas-del-norte\/","title":{"rendered":"Buenas noticias desde las praderas del norte"},"content":{"rendered":"\n<p class=\"has-vivid-cyan-blue-color has-text-color\" style=\"font-size:26px\"><em>Por Dr. Herminio S. de la Barquera<\/em><\/p>\n\n\n\n<figure class=\"wp-block-table\"><table><tbody><tr><td>Hace unos d\u00edas, los medios de comunicaci\u00f3n en M\u00e9xico dieron a conocer la buena noticia de que, despu\u00e9s de m\u00e1s de 100 a\u00f1os de ausencia, nuevamente corren bisontes por las praderas de Coahuila. Esto se debe a que fue reintroducida una manada de 19 ejemplares en la Reserva Natural El Carmen, un territorio privado transfronterizo de 140 000 hect\u00e1reas, en donde es posible encontrar hasta cinco diferentes ecosistemas en los que vive una enorme cantidad de especies de flora y fauna. El restablecimiento de bisontes en nuestro pa\u00eds es un verdadero caso de \u00e9xito para recuperar especies en peligro de extinci\u00f3n y es el resultado de la colaboraci\u00f3n estrecha de diferentes instancias gubernamentales mexicanas y estadounidenses, instituciones acad\u00e9micas, el sector privado y organizaciones de la sociedad civil.<br><br>Originalmente, el bisonte americano (<em>Bison bison<\/em>\u00a0o\u00a0<em>Bos bison<\/em>) se extend\u00eda desde los territorios centrales de lo que hoy es Canad\u00e1 (aunque posiblemente tambi\u00e9n hab\u00eda en Alaska) hasta las regiones del norte de M\u00e9xico. En estas extensas praderas viv\u00eda la subespecie\u00a0<em>Bison bison bison<\/em>, mientras que en los bosques del norte se encontraba la subespecie\u00a0<em>Bison bison athabascae<\/em>. Su alimentaci\u00f3n consist\u00eda en los pastos de tan extensas regiones. Se cree que en M\u00e9xico hab\u00eda manadas en lo que hoy son los estados de Sonora, Chihuahua, Coahuila, Nuevo Le\u00f3n y Durango, pero desapareci\u00f3 de las praderas mexicanas en la segunda mitad del siglo XIX.<br><br>Se calcula que, antes de la llegada de los europeos a Norteam\u00e9rica, habr\u00eda una poblaci\u00f3n de unos 30 millones de bisontes, pero debido a la descontrolada y salvaje cacer\u00eda a la que fue sometida, esta especie casi desapareci\u00f3 hacia fines del siglo XIX. Es necesario subrayar que los grupos ind\u00edgenas tambi\u00e9n cazaban al bisonte y nunca lo pusieron en peligro de extinci\u00f3n, aprovechando todo de \u00e9l: desde los huesos hasta la carne, mientras que los \u201cblancos\u201d causaban una verdadera mataz\u00f3n y s\u00f3lo aprovechaban la carne. Una medida que logr\u00f3 evitar la extinci\u00f3n de este enorme animal (de hecho, es el mayor mam\u00edfero terrestre de toda Am\u00e9rica) fue la fundaci\u00f3n del Parque Nacional de Yellowstone, en 1872, a donde se retiraron muchos ejemplares. En la actualidad, unos 30 000 animales viven en libertad en los Estados Unidos, pero como dependen totalmente de medidas de protecci\u00f3n, est\u00e1n catalogados como \u201cpotencialmente en peligro\u201d.\u00a0<br><br>En M\u00e9xico, en donde desapareci\u00f3 del todo, se cataloga en la actualidad como especie en peligro de extinci\u00f3n. Hay dos manadas: la nueva que se asent\u00f3 recientemente en Coahuila y la que existe desde el a\u00f1o 2009 en la Reserva de la Biosfera de Janos, en Chihuahua. Precisamente, de la manada de Janos provienen los 19 ejemplares que se llevaron a Coahuila (16 hembras y 3 machos).<br><br>La fauna original mexicana inclu\u00eda dos miembros de la familia\u00a0<em>Bovidae<\/em>: el borrego cimarr\u00f3n (<em>Ovis canadensis<\/em>) y el bisonte. De este \u00faltimo hay pocos registros y ya dijimos que se extingui\u00f3 en el siglo XIX; a principios del siglo XX hay autores que citan la presencia de este mam\u00edfero a lo largo de la frontera, pero no hay evidencias s\u00f3lidas de que atravesara a territorio mexicano en esas fechas. Es muy probable que este animal, el mam\u00edfero terrestre m\u00e1s grande del continente, desapareciera muy tempranamente de nuestro pa\u00eds.<br><br>Al bisonte tambi\u00e9n se le conoce como \u201cc\u00edbola\u201d o \u201cc\u00edbolo\u201d, nombre que tiene una curiosa historia. Como sabemos, algo que atra\u00eda poderosamente a los europeos (particularmente los espa\u00f1oles y portugueses) en Am\u00e9rica, en el \u201cNuevo Mundo\u201d, era el poder confirmar la existencia de lugares fant\u00e1sticos de abundancia y seres maravillosos, cuyas caracter\u00edsticas hab\u00edan sido transmitidas desde la Antig\u00fcedad y la Edad Media. De ah\u00ed la convicci\u00f3n y la seguridad con las que se lanzaron a buscar El Dorado, las amazonas, sirenas y harp\u00edas. Por eso buscaron con tanta porf\u00eda las siete ciudades de oro del Preste Juan y su legendario reino cristiano, cuya existencia se mencionaba ya desde el siglo XII y al que los portugueses buscaron afanosamente en \u00c1frica y en Asia. Otro lugar que era objeto de curiosidad era la fuente de la eterna juventud (la que tambi\u00e9n los franceses buscaron), las islas de San Borond\u00f3n (a quien se atribu\u00eda nada menos que el descubrimiento del para\u00edso terrenal), o las regiones en donde habitaban grifones, enanos y gigantes. Aqu\u00ed es donde hay que citar al otro nombre del bisonte (c\u00edbolo), que proviene de \u201cC\u00edvola\u201d o \u201cC\u00edbola\u201d, que era el nombre de una de las siete ciudades de oro de la leyenda del Preste Juan. Por cierto, la b\u00fasqueda del maravilloso y riqu\u00edsimo reino de Copala \u2013que nunca fue hallado- y de su laguna, condujeron a que hoy tengamos en M\u00e9xico una regi\u00f3n, que se extiende por Coahuila y Durango, llamada precisamente \u201cLa Laguna\u201d o \u201ccomarca lagunera\u201d.\u00a0<br><br>Es muy importante la existencia de estos animales en su h\u00e1bitat natural, pues tienden al pastar de manera selectiva, lo que ayuda a dispersar semillas y a mantener la heterogeneidad ambiental. Adem\u00e1s, forman revolcaderos, redistribuyen nutrientes por medio de la orina y reducen la altura de la vegetaci\u00f3n, lo que favorece el establecimiento de colonias del perrillo de la pradera (g\u00e9nero\u00a0<em>Cynomys<\/em>\u00a0con varias especies), que est\u00e1 igualmente en peligro de extinci\u00f3n en M\u00e9xico. A diferencia del ganado vacuno, las manadas de bisontes no acostumbran pastar en \u00e1reas en las que ya han estado previamente y que puedan agotarse, por lo que permiten que los pastos se regeneren; caminan m\u00e1s, removiendo la tierra, ingieren forraje m\u00e1s seco y fibroso y ayudan a reducir la erosi\u00f3n, favoreciendo la existencia y permanencia de pastizales nativos.<br><br>Esperemos que esta experiencia exitosa de reintroducci\u00f3n de esta especie ayude a regenerar los ecosistemas del norte de M\u00e9xico, lugar del que desapareci\u00f3 para siempre, por ejemplo, el oso gris (o pardo) mexicano, una subespecie local del oso gris o \u201cGrissly\u201d (<em>Ursus arctos horribilis<\/em>). El \u00faltimo ejemplar fue cazado en 1963. Tambi\u00e9n esperamos que esta experiencia anime a emprender o a fortalecer otras, como los esfuerzos de muchas organizaciones gubernamentales y cient\u00edficas para reintroducir al lobo gris mexicano (<em>Canis lupus bayleyi<\/em>), que se extingui\u00f3 de tierras mexicanas y cuya reinserci\u00f3n ha sido muy complicada, debido a que requiere de grandes extensiones territoriales, lo cual ya es muy dif\u00edcil en M\u00e9xico por la explosi\u00f3n demogr\u00e1fica y la destrucci\u00f3n del h\u00e1bitat; otros factores negativos son el sobrepastoreo y la mala cultura de la poblaci\u00f3n frente a la figura del lobo, siendo que este, lejos de ser peligroso, es muy t\u00edmido y reh\u00faye el contacto con el hombre.\u00a0<br><br>Por \u00faltimo, un dato curioso: en Mayo de 2016, el entonces Presidente Barack Obama firm\u00f3 la \u201cNational Bison Legacy Act\u201d, que declaraba al bisonte y al \u00e1guila de cabeza blanca como los animales nacionales de los Estados Unidos de Am\u00e9rica.<\/td><\/tr><tr><td>*<strong><em>Dr. Herminio S. de la Barquera A.<\/em><\/strong><br>Decano de Ciencias Sociales<br>UPAEP<\/td><\/tr><\/tbody><\/table><\/figure>\n","protected":false},"excerpt":{"rendered":"<p>Por Dr. Herminio S. de la Barquera Hace unos d\u00edas, los medios de comunicaci\u00f3n en M\u00e9xico dieron a conocer la [&hellip;]<\/p>\n","protected":false},"author":1,"featured_media":3362,"comment_status":"open","ping_status":"open","sticky":false,"template":"","format":"standard","meta":{"site-sidebar-layout":"default","site-content-layout":"","ast-site-content-layout":"default","site-content-style":"default","site-sidebar-style":"default","ast-global-header-display":"","ast-banner-title-visibility":"","ast-main-header-display":"","ast-hfb-above-header-display":"","ast-hfb-below-header-display":"","ast-hfb-mobile-header-display":"","site-post-title":"","ast-breadcrumbs-content":"","ast-featured-img":"","footer-sml-layout":"","theme-transparent-header-meta":"","adv-header-id-meta":"","stick-header-meta":"","header-above-stick-meta":"","header-main-stick-meta":"","header-below-stick-meta":"","astra-migrate-meta-layouts":"default","ast-page-background-enabled":"default","ast-page-background-meta":{"desktop":{"background-color":"var(--ast-global-color-4)","background-image":"","background-repeat":"repeat","background-position":"center center","background-size":"auto","background-attachment":"scroll","background-type":"","background-media":"","overlay-type":"","overlay-color":"","overlay-opacity":"","overlay-gradient":""},"tablet":{"background-color":"","background-image":"","background-repeat":"repeat","background-position":"center center","background-size":"auto","background-attachment":"scroll","background-type":"","background-media":"","overlay-type":"","overlay-color":"","overlay-opacity":"","overlay-gradient":""},"mobile":{"background-color":"","background-image":"","background-repeat":"repeat","background-position":"center center","background-size":"auto","background-attachment":"scroll","background-type":"","background-media":"","overlay-type":"","overlay-color":"","overlay-opacity":"","overlay-gradient":""}},"ast-content-background-meta":{"desktop":{"background-color":"var(--ast-global-color-5)","background-image":"","background-repeat":"repeat","background-position":"center center","background-size":"auto","background-attachment":"scroll","background-type":"","background-media":"","overlay-type":"","overlay-color":"","overlay-opacity":"","overlay-gradient":""},"tablet":{"background-color":"var(--ast-global-color-5)","background-image":"","background-repeat":"repeat","background-position":"center center","background-size":"auto","background-attachment":"scroll","background-type":"","background-media":"","overlay-type":"","overlay-color":"","overlay-opacity":"","overlay-gradient":""},"mobile":{"background-color":"var(--ast-global-color-5)","background-image":"","background-repeat":"repeat","background-position":"center center","background-size":"auto","background-attachment":"scroll","background-type":"","background-media":"","overlay-type":"","overlay-color":"","overlay-opacity":"","overlay-gradient":""}},"footnotes":""},"categories":[20],"tags":[],"class_list":["post-3361","post","type-post","status-publish","format-standard","has-post-thumbnail","hentry","category-analisis-estrategico"],"_links":{"self":[{"href":"https:\/\/losperiodistas.com.mx\/portal\/wp-json\/wp\/v2\/posts\/3361","targetHints":{"allow":["GET"]}}],"collection":[{"href":"https:\/\/losperiodistas.com.mx\/portal\/wp-json\/wp\/v2\/posts"}],"about":[{"href":"https:\/\/losperiodistas.com.mx\/portal\/wp-json\/wp\/v2\/types\/post"}],"author":[{"embeddable":true,"href":"https:\/\/losperiodistas.com.mx\/portal\/wp-json\/wp\/v2\/users\/1"}],"replies":[{"embeddable":true,"href":"https:\/\/losperiodistas.com.mx\/portal\/wp-json\/wp\/v2\/comments?post=3361"}],"version-history":[{"count":1,"href":"https:\/\/losperiodistas.com.mx\/portal\/wp-json\/wp\/v2\/posts\/3361\/revisions"}],"predecessor-version":[{"id":3363,"href":"https:\/\/losperiodistas.com.mx\/portal\/wp-json\/wp\/v2\/posts\/3361\/revisions\/3363"}],"wp:featuredmedia":[{"embeddable":true,"href":"https:\/\/losperiodistas.com.mx\/portal\/wp-json\/wp\/v2\/media\/3362"}],"wp:attachment":[{"href":"https:\/\/losperiodistas.com.mx\/portal\/wp-json\/wp\/v2\/media?parent=3361"}],"wp:term":[{"taxonomy":"category","embeddable":true,"href":"https:\/\/losperiodistas.com.mx\/portal\/wp-json\/wp\/v2\/categories?post=3361"},{"taxonomy":"post_tag","embeddable":true,"href":"https:\/\/losperiodistas.com.mx\/portal\/wp-json\/wp\/v2\/tags?post=3361"}],"curies":[{"name":"wp","href":"https:\/\/api.w.org\/{rel}","templated":true}]}}