{"id":3350,"date":"2021-01-15T10:13:38","date_gmt":"2021-01-15T16:13:38","guid":{"rendered":"http:\/\/losperiodistas.com.mx\/portal\/?p=3350"},"modified":"2021-01-15T14:14:33","modified_gmt":"2021-01-15T20:14:33","slug":"mujeres-las-15-candidatas-de-fxm-a-diputadas-federales","status":"publish","type":"post","link":"https:\/\/losperiodistas.com.mx\/portal\/mujeres-las-15-candidatas-de-fxm-a-diputadas-federales\/","title":{"rendered":"Mujeres las 15 candidatas de FXM a diputadas federales"},"content":{"rendered":"\n<p class=\"has-medium-font-size\">*Ins\u00f3lita decisi\u00f3n del nuevo partido; quejas contra S\u00e1nchez Galindo<\/p>\n\n\n\n<p class=\"has-vivid-cyan-blue-color has-text-color\" style=\"font-size:26px\"><em>Por Ra\u00fal Torres Salmer\u00f3n<\/em><\/p>\n\n\n\n<p>Rafael Moreno Valle Buitr\u00f3n, dirigente estatal del partido Fuerza por M\u00e9xico (FXM), tras afirmar que la alianza de su partido es con los j\u00f3venes y mujeres que est\u00e9n deseosos de participar en la pol\u00edtica, mencion\u00f3 que en el Estado de Puebla ser\u00e1n 15 mujeres las candidatas a diputadas federales.<\/p>\n\n\n\n<p>Esta medida se debe a que no se cumplir\u00e1 una cuota, sino que se pretende erradicar la violencia de g\u00e9nero contra la mujer en la pol\u00edtica. Moreno Valle Buitr\u00f3n recalc\u00f3 que en los 300 distritos federales electorales que conforman el pa\u00eds ser\u00e1n representados por mujeres.<\/p>\n\n\n\n<p>Recalc\u00f3 que adem\u00e1s es una pol\u00edtica nacional en FXM establecida por Gerardo Islas Maldonado, Presidente Nacional.<\/p>\n\n\n\n<p>En cuestiones de trabajo partidista, indic\u00f3 que ya se han conformado 26 delegaciones y se est\u00e1n terminando de conformar los comit\u00e9s municipales.<\/p>\n\n\n\n<p>Respecto de las candidaturas al Congreso del Estado y las Presidencias Municipales puntualiz\u00f3 que a\u00fan no se tienen definidas pero se est\u00e1n analizando. Los candidatos de FXM deber\u00e1n tener un perfil humano, democr\u00e1tico, con vocaci\u00f3n de servicio, con honestidad, seriedad, responsabilidad y cumplir con los lineamientos 3 de 3 contra la violencia de g\u00e9nero.<\/p>\n\n\n\n<p>Sin duda hay entusiasmo del sector femenino con el nuevo partido y esta medida calificada como ins\u00f3lita en el mundo de la pol\u00edtica. Las declaraciones de Moreno Valle Buitr\u00f3n las hizo en el programa de radio Post Data Comunicaciones de Pepe Tom\u00e9 y Yar\u00edn Dom\u00ednguez,&nbsp;<\/p>\n\n\n\n<p>S\u00c1NCHEZ GALINDO, IRRESPONSABLE: MA<\/p>\n\n\n\n<p>El dirigente de los comerciantes adheridos a las filas del Movimiento Antorchista (MA), Francisco Machorro, califica de irresponsables las declaraciones del Secretario de Gobernaci\u00f3n del Ayuntamiento de Puebla Capital, Ren\u00e9 S\u00e1nchez Galindo, al acusar a los antorchistas de insistir en instalarse a vender en la v\u00eda p\u00fablica pese al decreto estatal.&nbsp;<\/p>\n\n\n\n<p>Acatamos las medidas sanitarias de las autoridades estatales a fin de evitar la propagaci\u00f3n del Covid-19. Somos comerciantes y de eso vivimos, de ah\u00ed alimentamos a nuestras familias, sin embargo, no nos hemos instalado ni pensamos hacerlo hasta despu\u00e9s del 25 de enero, explica el dirigente.<\/p>\n\n\n\n<p>Denuncia que existe una rabiosa campa\u00f1a de agresi\u00f3n, de linchamiento medi\u00e1tico y judicial por parte del funcionario, quien haciendo un uso faccioso de su investidura en cada ocasi\u00f3n que puede, aprovecha para despotricar desde los micr\u00f3fonos en contra del Movimiento Antorchista y los comerciantes que vivimos de un trabajo honrado y que respetamos los decretos.&nbsp;<\/p>\n\n\n\n<p>Finalmente reitera que los comerciantes de su gremio, pese al nulo apoyo de las autoridades morenistas para que sobrevivan sus familias a este confinamiento, se han sumado y acatado las disposiciones oficiales, retirando a los comerciantes de las calles y reduciendo los espacios en los tianguis a m\u00e1s de la mitad.&nbsp;<\/p>\n\n\n\n<p>QUECHOL, ASPIRANTE EN SAN ANDR\u00c9S<\/p>\n\n\n\n<p>Miguel \u00c1ngel Quechol G\u00f3mez, quien no ha definido el partido pol\u00edtico que representar\u00e1 para contender por la alcald\u00eda de San Andr\u00e9s Cholula, tambi\u00e9n se\u00f1ala que no descarta inscribirse para competir por la Diputaci\u00f3n Local del Distrito 18, con cabecera en San Pedro Cholula.<\/p>\n\n\n\n<p>Asegura estar listo para luchar por la alcald\u00eda de San Andr\u00e9s, pues desde octubre del 2020, inici\u00f3 un consenso social con los grupos, organizaciones y la sociedad sanandrese\u00f1a y ha recibido el respaldo de la comunidad.<\/p>\n\n\n\n<p>San Andr\u00e9s requiere de un liderazgo capaz de redise\u00f1ar un nuevo modelo gubernamental para tomar decisiones en los momentos m\u00e1s vulnerables de la sociedad, adem\u00e1s de establecer criterios sustentados en el beneficio com\u00fan, ya que la pandemia obliga nuevamente al confinamiento.<\/p>\n\n\n\n<p>Sus propuestas son en el sentido de reactivar la econom\u00eda con una estrategia efectiva, mediante la inversi\u00f3n de nuevos programas que impacten en la econom\u00eda local, a trav\u00e9s de cr\u00e9ditos a la palabra, internet gratis para todos, inversi\u00f3n en torres de telecomunicaciones para acceder a la educaci\u00f3n.<\/p>\n\n\n\n<p>Esta inversi\u00f3n permitir\u00e1 interconectar 3 mil c\u00e1maras de seguridad comunitaria, sin olvidar de la entrega de despensas, adem\u00e1s del establecimiento de seis centros de log\u00edstica y operaciones estrat\u00e9gicas a cargo de la Direcci\u00f3n de Seguridad Municipal.<\/p>\n\n\n\n<p>En fin, como escribi\u00f3 Manuel del palacio (Espa\u00f1a, 1831-1906) en un verso dedicado a la mujer:<\/p>\n\n\n\n<p>Es la mujer prisi\u00f3n en que nacemos,<\/p>\n\n\n\n<p>y a que desde el nacer nos condenamos,<\/p>\n\n\n\n<p>unos por penitencia la buscamos,<\/p>\n\n\n\n<p>otros por galard\u00f3n la merecemos.<\/p>\n\n\n\n<p>raultorress@hotmail.com<\/p>\n","protected":false},"excerpt":{"rendered":"<p>*Ins\u00f3lita decisi\u00f3n del nuevo partido; quejas contra S\u00e1nchez Galindo Por Ra\u00fal Torres Salmer\u00f3n Rafael Moreno Valle Buitr\u00f3n, dirigente estatal del [&hellip;]<\/p>\n","protected":false},"author":1,"featured_media":3352,"comment_status":"open","ping_status":"open","sticky":false,"template":"","format":"standard","meta":{"site-sidebar-layout":"default","site-content-layout":"","ast-site-content-layout":"default","site-content-style":"default","site-sidebar-style":"default","ast-global-header-display":"","ast-banner-title-visibility":"","ast-main-header-display":"","ast-hfb-above-header-display":"","ast-hfb-below-header-display":"","ast-hfb-mobile-header-display":"","site-post-title":"","ast-breadcrumbs-content":"","ast-featured-img":"","footer-sml-layout":"","theme-transparent-header-meta":"","adv-header-id-meta":"","stick-header-meta":"","header-above-stick-meta":"","header-main-stick-meta":"","header-below-stick-meta":"","astra-migrate-meta-layouts":"default","ast-page-background-enabled":"default","ast-page-background-meta":{"desktop":{"background-color":"var(--ast-global-color-4)","background-image":"","background-repeat":"repeat","background-position":"center center","background-size":"auto","background-attachment":"scroll","background-type":"","background-media":"","overlay-type":"","overlay-color":"","overlay-opacity":"","overlay-gradient":""},"tablet":{"background-color":"","background-image":"","background-repeat":"repeat","background-position":"center center","background-size":"auto","background-attachment":"scroll","background-type":"","background-media":"","overlay-type":"","overlay-color":"","overlay-opacity":"","overlay-gradient":""},"mobile":{"background-color":"","background-image":"","background-repeat":"repeat","background-position":"center center","background-size":"auto","background-attachment":"scroll","background-type":"","background-media":"","overlay-type":"","overlay-color":"","overlay-opacity":"","overlay-gradient":""}},"ast-content-background-meta":{"desktop":{"background-color":"var(--ast-global-color-5)","background-image":"","background-repeat":"repeat","background-position":"center center","background-size":"auto","background-attachment":"scroll","background-type":"","background-media":"","overlay-type":"","overlay-color":"","overlay-opacity":"","overlay-gradient":""},"tablet":{"background-color":"var(--ast-global-color-5)","background-image":"","background-repeat":"repeat","background-position":"center center","background-size":"auto","background-attachment":"scroll","background-type":"","background-media":"","overlay-type":"","overlay-color":"","overlay-opacity":"","overlay-gradient":""},"mobile":{"background-color":"var(--ast-global-color-5)","background-image":"","background-repeat":"repeat","background-position":"center center","background-size":"auto","background-attachment":"scroll","background-type":"","background-media":"","overlay-type":"","overlay-color":"","overlay-opacity":"","overlay-gradient":""}},"footnotes":""},"categories":[19],"tags":[],"class_list":["post-3350","post","type-post","status-publish","format-standard","has-post-thumbnail","hentry","category-sin-limites-2"],"_links":{"self":[{"href":"https:\/\/losperiodistas.com.mx\/portal\/wp-json\/wp\/v2\/posts\/3350","targetHints":{"allow":["GET"]}}],"collection":[{"href":"https:\/\/losperiodistas.com.mx\/portal\/wp-json\/wp\/v2\/posts"}],"about":[{"href":"https:\/\/losperiodistas.com.mx\/portal\/wp-json\/wp\/v2\/types\/post"}],"author":[{"embeddable":true,"href":"https:\/\/losperiodistas.com.mx\/portal\/wp-json\/wp\/v2\/users\/1"}],"replies":[{"embeddable":true,"href":"https:\/\/losperiodistas.com.mx\/portal\/wp-json\/wp\/v2\/comments?post=3350"}],"version-history":[{"count":1,"href":"https:\/\/losperiodistas.com.mx\/portal\/wp-json\/wp\/v2\/posts\/3350\/revisions"}],"predecessor-version":[{"id":3351,"href":"https:\/\/losperiodistas.com.mx\/portal\/wp-json\/wp\/v2\/posts\/3350\/revisions\/3351"}],"wp:featuredmedia":[{"embeddable":true,"href":"https:\/\/losperiodistas.com.mx\/portal\/wp-json\/wp\/v2\/media\/3352"}],"wp:attachment":[{"href":"https:\/\/losperiodistas.com.mx\/portal\/wp-json\/wp\/v2\/media?parent=3350"}],"wp:term":[{"taxonomy":"category","embeddable":true,"href":"https:\/\/losperiodistas.com.mx\/portal\/wp-json\/wp\/v2\/categories?post=3350"},{"taxonomy":"post_tag","embeddable":true,"href":"https:\/\/losperiodistas.com.mx\/portal\/wp-json\/wp\/v2\/tags?post=3350"}],"curies":[{"name":"wp","href":"https:\/\/api.w.org\/{rel}","templated":true}]}}