{"id":3347,"date":"2021-01-15T06:24:55","date_gmt":"2021-01-15T12:24:55","guid":{"rendered":"http:\/\/losperiodistas.com.mx\/portal\/?p=3347"},"modified":"2021-01-15T06:24:55","modified_gmt":"2021-01-15T12:24:55","slug":"epigmenio-ibarra-arremetio-contra-cienfuegos-deshonro-el-uniforme-y-participo-en-el-encubrimiento-de-crimenes-infobae","status":"publish","type":"post","link":"https:\/\/losperiodistas.com.mx\/portal\/epigmenio-ibarra-arremetio-contra-cienfuegos-deshonro-el-uniforme-y-participo-en-el-encubrimiento-de-crimenes-infobae\/","title":{"rendered":"Epigmenio Ibarra arremeti\u00f3 contra Cienfuegos: \u201cdeshonr\u00f3 el uniforme y particip\u00f3 en el encubrimiento de cr\u00edmenes\u201d | Infobae"},"content":{"rendered":"\n<p style=\"font-size:18px\"><em>Record\u00f3 que mientras estuvo en funciones se presentaron casos como la masacre de Tlatlaya y la desaparici\u00f3n de los 43 normalistas de Ayotzinapa<\/em><\/p>\n\n\n\n<p class=\"has-vivid-cyan-blue-color has-text-color has-medium-font-size\">INFOBAE<\/p>\n\n\n\n<p>Salvador Cienfuegos Zepada, ex secretario de la Defensa Nacional, volvi\u00f3 a colocarse en el centro del debate p\u00fablico luego de que la Fiscal\u00eda General de la Rep\u00fablica (FGR) diera a conocer que ser\u00eda exonerado.<\/p>\n\n\n\n<p><strong>Epigmenio Ibarra<\/strong>, reconocido periodista mexicano, se posicion\u00f3 sobre el tema en sus redes sociales&nbsp;<strong>al recordar los casos en los que el ex funcionario habr\u00eda estado implicado&nbsp;<\/strong>mientras se encontraba en funciones durante el sexenio de Enrique Pe\u00f1a Nieto.Como que la FGR deja ir a Cienfuegos? Y su encubrimiento de la masacre de Tlatlaya? Y su responsabilidad x acci\u00f3n u omisi\u00f3n en Ayotzinapa? Efectivos bajo su mando estuvieron en la escena del crimen. Doce d\u00edas demoro la orden de b\u00fasqueda de Los 43. Apoy\u00f3 la \u2018verdad hist\u00f3rica\u2019<\/p>\n\n\n\n<p>En otro mensaje mencion\u00f3 que le parece inaceptable que la fiscal\u00eda mantenga impune a Cienfuegos en su casa.\u00a0<strong>\u201cM\u00e1s all\u00e1 de la validez de las pruebas de la DEA lo que importa es que este hombre deshonr\u00f3 el uniforme y particip\u00f3 en el encubrimiento de cr\u00edmenes de lesa humanidad como Tlatlaya y Ayotzinapa\u201d<\/strong>, escribi\u00f3 en su cuenta de Twitter.<\/p>\n\n\n\n<p>As\u00ed, expres\u00f3 que&nbsp;<strong>desde su punto de vista la \u201cfuria de los norteamericanos\u201d es asunto grave, sobre todo, al considerar que el gobierno mexicano no procesar\u00e1 al general por las pruebas<\/strong>&nbsp;vertidas por la Agencia Antidrogas de Estados Unidos (DEA, por sus siglas en ingl\u00e9s).<\/p>\n\n\n\n<p>Otra de las personalidades que critic\u00f3 la decisi\u00f3n del gobierno mexicano fue la periodista Denise Dresser qui\u00e9n asegur\u00f3 que las Fuerzas Armadas ahora se convirtieron \u201cen la nueva mafia del poder\u201d.<\/p>\n\n\n\n<p>\u201c<strong>La exoneraci\u00f3n de Salvador Cienfuegos demuestra que las fuerzas armadas son intocables<\/strong>\u201d, comenz\u00f3 a criticar la comunicadora en su cuenta de Twitter. Agreg\u00f3 que este tipo de funcionarios act\u00faan constantemente por encima de la ley y son quienes realmente dirigen el pa\u00eds.<img fetchpriority=\"high\" decoding=\"async\" alt=\"El periodista destac\u00f3 los hechos en los que estar\u00eda implicado el general (Foto: Europa Press)\n\" height=\"2362\" src=\"https:\/\/www.infobae.com\/new-resizer\/e7gUYi7PpKupYcibZpD0P6l1uRs=\/420x280\/filters:format(jpg):quality(85)\/\/cloudfront-us-east-1.images.arcpublishing.com\/infobae\/VKT3RPUR5NAJDFRROGHDUWBKEE.jpg\" width=\"3543\">El periodista destac\u00f3 los hechos en los que estar\u00eda implicado el general (Foto: Europa Press)<\/p>\n\n\n\n<p>\u201cSon los verdaderos intocables, seguir\u00e1n fuera del escrutinio democr\u00e1tico, son quienes en realidad gobiernan y se han convertido en la nueva mafia en el poder\u201d, redact\u00f3 la comunicadora.<\/p>\n\n\n\n<p>En otro mensaje, Dresser comparti\u00f3 la fotograf\u00eda del ex titular de la Secretar\u00eda de la Defensa Nacional durante el sexenio de Enrique Pe\u00f1a Nieto y la acompa\u00f1\u00f3 del mensaje&nbsp;<strong>\u201cAmlo: \u2018No te preocupes Salvador\u201d.<\/strong><\/p>\n\n\n\n<p>La controversia alrededor de&nbsp;<strong>Cienfuegos Zepeda&nbsp;<\/strong>surgi\u00f3 luego de que a finales del 2020 fuera&nbsp;<strong>detenido en los Estados Unidos, acusado de tener nexos con miembros del C\u00e1rtel H-2<\/strong>, un conocido brazo de los Beltr\u00e1n Leyva.<\/p>\n\n\n\n<p>El ex secretario fue apresado el 15 de octubre del 2020 y solo permaneci\u00f3 detenido por 33 d\u00edas antes de regresar a M\u00e9xico para ser procesado. Durante ese tiempo,&nbsp;<strong>el gobierno de L\u00f3pez Obrador fue se\u00f1alado por ejercer una supuesta presi\u00f3n a la Agencia Antidrogas de los Estados Unidos<\/strong>&nbsp;(DEA, por sus siglas en ingl\u00e9s) sobre su participaci\u00f3n en el pa\u00eds.<img decoding=\"async\" alt=\"Salvador Cienfuegos fue exonerado por la FGR (Foto: Especial)\" height=\"1080\" src=\"https:\/\/www.infobae.com\/new-resizer\/Akjjm27PjDBcSUsljL5t7qqJmfo=\/420x236\/filters:format(jpg):quality(85)\/\/cloudfront-us-east-1.images.arcpublishing.com\/infobae\/5NUG4MWG2ZACVIGWHGTIO72YW4.jpg\" width=\"1920\">Salvador Cienfuegos fue exonerado por la FGR (Foto: Especial)<\/p>\n\n\n\n<p>Las investigaciones de la DEA habr\u00edan seguido los pasos del general desde 2013, pero la administraci\u00f3n mexicana asegura la agencia nunca comparti\u00f3 esa informaci\u00f3n con sus hom\u00f3nimos mexicanos.<\/p>\n\n\n\n<p>Sin embargo, el 14 de enero, la FGR confirm\u00f3 que&nbsp;<strong>el Departamento de Justicia de los Estados Unidos hab\u00eda exonerado al general Cienfuegos<\/strong>, pues se concluy\u00f3 que \u201c\u00e9l no sostuvo encuentro ni comunicaci\u00f3n con grupo delictivo alguno. Por lo que se determin\u00f3 no ejercer acci\u00f3n penal\u201d.<\/p>\n\n\n\n<p>Por otro lado, la fiscal\u00eda asegura que\u00a0<strong>el an\u00e1lisis de su patrimonio y obligaciones fiscales tampoco arroj\u00f3 que el ex funcionario hubiera recibido recursos de manera ilegal\u00a0<\/strong>o que su fortuna creciera de manera anormal durante el periodo se\u00f1alado.<\/p>\n\n\n\n<p>Fuente: https:\/\/www.infobae.com\/america\/mexico\/2021\/01\/15\/epigmenio-ibarra-arremetio-contra-cienfuegos-deshonro-el-uniforme-y-participo-en-el-encubrimiento-de-crimenes\/<\/p>\n","protected":false},"excerpt":{"rendered":"<p>Record\u00f3 que mientras estuvo en funciones se presentaron casos como la masacre de Tlatlaya y la desaparici\u00f3n de los 43 [&hellip;]<\/p>\n","protected":false},"author":1,"featured_media":3348,"comment_status":"open","ping_status":"open","sticky":false,"template":"","format":"standard","meta":{"site-sidebar-layout":"default","site-content-layout":"","ast-site-content-layout":"default","site-content-style":"default","site-sidebar-style":"default","ast-global-header-display":"","ast-banner-title-visibility":"","ast-main-header-display":"","ast-hfb-above-header-display":"","ast-hfb-below-header-display":"","ast-hfb-mobile-header-display":"","site-post-title":"","ast-breadcrumbs-content":"","ast-featured-img":"","footer-sml-layout":"","theme-transparent-header-meta":"","adv-header-id-meta":"","stick-header-meta":"","header-above-stick-meta":"","header-main-stick-meta":"","header-below-stick-meta":"","astra-migrate-meta-layouts":"default","ast-page-background-enabled":"default","ast-page-background-meta":{"desktop":{"background-color":"var(--ast-global-color-4)","background-image":"","background-repeat":"repeat","background-position":"center center","background-size":"auto","background-attachment":"scroll","background-type":"","background-media":"","overlay-type":"","overlay-color":"","overlay-opacity":"","overlay-gradient":""},"tablet":{"background-color":"","background-image":"","background-repeat":"repeat","background-position":"center center","background-size":"auto","background-attachment":"scroll","background-type":"","background-media":"","overlay-type":"","overlay-color":"","overlay-opacity":"","overlay-gradient":""},"mobile":{"background-color":"","background-image":"","background-repeat":"repeat","background-position":"center center","background-size":"auto","background-attachment":"scroll","background-type":"","background-media":"","overlay-type":"","overlay-color":"","overlay-opacity":"","overlay-gradient":""}},"ast-content-background-meta":{"desktop":{"background-color":"var(--ast-global-color-5)","background-image":"","background-repeat":"repeat","background-position":"center center","background-size":"auto","background-attachment":"scroll","background-type":"","background-media":"","overlay-type":"","overlay-color":"","overlay-opacity":"","overlay-gradient":""},"tablet":{"background-color":"var(--ast-global-color-5)","background-image":"","background-repeat":"repeat","background-position":"center center","background-size":"auto","background-attachment":"scroll","background-type":"","background-media":"","overlay-type":"","overlay-color":"","overlay-opacity":"","overlay-gradient":""},"mobile":{"background-color":"var(--ast-global-color-5)","background-image":"","background-repeat":"repeat","background-position":"center center","background-size":"auto","background-attachment":"scroll","background-type":"","background-media":"","overlay-type":"","overlay-color":"","overlay-opacity":"","overlay-gradient":""}},"footnotes":""},"categories":[8],"tags":[],"class_list":["post-3347","post","type-post","status-publish","format-standard","has-post-thumbnail","hentry","category-noticias"],"_links":{"self":[{"href":"https:\/\/losperiodistas.com.mx\/portal\/wp-json\/wp\/v2\/posts\/3347","targetHints":{"allow":["GET"]}}],"collection":[{"href":"https:\/\/losperiodistas.com.mx\/portal\/wp-json\/wp\/v2\/posts"}],"about":[{"href":"https:\/\/losperiodistas.com.mx\/portal\/wp-json\/wp\/v2\/types\/post"}],"author":[{"embeddable":true,"href":"https:\/\/losperiodistas.com.mx\/portal\/wp-json\/wp\/v2\/users\/1"}],"replies":[{"embeddable":true,"href":"https:\/\/losperiodistas.com.mx\/portal\/wp-json\/wp\/v2\/comments?post=3347"}],"version-history":[{"count":1,"href":"https:\/\/losperiodistas.com.mx\/portal\/wp-json\/wp\/v2\/posts\/3347\/revisions"}],"predecessor-version":[{"id":3349,"href":"https:\/\/losperiodistas.com.mx\/portal\/wp-json\/wp\/v2\/posts\/3347\/revisions\/3349"}],"wp:featuredmedia":[{"embeddable":true,"href":"https:\/\/losperiodistas.com.mx\/portal\/wp-json\/wp\/v2\/media\/3348"}],"wp:attachment":[{"href":"https:\/\/losperiodistas.com.mx\/portal\/wp-json\/wp\/v2\/media?parent=3347"}],"wp:term":[{"taxonomy":"category","embeddable":true,"href":"https:\/\/losperiodistas.com.mx\/portal\/wp-json\/wp\/v2\/categories?post=3347"},{"taxonomy":"post_tag","embeddable":true,"href":"https:\/\/losperiodistas.com.mx\/portal\/wp-json\/wp\/v2\/tags?post=3347"}],"curies":[{"name":"wp","href":"https:\/\/api.w.org\/{rel}","templated":true}]}}