{"id":3341,"date":"2021-01-15T05:34:02","date_gmt":"2021-01-15T11:34:02","guid":{"rendered":"http:\/\/losperiodistas.com.mx\/portal\/?p=3341"},"modified":"2021-01-15T05:34:02","modified_gmt":"2021-01-15T11:34:02","slug":"zapatistas-e-indigenas-foco-rojo-para-el-tren-maya-proceso","status":"publish","type":"post","link":"https:\/\/losperiodistas.com.mx\/portal\/zapatistas-e-indigenas-foco-rojo-para-el-tren-maya-proceso\/","title":{"rendered":"Zapatistas e ind\u00edgenas, foco rojo para el Tren Maya | Proceso"},"content":{"rendered":"\n<p style=\"font-size:18px\"><em>A la par de que presenta el Tren Maya como un proyecto \u201csocial\u201d, Fonatur busca estrechar su colaboraci\u00f3n con instituciones militares para reaccionar ante actores que pudieran \u201crepresentar un riesgo para el desarrollo de la obra\u201d, principalmente el Ej\u00e9rcito Zapatista de Liberaci\u00f3n Nacional.<\/em><\/p>\n\n\n\n<p class=\"has-vivid-cyan-blue-color has-text-color has-medium-font-size\">MATHIEU TOURLIERE \/ PROCESO<\/p>\n\n\n\n<p><em><strong>A finales del a\u00f1o pasado Fonatur trat\u00f3 de licitar un contrato para \u201cgenerar inteligencia estrat\u00e9gica\u201d y protocolos para la coordinaci\u00f3n de las dependencias de seguridad p\u00fablica a fin de proteger la construcci\u00f3n y la operaci\u00f3n del Tren Maya. El intento fracas\u00f3, pero qued\u00f3 claro que la dependencia identifica como un riesgo a los grupos criminales y el flujo migratorio en la frontera sur, pero tambi\u00e9n al \u201cmovimiento subversivo\u201d encarnado por el EZLN y el Congreso Nacional Ind\u00edgena.<\/strong><\/em><\/p>\n\n\n\n<p>CIUDAD DE M\u00c9XICO (Proceso).-\u00a0A la par de que presenta el Tren Maya como un proyecto \u201csocial\u201d, el Fondo Nacional de Fomento al Turismo (Fonatur) busca estrechar su colaboraci\u00f3n con instituciones militares para reaccionar ante actores que pudieran \u201crepresentar un riesgo para el desarrollo de la obra\u201d, principalmente el Ej\u00e9rcito Zapatista de Liberaci\u00f3n Nacional (EZLN).<\/p>\n\n\n\n<p>Entre el 30 de noviembre y el 5 de enero pasados, la dependencia a cargo del megaproyecto m\u00e1s emblem\u00e1tico del sexenio de Andr\u00e9s Manuel L\u00f3pez Obrador intent\u00f3 otorgar un contrato por un servicio de \u201cconsultor\u00eda para la generaci\u00f3n de inteligencia estrat\u00e9gica en la construcci\u00f3n del Tren Maya\u201d.<\/p>\n\n\n\n<p>El primer objetivo de este contrato consist\u00eda en elaborar \u201cprotocolos de colaboraci\u00f3n entre dependencias de seguridad p\u00fablica y el Tren Maya (\u2026) procurando principalmente que dependencias como la Guardia Nacional, Secretar\u00eda de la Defensa Nacional (Sedena), Secretar\u00eda de Marina (Semar) y cuerpos de seguridad estatales y municipales atiendan los llamados de apoyo o auxilio ante cualquier eventualidad s\u00fabita que se registre en los diversos tramos de construcci\u00f3n del Tren Maya\u201d.<\/p>\n\n\n\n<p>El segundo objetivo preve\u00eda la realizaci\u00f3n de \u201cprotocolos de actuaci\u00f3n para la atenci\u00f3n, prevenci\u00f3n y mitigaci\u00f3n de incidentes en la construcci\u00f3n del Tren Maya\u201d, los cuales inclu\u00edan un \u201can\u00e1lisis del movimiento subversivo con presencia en la Regi\u00f3n, particularmente del EZLN y el Comit\u00e9 Nacional Ind\u00edgena\u201d (sic) \u2013en realidad se llama Congreso Nacional Ind\u00edgena (CNI)\u2013, as\u00ed como un \u201can\u00e1lisis del fen\u00f3meno migratorio que existe en el sureste del pa\u00eds\u201d.<\/p>\n\n\n\n<p>Aparte, el servicio inclu\u00eda la recolecci\u00f3n de inteligencia en \u201cinvestigaci\u00f3n de campo\u201d para identificar en cada tramo los \u201cmedios locales, particularmente impresos y radiof\u00f3nicos\u201d, los \u201cactores pol\u00edtico-sociales\u201d, las \u201corganizaciones campesinas, ind\u00edgenas, sindicales, etc\u00e9tera\u201d, pero tambi\u00e9n \u201clos grupos criminales que predominan\u201d en la zona, para \u201cdetectar posibles riesgos\u201d.<\/p>\n\n\n\n<p>Para ello el Fonatur realiz\u00f3 un proceso de invitaci\u00f3n restringida a cuando menos tres personas, en el cual alent\u00f3 a la UNAM, al IPN, al Tecnol\u00f3gico de Monterrey y a cuatro empresas privadas para que presentaran sus ofertas.<\/p>\n\n\n\n<p>Seg\u00fan la convocatoria, el ente ganador formar\u00eda un grupo de personas con grado acad\u00e9mico \u2013egresadas de ciencias de la comunicaci\u00f3n, periodismo, ciencias pol\u00edticas y sociales, trabajo social o derecho\u2013 y llevar\u00eda a cabo las tareas mencionadas entre el 5 de enero y el 5 de junio de 2021.<\/p>\n\n\n\n<p>Las tres universidades no tuvieron inter\u00e9s en el proyecto. Dos empresas (Inteligencia en Instituciones, Administraci\u00f3n y Sistemas, SA de CV y Servicios Inform\u00e1ticos Cler, SA de CV) mandaron propuestas por 10 millones 440 mil pesos y 11 millones 832 mil pesos, respectivamente, que el Fonatur descart\u00f3 por ser t\u00e9cnicamente insolventes. El pasado martes 5 la dependencia declar\u00f3 desierta la licitaci\u00f3n.<\/p>\n\n\n\n<p>Si bien el contrato no fue adjudicado, el contenido de la licitaci\u00f3n arroja luz sobre los temores que tiene el Fonatur ante la posibilidad de que actores demoren la construcci\u00f3n del tren tur\u00edstico y de carga que recorrer\u00e1 mil 550 kil\u00f3metros en los cinco estados de la Pen\u00ednsula de Yucat\u00e1n y para el cual se erigir\u00e1n 18 ciudades nuevas (\u201cpolos de desarrollo\u201d) alrededor de sus estaciones.<\/p>\n\n\n\n<p><a rel=\"noreferrer noopener\" href=\"https:\/\/publicacionesdigitales.proceso.com.mx\/library\" target=\"_blank\">Este texto es un adelanto del reportaje publicado en el n\u00famero 2306 de la edici\u00f3n impresa de Proceso, en circulaci\u00f3n desde el 10 de enero de 2021.<\/a><\/p>\n\n\n\n<p>Fuente: https:\/\/www.proceso.com.mx\/reportajes\/2021\/1\/14\/zapatistas-indigenas-foco-rojo-para-el-tren-maya-256287.html<\/p>\n","protected":false},"excerpt":{"rendered":"<p>A la par de que presenta el Tren Maya como un proyecto \u201csocial\u201d, Fonatur busca estrechar su colaboraci\u00f3n con instituciones [&hellip;]<\/p>\n","protected":false},"author":1,"featured_media":3342,"comment_status":"open","ping_status":"open","sticky":false,"template":"","format":"standard","meta":{"site-sidebar-layout":"default","site-content-layout":"","ast-site-content-layout":"default","site-content-style":"default","site-sidebar-style":"default","ast-global-header-display":"","ast-banner-title-visibility":"","ast-main-header-display":"","ast-hfb-above-header-display":"","ast-hfb-below-header-display":"","ast-hfb-mobile-header-display":"","site-post-title":"","ast-breadcrumbs-content":"","ast-featured-img":"","footer-sml-layout":"","theme-transparent-header-meta":"","adv-header-id-meta":"","stick-header-meta":"","header-above-stick-meta":"","header-main-stick-meta":"","header-below-stick-meta":"","astra-migrate-meta-layouts":"default","ast-page-background-enabled":"default","ast-page-background-meta":{"desktop":{"background-color":"var(--ast-global-color-4)","background-image":"","background-repeat":"repeat","background-position":"center center","background-size":"auto","background-attachment":"scroll","background-type":"","background-media":"","overlay-type":"","overlay-color":"","overlay-opacity":"","overlay-gradient":""},"tablet":{"background-color":"","background-image":"","background-repeat":"repeat","background-position":"center center","background-size":"auto","background-attachment":"scroll","background-type":"","background-media":"","overlay-type":"","overlay-color":"","overlay-opacity":"","overlay-gradient":""},"mobile":{"background-color":"","background-image":"","background-repeat":"repeat","background-position":"center center","background-size":"auto","background-attachment":"scroll","background-type":"","background-media":"","overlay-type":"","overlay-color":"","overlay-opacity":"","overlay-gradient":""}},"ast-content-background-meta":{"desktop":{"background-color":"var(--ast-global-color-5)","background-image":"","background-repeat":"repeat","background-position":"center center","background-size":"auto","background-attachment":"scroll","background-type":"","background-media":"","overlay-type":"","overlay-color":"","overlay-opacity":"","overlay-gradient":""},"tablet":{"background-color":"var(--ast-global-color-5)","background-image":"","background-repeat":"repeat","background-position":"center center","background-size":"auto","background-attachment":"scroll","background-type":"","background-media":"","overlay-type":"","overlay-color":"","overlay-opacity":"","overlay-gradient":""},"mobile":{"background-color":"var(--ast-global-color-5)","background-image":"","background-repeat":"repeat","background-position":"center center","background-size":"auto","background-attachment":"scroll","background-type":"","background-media":"","overlay-type":"","overlay-color":"","overlay-opacity":"","overlay-gradient":""}},"footnotes":""},"categories":[8],"tags":[],"class_list":["post-3341","post","type-post","status-publish","format-standard","has-post-thumbnail","hentry","category-noticias"],"_links":{"self":[{"href":"https:\/\/losperiodistas.com.mx\/portal\/wp-json\/wp\/v2\/posts\/3341","targetHints":{"allow":["GET"]}}],"collection":[{"href":"https:\/\/losperiodistas.com.mx\/portal\/wp-json\/wp\/v2\/posts"}],"about":[{"href":"https:\/\/losperiodistas.com.mx\/portal\/wp-json\/wp\/v2\/types\/post"}],"author":[{"embeddable":true,"href":"https:\/\/losperiodistas.com.mx\/portal\/wp-json\/wp\/v2\/users\/1"}],"replies":[{"embeddable":true,"href":"https:\/\/losperiodistas.com.mx\/portal\/wp-json\/wp\/v2\/comments?post=3341"}],"version-history":[{"count":1,"href":"https:\/\/losperiodistas.com.mx\/portal\/wp-json\/wp\/v2\/posts\/3341\/revisions"}],"predecessor-version":[{"id":3343,"href":"https:\/\/losperiodistas.com.mx\/portal\/wp-json\/wp\/v2\/posts\/3341\/revisions\/3343"}],"wp:featuredmedia":[{"embeddable":true,"href":"https:\/\/losperiodistas.com.mx\/portal\/wp-json\/wp\/v2\/media\/3342"}],"wp:attachment":[{"href":"https:\/\/losperiodistas.com.mx\/portal\/wp-json\/wp\/v2\/media?parent=3341"}],"wp:term":[{"taxonomy":"category","embeddable":true,"href":"https:\/\/losperiodistas.com.mx\/portal\/wp-json\/wp\/v2\/categories?post=3341"},{"taxonomy":"post_tag","embeddable":true,"href":"https:\/\/losperiodistas.com.mx\/portal\/wp-json\/wp\/v2\/tags?post=3341"}],"curies":[{"name":"wp","href":"https:\/\/api.w.org\/{rel}","templated":true}]}}