{"id":3338,"date":"2021-01-15T05:28:19","date_gmt":"2021-01-15T11:28:19","guid":{"rendered":"http:\/\/losperiodistas.com.mx\/portal\/?p=3338"},"modified":"2021-01-15T05:28:19","modified_gmt":"2021-01-15T11:28:19","slug":"todos-vulnerables-al-trafico-de-datos-personales-reporte-indigo","status":"publish","type":"post","link":"https:\/\/losperiodistas.com.mx\/portal\/todos-vulnerables-al-trafico-de-datos-personales-reporte-indigo\/","title":{"rendered":"Todos vulnerables al tr\u00e1fico de datos personales | Reporte Indigo"},"content":{"rendered":"\n<p style=\"font-size:18px\"><em>Los cambios en los t\u00e9rminos de uso de WhatsApp reabrieron el debate sobre el manejo de los datos personales tanto por empresas como por el gobierno. Hoy en d\u00eda, a pesar de que millones de usuarios de la aplicaci\u00f3n se dicen preocupados, la realidad es que su informaci\u00f3n es utilizada con fines comerciales desde hace tiempo<\/em><\/p>\n\n\n\n<p class=\"has-vivid-cyan-blue-color has-text-color has-medium-font-size\">HIDALGO NEIRA \/ REPORTE INDIGO<\/p>\n\n\n\n<p>El esc\u00e1ndalo por los\u00a0<strong>datos personales<\/strong>\u00a0lleg\u00f3 a todos los rincones del mundo junto con la incertidumbre. Ahora los usuarios de\u00a0<strong>WhatsApp<\/strong>\u00a0deben decidir si migrar o no de esta aplicaci\u00f3n de mensajer\u00eda debido a las modificaciones en sus\u00a0<strong>condiciones de uso<\/strong>.<\/p>\n\n\n\n<p>El Instituto Nacional de Transparencia, Acceso a la Informaci\u00f3n y Protecci\u00f3n de Datos Personales (<strong>INAI<\/strong>), alert\u00f3 a los mexicanos acerca de los cambios, ya que al aceptarlos, terceros tendr\u00e1n derecho a revisar, almacenar y observar el comportamiento de su&nbsp;<strong>mensajer\u00eda<\/strong>, contactos personales y hasta transacciones, incluso si se carece de una cuenta o&nbsp;<strong>perfil de Facebook<\/strong>.<\/p>\n\n\n\n<p>Sin embargo, las compa\u00f1\u00edas pertenecientes al multimillonario de 36 a\u00f1os,&nbsp;<strong>Mark Zuckerberg<\/strong>, llevan recabando y utilizando inteligencia artificial para analizar estos datos desde hace m\u00e1s de un lustro.<\/p>\n\n\n\n<p>Entre 2011 y 2013,&nbsp;<strong>Antonio Garc\u00eda Mart\u00ednez<\/strong>, quien fungi\u00f3 como director de intercambio de anuncios para la red social de Zuckerberg, desarroll\u00f3&nbsp;<strong>Facebook Pixel<\/strong>, un c\u00f3digo que virtualmente rastrea desde sitios web todo tipo de informaci\u00f3n que le ayuda a la red social para catapultar&nbsp;<strong>potenciales ventas<\/strong>&nbsp;dentro de la misma.<\/p>\n\n\n\n<p>\u201cLo positivo de la pol\u00e9mica de WhatsApp es que nos hace ver la importancia de la extracci\u00f3n de datos que realizan, en este caso las compa\u00f1\u00edas de la econom\u00eda digital, m\u00e1s all\u00e1 de si es noticia nueva o vieja, porque en su momento nadie le prest\u00f3 atenci\u00f3n\u201d, comenta&nbsp;<strong>Jos\u00e9 Soto Galindo<\/strong>, periodista especializado en protecci\u00f3n de datos personales.<\/p>\n\n\n\n<p>Los cambios que anunci\u00f3 WhatsApp recientemente, se aplican en la pr\u00e1ctica desde hace m\u00e1s de cuatro a\u00f1os, ya que Zuckerberg adquiri\u00f3 la app en 2014 y a partir del 2016, los datos que se comparten en la app de\u00a0<strong>mensajer\u00eda<\/strong>, son minados por Facebook.<\/p>\n\n\n\n<blockquote class=\"wp-block-quote is-layout-flow wp-block-quote-is-layout-flow\"><p>Yo sugiero que no usen WhatsApp, no hay ninguna raz\u00f3n para confiar en Facebook, ellos han sido malos actores en todo el mundo y mienten continuamente a todos los gobiernos que les preguntan de sus pr\u00e1cticas de privacidad<\/p><p>&#8211; Chris Vickery&nbsp;<\/p><p>Director de Investigaci\u00f3n de Riesgo Cibern\u00e9tico en la compa\u00f1\u00eda de ciberseguridad UpGuard en Australia<\/p><\/blockquote>\n\n\n\n<p>Vickery, quien nunca ha usado las redes sociales de Zuckerberg, revel\u00f3 en 2016 que el partido pol\u00edtico&nbsp;<strong>Movimiento Ciudadano<\/strong>&nbsp;hab\u00eda dejado en una nube de Amazon el listado completo del&nbsp;<strong>padr\u00f3n electoral<\/strong>&nbsp;2015, y comparti\u00f3 con esta casa editorial la exclusiva que dio vuelta a M\u00e9xico.<\/p>\n\n\n\n<p>Por su parte, el ciberactivista&nbsp;<strong>Alberto Escorcia<\/strong>, platica con Reporte \u00cdndigo c\u00f3mo es que el manejo de nuestra informaci\u00f3n a trav\u00e9s de WhatsApp es delicado.<\/p>\n\n\n\n<p>\u201cEs una mina de oro, no solamente en temas comerciales, es decir, las grandes empresas quieren esa informaci\u00f3n para sacarle provecho monetariamente, pero en el caso de los gobiernos, tiene que ver m\u00e1s con el control social, para tener tareas de seguridad e inteligencia\u201d, aclara Escorcia, quien ha sido amenazado por denunciar&nbsp;<strong>bots<\/strong>&nbsp;en&nbsp;<strong>redes sociales<\/strong>en la campa\u00f1a Electoral del Estado de M\u00e9xico en 2017.<\/p>\n\n\n\n<p>El momento que predijo\u00a0<strong>George Orwell<\/strong>\u00a0en\u00a0<em>1984<\/em>, cuando el Estado, d\u00edgase el Gran Hermano, nos vigila, ya es una realidad universalmente. Los tres especialistas concuerdan en un mismo punto, estemos en M\u00e9xico, China, Espa\u00f1a, Francia, Estados Unidos o Singapur, todos los ciudadanos del mundo que tengan acceso a la\u00a0<strong>tecnolog\u00eda<\/strong>, ahora estamos\u00a0<strong>vulnerables<\/strong>.<\/p>\n\n\n\n<h3 class=\"wp-block-heading\">DATOS PERSONALES Y BIOM\u00c9TRICOS EN JUEGO<\/h3>\n\n\n\n<p>En la Miscel\u00e1nea fiscal del Paquete Econ\u00f3mico 2021, el Ejecutivo federal propuso que el SAT use los&nbsp;<strong>datos biom\u00e9tricos<\/strong>&nbsp;que tiene recopilados de la ciudadan\u00eda para ofrecer un servicio de identificaci\u00f3n de identidad a otros organismos tanto&nbsp;<strong>p\u00fablicos<\/strong>&nbsp;como&nbsp;<strong>privados<\/strong>, una iniciativa que el Congreso de la Uni\u00f3n aprob\u00f3 y la cual entr\u00f3 en vigor en diciembre del a\u00f1o pasado.<\/p>\n\n\n\n<p>A pesar de que el&nbsp;<strong>SAT<\/strong>&nbsp;asegura que \u201cno expondr\u00e1 en ning\u00fan momento ning\u00fan dato personal proporcionado por el ciudadano\u201d, seg\u00fan se observa en la Gaceta Parlamentaria n\u00famero 5604-D, han habido muchas dudas y cuestionamientos al respecto.<\/p>\n\n\n\n<p>El INAI ya se pronunci\u00f3 en contra de lo que pretende el SAT al considerar inconstitucional la reforma al art\u00edculo 17-f y el 137 del C\u00f3digo Fiscal de la Federaci\u00f3n, por lo que impugn\u00f3 los cambios que realizaron los legisladores ante la&nbsp;<strong>Suprema Corte de Justicia<\/strong>&nbsp;de la Naci\u00f3n.<\/p>\n\n\n\n<p>Escorcia se\u00f1ala que que el \u00f3rgano desconcentrado de la&nbsp;<strong>SHCP<\/strong>, acorrala a los mexicanos sin opci\u00f3n alguna a ceder esta informaci\u00f3n sensible, que adem\u00e1s es intransferible, y subraya de \u201ctenebrosa\u201d esta acci\u00f3n por parte del SAT, ya que estos datos podr\u00edan comercializarse.<\/p>\n\n\n\n<p>\u201cCreo que en algo tan delicado como tu iris u otros datos biom\u00e9tricos s\u00ed deber\u00eda haber alternativas o mayor\u00a0<strong>informaci\u00f3n<\/strong>. Ah\u00ed est\u00e1 el problema, que no se explica la importancia de nuestros datos, porque con eso nos pueden falsificar todo\u201d, argumenta el activista que adem\u00e1s cre\u00f3 el portal Loquesigue.tv.<\/p>\n\n\n\n<p>Fuente: https:\/\/www.reporteindigo.com\/reporte\/todos-vulnerables-al-trafico-de-datos-personales\/<\/p>\n","protected":false},"excerpt":{"rendered":"<p>Los cambios en los t\u00e9rminos de uso de WhatsApp reabrieron el debate sobre el manejo de los datos personales tanto [&hellip;]<\/p>\n","protected":false},"author":1,"featured_media":3339,"comment_status":"open","ping_status":"open","sticky":false,"template":"","format":"standard","meta":{"site-sidebar-layout":"default","site-content-layout":"","ast-site-content-layout":"default","site-content-style":"default","site-sidebar-style":"default","ast-global-header-display":"","ast-banner-title-visibility":"","ast-main-header-display":"","ast-hfb-above-header-display":"","ast-hfb-below-header-display":"","ast-hfb-mobile-header-display":"","site-post-title":"","ast-breadcrumbs-content":"","ast-featured-img":"","footer-sml-layout":"","theme-transparent-header-meta":"","adv-header-id-meta":"","stick-header-meta":"","header-above-stick-meta":"","header-main-stick-meta":"","header-below-stick-meta":"","astra-migrate-meta-layouts":"default","ast-page-background-enabled":"default","ast-page-background-meta":{"desktop":{"background-color":"var(--ast-global-color-4)","background-image":"","background-repeat":"repeat","background-position":"center center","background-size":"auto","background-attachment":"scroll","background-type":"","background-media":"","overlay-type":"","overlay-color":"","overlay-opacity":"","overlay-gradient":""},"tablet":{"background-color":"","background-image":"","background-repeat":"repeat","background-position":"center center","background-size":"auto","background-attachment":"scroll","background-type":"","background-media":"","overlay-type":"","overlay-color":"","overlay-opacity":"","overlay-gradient":""},"mobile":{"background-color":"","background-image":"","background-repeat":"repeat","background-position":"center center","background-size":"auto","background-attachment":"scroll","background-type":"","background-media":"","overlay-type":"","overlay-color":"","overlay-opacity":"","overlay-gradient":""}},"ast-content-background-meta":{"desktop":{"background-color":"var(--ast-global-color-5)","background-image":"","background-repeat":"repeat","background-position":"center center","background-size":"auto","background-attachment":"scroll","background-type":"","background-media":"","overlay-type":"","overlay-color":"","overlay-opacity":"","overlay-gradient":""},"tablet":{"background-color":"var(--ast-global-color-5)","background-image":"","background-repeat":"repeat","background-position":"center center","background-size":"auto","background-attachment":"scroll","background-type":"","background-media":"","overlay-type":"","overlay-color":"","overlay-opacity":"","overlay-gradient":""},"mobile":{"background-color":"var(--ast-global-color-5)","background-image":"","background-repeat":"repeat","background-position":"center center","background-size":"auto","background-attachment":"scroll","background-type":"","background-media":"","overlay-type":"","overlay-color":"","overlay-opacity":"","overlay-gradient":""}},"footnotes":""},"categories":[8],"tags":[],"class_list":["post-3338","post","type-post","status-publish","format-standard","has-post-thumbnail","hentry","category-noticias"],"_links":{"self":[{"href":"https:\/\/losperiodistas.com.mx\/portal\/wp-json\/wp\/v2\/posts\/3338","targetHints":{"allow":["GET"]}}],"collection":[{"href":"https:\/\/losperiodistas.com.mx\/portal\/wp-json\/wp\/v2\/posts"}],"about":[{"href":"https:\/\/losperiodistas.com.mx\/portal\/wp-json\/wp\/v2\/types\/post"}],"author":[{"embeddable":true,"href":"https:\/\/losperiodistas.com.mx\/portal\/wp-json\/wp\/v2\/users\/1"}],"replies":[{"embeddable":true,"href":"https:\/\/losperiodistas.com.mx\/portal\/wp-json\/wp\/v2\/comments?post=3338"}],"version-history":[{"count":1,"href":"https:\/\/losperiodistas.com.mx\/portal\/wp-json\/wp\/v2\/posts\/3338\/revisions"}],"predecessor-version":[{"id":3340,"href":"https:\/\/losperiodistas.com.mx\/portal\/wp-json\/wp\/v2\/posts\/3338\/revisions\/3340"}],"wp:featuredmedia":[{"embeddable":true,"href":"https:\/\/losperiodistas.com.mx\/portal\/wp-json\/wp\/v2\/media\/3339"}],"wp:attachment":[{"href":"https:\/\/losperiodistas.com.mx\/portal\/wp-json\/wp\/v2\/media?parent=3338"}],"wp:term":[{"taxonomy":"category","embeddable":true,"href":"https:\/\/losperiodistas.com.mx\/portal\/wp-json\/wp\/v2\/categories?post=3338"},{"taxonomy":"post_tag","embeddable":true,"href":"https:\/\/losperiodistas.com.mx\/portal\/wp-json\/wp\/v2\/tags?post=3338"}],"curies":[{"name":"wp","href":"https:\/\/api.w.org\/{rel}","templated":true}]}}