{"id":3332,"date":"2021-01-15T05:11:43","date_gmt":"2021-01-15T11:11:43","guid":{"rendered":"http:\/\/losperiodistas.com.mx\/portal\/?p=3332"},"modified":"2021-01-15T05:11:43","modified_gmt":"2021-01-15T11:11:43","slug":"la-fiscalia-de-mexico-exonera-al-general-salvador-cienfuegos-por-falta-de-evidencia-rt","status":"publish","type":"post","link":"https:\/\/losperiodistas.com.mx\/portal\/la-fiscalia-de-mexico-exonera-al-general-salvador-cienfuegos-por-falta-de-evidencia-rt\/","title":{"rendered":"La Fiscal\u00eda de M\u00e9xico exonera al general Salvador Cienfuegos por falta de evidencia | RT"},"content":{"rendered":"\n<p style=\"font-size:18px\"><em>De acuerdo con las autoridades mexicanas, Cienfuegos, acusado de narcotr\u00e1fico, \u00abnunca tuvo encuentro alguno con los integrantes de la organizaci\u00f3n delictiva [\u2026] y tampoco sostuvo comunicaci\u00f3n alguna con ellos\u00bb.<\/em><\/p>\n\n\n\n<p class=\"has-vivid-cyan-blue-color has-text-color has-medium-font-size\">RT<\/p>\n\n\n\n<p>La Fiscal\u00eda General de la Rep\u00fablica (FGR) mexicana decidi\u00f3 no ejercer acci\u00f3n penal contra el exsecretario de la Defensa, el general Salvador Cienfuegos, acusado de narcotr\u00e1fico en territorio estadounidense.<\/p>\n\n\n\n<p>\u00abDel an\u00e1lisis correspondiente, se lleg\u00f3 a la conclusi\u00f3n de que el general Salvador Cienfuegos Zepeda\u00a0<strong>nunca tuvo encuentro alguno con los integrantes de la organizaci\u00f3n delictiva<\/strong>\u00a0investigada por las autoridades norteamericanas; y tampoco sostuvo comunicaci\u00f3n alguna con ellos, ni realiz\u00f3 actos tendientes a proteger o ayudar a dichos individuos\u00bb, reza un\u00a0<a rel=\"noreferrer noopener\" href=\"https:\/\/www.eluniversal.com.mx\/nacion\/fgr-determina-no-ejercer-accion-penal-contra-salvador-cienfuegos-titular-de-sedena-con-pena\" target=\"_blank\">comunicado<\/a>\u00a0de la Fiscal\u00eda, difundido este jueves y citado por medios locales.<\/p>\n\n\n\n<figure class=\"wp-block-embed-twitter wp-block-embed is-type-rich is-provider-twitter\"><div class=\"wp-block-embed__wrapper\">\n<blockquote class=\"twitter-tweet\" data-width=\"500\" data-dnt=\"true\"><p lang=\"es\" dir=\"ltr\">Luego de analizar los elementos probatorios enviados por las autoridades norteamericanas y los aportados por el Gral Salvador Cienfuegos; la <a href=\"https:\/\/twitter.com\/hashtag\/FGR?src=hash&amp;ref_src=twsrc%5Etfw\">#FGR<\/a> concluy\u00f3 que \u00e9l no sostuvo encuentro ni comunicaci\u00f3n con grupo delictivo alguno. Por lo que se determin\u00f3 no ejercer acci\u00f3n penal. <a href=\"https:\/\/t.co\/x3dcPdl2oz\">pic.twitter.com\/x3dcPdl2oz<\/a><\/p>&mdash; FGR M\u00e9xico (@FGRMexico) <a href=\"https:\/\/twitter.com\/FGRMexico\/status\/1349915074316656645?ref_src=twsrc%5Etfw\">January 15, 2021<\/a><\/blockquote><script async src=\"https:\/\/platform.twitter.com\/widgets.js\" charset=\"utf-8\"><\/script>\n<\/div><\/figure>\n\n\n\n<p>Las autoridades indicaron que tampoco se confirm\u00f3 el uso de alg\u00fan equipo o medio electr\u00f3nico para favorecer al grupo delictivo.<\/p>\n\n\n\n<p>\u00abNo apareci\u00f3 dato alguno o s\u00edntoma de obtenci\u00f3n de ingresos ilegales o acrecentamiento de su patrimonio fuera de lo normal, de acuerdo con sus percepciones en el servicio p\u00fablico\u00bb, se\u00f1alaron.<\/p>\n\n\n\n<p>Cienfuegos&nbsp;<strong>fue&nbsp;<\/strong><strong><a href=\"https:\/\/actualidad.rt.com\/actualidad\/370030-detienen-eeuu-general-salvador-cienfuegos-exsecretario-defensa-mexico\" target=\"_blank\" rel=\"noreferrer noopener\">detenido<\/a><\/strong><strong>&nbsp;en Los \u00c1ngeles<\/strong>&nbsp;el pasado 16 de octubre para ser trasladado a Nueva York y enfrentar un proceso judicial por narcotr\u00e1fico y lavado de dinero. El caso deton\u00f3 la molestia del Gobierno de M\u00e9xico, que pidi\u00f3 al Departamento de Justicia de EE.UU. retirar los cargos ante una Corte federal, algo que finalmente ocurri\u00f3.<\/p>\n\n\n\n<p>As\u00ed, el exsecretario\u00a0de la Defensa fue repatriado a M\u00e9xico, donde qued\u00f3 en libertad, aunque fue notificado que\u00a0<strong>estaba siendo investigado por la FGR<\/strong>\u00a0por los mismos delitos que le fueron imputados en EE.UU.<\/p>\n\n\n\n<p>Fuente: https:\/\/actualidad.rt.com\/actualidad\/380225-fiscalia-mexico-exonerar-general-salvador-cienfuegos<\/p>\n","protected":false},"excerpt":{"rendered":"<p>De acuerdo con las autoridades mexicanas, Cienfuegos, acusado de narcotr\u00e1fico, \u00abnunca tuvo encuentro alguno con los integrantes de la organizaci\u00f3n [&hellip;]<\/p>\n","protected":false},"author":1,"featured_media":3333,"comment_status":"open","ping_status":"open","sticky":false,"template":"","format":"standard","meta":{"site-sidebar-layout":"default","site-content-layout":"","ast-site-content-layout":"default","site-content-style":"default","site-sidebar-style":"default","ast-global-header-display":"","ast-banner-title-visibility":"","ast-main-header-display":"","ast-hfb-above-header-display":"","ast-hfb-below-header-display":"","ast-hfb-mobile-header-display":"","site-post-title":"","ast-breadcrumbs-content":"","ast-featured-img":"","footer-sml-layout":"","theme-transparent-header-meta":"","adv-header-id-meta":"","stick-header-meta":"","header-above-stick-meta":"","header-main-stick-meta":"","header-below-stick-meta":"","astra-migrate-meta-layouts":"default","ast-page-background-enabled":"default","ast-page-background-meta":{"desktop":{"background-color":"var(--ast-global-color-4)","background-image":"","background-repeat":"repeat","background-position":"center center","background-size":"auto","background-attachment":"scroll","background-type":"","background-media":"","overlay-type":"","overlay-color":"","overlay-opacity":"","overlay-gradient":""},"tablet":{"background-color":"","background-image":"","background-repeat":"repeat","background-position":"center center","background-size":"auto","background-attachment":"scroll","background-type":"","background-media":"","overlay-type":"","overlay-color":"","overlay-opacity":"","overlay-gradient":""},"mobile":{"background-color":"","background-image":"","background-repeat":"repeat","background-position":"center center","background-size":"auto","background-attachment":"scroll","background-type":"","background-media":"","overlay-type":"","overlay-color":"","overlay-opacity":"","overlay-gradient":""}},"ast-content-background-meta":{"desktop":{"background-color":"var(--ast-global-color-5)","background-image":"","background-repeat":"repeat","background-position":"center center","background-size":"auto","background-attachment":"scroll","background-type":"","background-media":"","overlay-type":"","overlay-color":"","overlay-opacity":"","overlay-gradient":""},"tablet":{"background-color":"var(--ast-global-color-5)","background-image":"","background-repeat":"repeat","background-position":"center center","background-size":"auto","background-attachment":"scroll","background-type":"","background-media":"","overlay-type":"","overlay-color":"","overlay-opacity":"","overlay-gradient":""},"mobile":{"background-color":"var(--ast-global-color-5)","background-image":"","background-repeat":"repeat","background-position":"center center","background-size":"auto","background-attachment":"scroll","background-type":"","background-media":"","overlay-type":"","overlay-color":"","overlay-opacity":"","overlay-gradient":""}},"footnotes":""},"categories":[8],"tags":[],"class_list":["post-3332","post","type-post","status-publish","format-standard","has-post-thumbnail","hentry","category-noticias"],"_links":{"self":[{"href":"https:\/\/losperiodistas.com.mx\/portal\/wp-json\/wp\/v2\/posts\/3332","targetHints":{"allow":["GET"]}}],"collection":[{"href":"https:\/\/losperiodistas.com.mx\/portal\/wp-json\/wp\/v2\/posts"}],"about":[{"href":"https:\/\/losperiodistas.com.mx\/portal\/wp-json\/wp\/v2\/types\/post"}],"author":[{"embeddable":true,"href":"https:\/\/losperiodistas.com.mx\/portal\/wp-json\/wp\/v2\/users\/1"}],"replies":[{"embeddable":true,"href":"https:\/\/losperiodistas.com.mx\/portal\/wp-json\/wp\/v2\/comments?post=3332"}],"version-history":[{"count":1,"href":"https:\/\/losperiodistas.com.mx\/portal\/wp-json\/wp\/v2\/posts\/3332\/revisions"}],"predecessor-version":[{"id":3334,"href":"https:\/\/losperiodistas.com.mx\/portal\/wp-json\/wp\/v2\/posts\/3332\/revisions\/3334"}],"wp:featuredmedia":[{"embeddable":true,"href":"https:\/\/losperiodistas.com.mx\/portal\/wp-json\/wp\/v2\/media\/3333"}],"wp:attachment":[{"href":"https:\/\/losperiodistas.com.mx\/portal\/wp-json\/wp\/v2\/media?parent=3332"}],"wp:term":[{"taxonomy":"category","embeddable":true,"href":"https:\/\/losperiodistas.com.mx\/portal\/wp-json\/wp\/v2\/categories?post=3332"},{"taxonomy":"post_tag","embeddable":true,"href":"https:\/\/losperiodistas.com.mx\/portal\/wp-json\/wp\/v2\/tags?post=3332"}],"curies":[{"name":"wp","href":"https:\/\/api.w.org\/{rel}","templated":true}]}}