{"id":33291,"date":"2022-07-29T07:37:10","date_gmt":"2022-07-29T12:37:10","guid":{"rendered":"http:\/\/losperiodistas.com.mx\/portal\/?p=33291"},"modified":"2022-07-29T07:37:12","modified_gmt":"2022-07-29T12:37:12","slug":"beltrones-sobre-colosio-no-le-conoci-abiertamente-un-enemigo-la-lista","status":"publish","type":"post","link":"https:\/\/losperiodistas.com.mx\/portal\/beltrones-sobre-colosio-no-le-conoci-abiertamente-un-enemigo-la-lista\/","title":{"rendered":"Beltrones sobre Colosio: \u2018No le conoc\u00ed abiertamente un enemigo\u2019 | La-Lista"},"content":{"rendered":"\n<p><em>Beltrones Rivera se\u00f1al\u00f3 que sosten\u00eda reuniones semanales con Colosio y su equipo para planificar los actos de campa\u00f1a del entonces candidato presidencial del PRI, y en una de ellas se abord\u00f3 el tema de su seguridad.<\/em><\/p>\n\n\n\n<p><\/p>\n\n\n\n<figure class=\"wp-block-image size-large is-style-default\"><img fetchpriority=\"high\" decoding=\"async\" width=\"1024\" height=\"576\" src=\"https:\/\/losperiodistas.com.mx\/portal\/wp-content\/uploads\/2022\/07\/colosio_beltrones-1024x576.jpg\" alt=\"\" class=\"wp-image-33292\" srcset=\"https:\/\/losperiodistas.com.mx\/portal\/wp-content\/uploads\/2022\/07\/colosio_beltrones-1024x576.jpg 1024w, https:\/\/losperiodistas.com.mx\/portal\/wp-content\/uploads\/2022\/07\/colosio_beltrones-300x169.jpg 300w, https:\/\/losperiodistas.com.mx\/portal\/wp-content\/uploads\/2022\/07\/colosio_beltrones-768x432.jpg 768w, https:\/\/losperiodistas.com.mx\/portal\/wp-content\/uploads\/2022\/07\/colosio_beltrones.jpg 1280w\" sizes=\"(max-width: 1024px) 100vw, 1024px\" \/><\/figure>\n\n\n\n<p><\/p>\n\n\n\n<p><\/p>\n\n\n\n<p class=\"has-vivid-cyan-blue-color has-text-color has-medium-font-size\">GUSTAVO S\u00c1NCHEZ BEN\u00cdTEZ \/ LA-LISTA<\/p>\n\n\n\n<p><em><strong>Parte 4 de la serie Los Archivos del caso Colosio*<\/strong><\/em><\/p>\n\n\n\n<p>En marzo de 1994, el entonces gobernador de Sonora,&nbsp;<strong>Manlio Fabio Beltrones<\/strong>, acudi\u00f3 a Tijuana, a petici\u00f3n del presidente&nbsp;<strong>Carlos Salinas de Gortari<\/strong>, para reportarle en directo lo que suced\u00eda con Luis Donaldo Colosio, quien durante unas horas luch\u00f3 por su vida luego de los dos balazos que le asestaron en un mitin.<\/p>\n\n\n\n<p>\u201cCuando ocurri\u00f3 el atentado busqu\u00e9 al gobernador de Baja California (Ernesto Ruffo) y se me inform\u00f3 que no estaba en su estado, por ese motivo y estando presente en mi despacho el coordinador de la campa\u00f1a del lic. Colosio, el dr. Ernesto Zedillo, me comuniqu\u00e9 con el gobernador de Sonora (Beltrones) para pedirle que siendo el m\u00e1s cercano al lugar de los hechos se trasladara a la ciudad de Tijuana, cosa que as\u00ed hizo\u201d, declar\u00f3 oficialmente Salinas de Gortari en 1996.<\/p>\n\n\n\n<p>En su propia declaraci\u00f3n, Beltrones no narr\u00f3 todo lo que report\u00f3 a Salinas, sino m\u00e1s bien da sus apreciaciones sobre el pol\u00edtico y su campa\u00f1a, adem\u00e1s sostuvo:<strong>&nbsp;\u201cNo le conoc\u00ed abiertamente un enemigo\u201d<\/strong>, que tambi\u00e9n explic\u00f3 que a Colosio le molestaban las versiones period\u00edsticas que buscaban \u201cdejar en la opini\u00f3n p\u00fablica la sensaci\u00f3n o distancia\u201d con el entonces titular del Ejecutivo.<\/p>\n\n\n\n<p>Antes del magnicidio, el entonces gobernador de Sonora,&nbsp;<strong>Manlio Fabio Beltrones<\/strong>, advirti\u00f3 que el cuerpo de seguridad de Donaldo Colosio&nbsp;<strong>ten\u00eda \u201cdeficiencias\u201d<\/strong>&nbsp;y deb\u00eda ser revisado a profundidad.<\/p>\n\n\n\n<p>Beltrones apunt\u00f3 que, en las reuniones que sosten\u00edan semanalmente para planificar los actos de campa\u00f1a, le extern\u00f3 a Colosio\u00a0<strong>su preocupaci\u00f3n respecto a fallas -que no detall\u00f3- del cuerpo de seguridad<\/strong>\u00a0que lo acompa\u00f1aba en sus giras rumbo a las elecciones de 1994.<\/p>\n\n\n\n<p>No te pierdas:<a href=\"https:\/\/la-lista.com\/politica\/2022\/07\/22\/primer-semestre-de-2022-rompe-record-de-victimas-de-delitos-en-el-sexenio-de-amlo\">Primer semestre de 2022 rompe r\u00e9cord de v\u00edctimas de delitos en el sexenio de AMLO<\/a><\/p>\n\n\n\n<p>Sin embargo, seg\u00fan cont\u00f3 el mismo Beltrones, el entonces candidato priista se neg\u00f3 a hacer un cambio sustancial en el manejo de su seguridad: \u201cMe dec\u00eda que esa era tarea de un \u00e1rea especializada y que el no aceptar\u00eda quede la misma, tuviese que sacrificar en lo personal el&nbsp;<strong>contacto con la poblaci\u00f3n\u201d.<\/strong><\/p>\n\n\n\n<p>El hecho que elev\u00f3 las inquietudes de Beltrones sobre la seguridad de Colosio fue que su entonces procurador estatal, Wenceslao Cota,&nbsp;<strong>le alert\u00f3 sobre la presunta vulnerabilidad en la que se encontrar\u00eda el candidato del presidencial<\/strong>&nbsp;en su gira por Nogales, ciudad a la que viajar\u00eda despu\u00e9s de su visita por Tijuana.<\/p>\n\n\n\n<p>\u201cDe ah\u00ed el esmero que yo quer\u00eda darle en esta reuni\u00f3n del gabinete, en la b\u00fasqueda de una mayor seguridad y atenci\u00f3n a la gira\u201d, se\u00f1al\u00f3 el exgobernador de Sonora.<\/p>\n\n\n\n<p>En el&nbsp;<a href=\"https:\/\/www.gob.mx\/fgr\/articulos\/expediente-del-homicidio-del-licenciado-luis-donaldo-colosio?idiom=es\" target=\"_blank\" rel=\"noreferrer noopener\">expediente p\u00fablico del caso Colosio<\/a>, aparecen las declaraciones que rindieron personajes como Beltrones Rivera; y los ex presidentes Salinas de Gortari y Ernesto Zedillo, ante la entonces Procuradur\u00eda General de la Rep\u00fablica (PGR).<\/p>\n\n\n\n<p>Los documentos adquieren nueva relevancia luego de que el pasado 8 de julio la Fiscal\u00eda General de la Rep\u00fablica (FGR) decidi\u00f3 reabrir el caso de Colosio,&nbsp;<strong>a 28 a\u00f1os del asesinato ocurrido en Lomas Taurinas.<\/strong><\/p>\n\n\n\n<figure class=\"wp-block-image is-style-default\"><img decoding=\"async\" src=\"https:\/\/i0.wp.com\/la-lista.com\/wp-content\/uploads\/2021\/03\/Caso-Colosio.jpg?resize=800%2C483&amp;ssl=1\" alt=\"Beltrones sobre Colosio: 'No le conoc\u00ed abiertamente un enemigo' - Caso-Colosio-1024x618\" class=\"wp-image-27353\"\/><figcaption>Momentos antes del asesinato del candidato priista, Luis Donaldo Colosio. Foto: PGR, archivo<\/figcaption><\/figure>\n\n\n\n<p>La \u00faltima reuni\u00f3n personal que Beltrones sostuvo con Colosio fue el 13 de marzo de 1994,<strong>&nbsp;en la cual el candidato del PRI le pidi\u00f3 al gobernador de Sonora estar al pendiente de la situaci\u00f3n en la entidad<\/strong>, ya que pretend\u00eda visitarlo ese mismo mes.<\/p>\n\n\n\n<p>Pero el 22 de marzo de 1994, un d\u00eda antes del asesinato de Colosio, ambos conversaron por tel\u00e9fono (por \u00faltima vez)&nbsp;<strong>para ajustar detalles de la visita del candidato, la cual se efectuar\u00eda el 25 de ese mes.<\/strong>&nbsp;El asesinato frustr\u00f3 esa gira.<\/p>\n\n\n\n<p>Beltrones explic\u00f3 que se enter\u00f3 del magnicidio por llamadas, entre ellas a un integrante del equipo de campa\u00f1a de Colosio.<\/p>\n\n\n\n<p>El exgobernador de Sonora lleg\u00f3 a Tijuana y se dirigi\u00f3 a las oficinas de la PGR, donde se enter\u00f3 que el entonces presunto asesino de Colosio, Mario Aburto -al ser trasladado de Baja California a la Ciudad de M\u00e9xico-&nbsp;<strong>hab\u00eda solicitado hablar con Manuel Camacho Sol\u00eds<\/strong>, con quien Colosio hab\u00eda ten\u00eda roces pues \u00e9l tambi\u00e9n aspiraba a ser candidato a la Presidencia.<\/p>\n\n\n\n<p>Sobre las versiones de que \u00e9l interrog\u00f3 directamente a Aburto, Betrones las desestim\u00f3: \u201cForman parte de un sinn\u00famero igual de versiones sin fundamento que han aparecido irresponsablemente en algunos medios de comunicaci\u00f3n\u201d.<\/p>\n\n\n\n<p>No te pierdas:<a href=\"https:\/\/la-lista.com\/politica\/2022\/07\/22\/la-fgr-plantea-cerrar-el-caso-contra-pio-lopez-obrador-por-los-sobres-con-dinero\">La FGR plantea cerrar el caso contra P\u00edo L\u00f3pez Obrador de los sobres con dinero<\/a><\/p>\n\n\n\n<p>Beltrones coment\u00f3 que el atentado contra Colosio se hab\u00eda dado en un&nbsp;<strong>\u201cenrarecido ambiente desde el comienzo de su campa\u00f1a pol\u00edtica\u201d<\/strong>&nbsp;por la coincidencia con el nombramiento como comisionado de la paz en Chiapas de Manuel Camacho.<\/p>\n\n\n\n<p>Para Beltrones&nbsp;<strong>el \u201cexcesivo protagonismo\u201d de Camacho<\/strong>&nbsp;en Chiapas provoc\u00f3 muchas especulaciones de car\u00e1cter period\u00edstico, en especial, sobre la relaci\u00f3n pol\u00edtica que el comisionado de paz ten\u00eda con Colosio.<\/p>\n\n\n\n<p>\u201cEsa nueva incursi\u00f3n del licenciado Camacho como comisionado para la paz honorario en Chiapas no ayudaba en la campa\u00f1a pol\u00edtica de Luis Donaldo Colosio, y su excesivo protagonismo enrarec\u00eda el ambiente, ya que \u00e9l era otro de los aspirantes del Partido Revolucionario Institucional a la presidencia de la Rep\u00fablica y era ampliamente conocida su inconformidad cuando la postulaci\u00f3n de Luis Donaldo Colosio\u201d, mencion\u00f3.<\/p>\n\n\n\n<p>Luego del \u201ccobarde\u201d asesinato, Beltrones cont\u00f3 que en el PRI hubo una reuni\u00f3n \u201cexprofeso\u201d, en la que participaron miembros del Comit\u00e9 Ejecutivo Nacional y la mayor\u00eda de los gobernadores priistas de los estados, en la cual se decidi\u00f3 que el CEN nombrara a un candidato sustituto, para lo cual se eligi\u00f3 a Ernesto Zedillo.<\/p>\n\n\n\n<p>Debido a que \u201csiendo el entonces&nbsp;<strong>coordinador de la campa\u00f1a<\/strong>&nbsp;quien m\u00e1s conoc\u00eda de los esfuerzos que se hab\u00edan llevado a cabo en los \u00faltimos meses para consolidar un triunfo en las elecciones\u201d, Zedillo era la mejor opci\u00f3n.<\/p>\n\n\n\n<p>A diferencia de las profusas declaraciones de Carlos Salinas de Gortari o de Manuel Camacho, la de Beltrones no rebasa las veinte p\u00e1ginas.<\/p>\n\n\n\n<p><strong>*A lo largo de esta semana\u00a0<em>La-Lista<\/em>\u00a0recuper\u00f3 varios testimonios de actores clave por considerarlos valiosos ante el anuncio de la reapertura del caso Colosio.<\/strong><\/p>\n\n\n\n<p>No te pierdas:<a href=\"https:\/\/la-lista.com\/politica\/2022\/07\/26\/salinas-sobre-asesinato-de-colosio-fue-un-golpe-tremendo\">Salinas sobre el asesinato de Colosio: \u2018Fue un golpe tremendo en contra m\u00eda\u2019<\/a><\/p>\n\n\n\n<p>Fuente: https:\/\/la-lista.com\/mexico\/2022\/07\/29\/beltrones-sobre-colosio-no-le-conoci-abiertamente-un-enemigo<\/p>\n","protected":false},"excerpt":{"rendered":"<p>Beltrones Rivera se\u00f1al\u00f3 que sosten\u00eda reuniones semanales con Colosio y su equipo para planificar los actos de campa\u00f1a del entonces [&hellip;]<\/p>\n","protected":false},"author":1,"featured_media":33292,"comment_status":"open","ping_status":"open","sticky":false,"template":"","format":"standard","meta":{"site-sidebar-layout":"default","site-content-layout":"","ast-site-content-layout":"default","site-content-style":"default","site-sidebar-style":"default","ast-global-header-display":"","ast-banner-title-visibility":"","ast-main-header-display":"","ast-hfb-above-header-display":"","ast-hfb-below-header-display":"","ast-hfb-mobile-header-display":"","site-post-title":"","ast-breadcrumbs-content":"","ast-featured-img":"","footer-sml-layout":"","theme-transparent-header-meta":"","adv-header-id-meta":"","stick-header-meta":"","header-above-stick-meta":"","header-main-stick-meta":"","header-below-stick-meta":"","astra-migrate-meta-layouts":"default","ast-page-background-enabled":"default","ast-page-background-meta":{"desktop":{"background-color":"var(--ast-global-color-4)","background-image":"","background-repeat":"repeat","background-position":"center center","background-size":"auto","background-attachment":"scroll","background-type":"","background-media":"","overlay-type":"","overlay-color":"","overlay-opacity":"","overlay-gradient":""},"tablet":{"background-color":"","background-image":"","background-repeat":"repeat","background-position":"center center","background-size":"auto","background-attachment":"scroll","background-type":"","background-media":"","overlay-type":"","overlay-color":"","overlay-opacity":"","overlay-gradient":""},"mobile":{"background-color":"","background-image":"","background-repeat":"repeat","background-position":"center center","background-size":"auto","background-attachment":"scroll","background-type":"","background-media":"","overlay-type":"","overlay-color":"","overlay-opacity":"","overlay-gradient":""}},"ast-content-background-meta":{"desktop":{"background-color":"var(--ast-global-color-5)","background-image":"","background-repeat":"repeat","background-position":"center center","background-size":"auto","background-attachment":"scroll","background-type":"","background-media":"","overlay-type":"","overlay-color":"","overlay-opacity":"","overlay-gradient":""},"tablet":{"background-color":"var(--ast-global-color-5)","background-image":"","background-repeat":"repeat","background-position":"center center","background-size":"auto","background-attachment":"scroll","background-type":"","background-media":"","overlay-type":"","overlay-color":"","overlay-opacity":"","overlay-gradient":""},"mobile":{"background-color":"var(--ast-global-color-5)","background-image":"","background-repeat":"repeat","background-position":"center center","background-size":"auto","background-attachment":"scroll","background-type":"","background-media":"","overlay-type":"","overlay-color":"","overlay-opacity":"","overlay-gradient":""}},"footnotes":""},"categories":[8],"tags":[1233,4825],"class_list":["post-33291","post","type-post","status-publish","format-standard","has-post-thumbnail","hentry","category-noticias","tag-luis-donaldo-colosio","tag-manlio-fabio-beltrones"],"_links":{"self":[{"href":"https:\/\/losperiodistas.com.mx\/portal\/wp-json\/wp\/v2\/posts\/33291","targetHints":{"allow":["GET"]}}],"collection":[{"href":"https:\/\/losperiodistas.com.mx\/portal\/wp-json\/wp\/v2\/posts"}],"about":[{"href":"https:\/\/losperiodistas.com.mx\/portal\/wp-json\/wp\/v2\/types\/post"}],"author":[{"embeddable":true,"href":"https:\/\/losperiodistas.com.mx\/portal\/wp-json\/wp\/v2\/users\/1"}],"replies":[{"embeddable":true,"href":"https:\/\/losperiodistas.com.mx\/portal\/wp-json\/wp\/v2\/comments?post=33291"}],"version-history":[{"count":1,"href":"https:\/\/losperiodistas.com.mx\/portal\/wp-json\/wp\/v2\/posts\/33291\/revisions"}],"predecessor-version":[{"id":33293,"href":"https:\/\/losperiodistas.com.mx\/portal\/wp-json\/wp\/v2\/posts\/33291\/revisions\/33293"}],"wp:featuredmedia":[{"embeddable":true,"href":"https:\/\/losperiodistas.com.mx\/portal\/wp-json\/wp\/v2\/media\/33292"}],"wp:attachment":[{"href":"https:\/\/losperiodistas.com.mx\/portal\/wp-json\/wp\/v2\/media?parent=33291"}],"wp:term":[{"taxonomy":"category","embeddable":true,"href":"https:\/\/losperiodistas.com.mx\/portal\/wp-json\/wp\/v2\/categories?post=33291"},{"taxonomy":"post_tag","embeddable":true,"href":"https:\/\/losperiodistas.com.mx\/portal\/wp-json\/wp\/v2\/tags?post=33291"}],"curies":[{"name":"wp","href":"https:\/\/api.w.org\/{rel}","templated":true}]}}