{"id":3329,"date":"2021-01-16T09:07:14","date_gmt":"2021-01-16T15:07:14","guid":{"rendered":"http:\/\/losperiodistas.com.mx\/portal\/?p=3329"},"modified":"2021-01-16T09:07:58","modified_gmt":"2021-01-16T15:07:58","slug":"japon-contempla-imponer-fuertes-multas-economicas-o-carcel-a-quien-no-cumpla-con-las-medidas-para-contener-el-coronavirus-rt","status":"publish","type":"post","link":"https:\/\/losperiodistas.com.mx\/portal\/japon-contempla-imponer-fuertes-multas-economicas-o-carcel-a-quien-no-cumpla-con-las-medidas-para-contener-el-coronavirus-rt\/","title":{"rendered":"Jap\u00f3n contempla imponer fuertes multas econ\u00f3micas o c\u00e1rcel a quien no cumpla con las medidas para contener el coronavirus | RT"},"content":{"rendered":"\n<p style=\"font-size:18px\"><em>Las penas ser\u00e1n aplicadas a aquellas personas contagiadas que se nieguen a ser hospitalizadas o a colaborar con las autoridades brindando informaci\u00f3n.<\/em><\/p>\n\n\n\n<p class=\"has-vivid-cyan-blue-color has-text-color has-medium-font-size\">RT<\/p>\n\n\n\n<p>Ante el aumento en el n\u00famero de casos de coronavirus registrados recientemente en Jap\u00f3n, el Ministerio de Salud, Trabajo y Bienestar Social sostuvo este viernes una reuni\u00f3n en la que explor\u00f3 la posibilidad de castigar con multas o c\u00e1rcel a aquellos que fallen en cumplir las medidas sanitarias,&nbsp;<a href=\"https:\/\/www.japantimes.co.jp\/news\/2021\/01\/15\/national\/covid-19-rules-punishments\/\" target=\"_blank\" rel=\"noreferrer noopener\">informa<\/a>&nbsp;The Japan Times.<\/p>\n\n\n\n<p>En la junta encabezada por el primer ministro nip\u00f3n, Yoshihide Suga, las autoridades discutieron una propuesta de revisi\u00f3n de las legislaciones sobre enfermedades infecciosas, en la que se contempla aplicar fuertes multas econ\u00f3micas, o incluso penas de prisi\u00f3n, a las personas contagiadas con covid-19 que se reh\u00fasen a ser hospitalizadas o a cooperar con los esfuerzos de localizaci\u00f3n de contactos.<\/p>\n\n\n\n<p>De ser aprobada la pr\u00f3xima semana por el poder Legislativo japon\u00e9s, aquellos que no acepten ser hospitalizados se enfrentar\u00e1n a una multa m\u00e1xima cercana a los&nbsp;<strong>9.600 d\u00f3lares<\/strong>&nbsp;o a una sentencia de prisi\u00f3n de hasta&nbsp;<strong>un a\u00f1o<\/strong>.<\/p>\n\n\n\n<p>Asimismo,&nbsp;quienes se nieguen a dar informaci\u00f3n que permita rastrear a las personas con&nbsp;las que han tenido contacto, o brinden informaci\u00f3n falsa, podr\u00edan hacerse acreedores a una multa m\u00e1xima de unos&nbsp;<strong>4.800 d\u00f3lares<\/strong>, o ser condenados a&nbsp;<strong>seis meses<\/strong>&nbsp;de c\u00e1rcel.<\/p>\n\n\n\n<figure class=\"wp-block-image\"><img decoding=\"async\" src=\"https:\/\/cdni.rt.com\/actualidad\/public_images\/2021.01\/thumbnail\/60009c7359bf5b4bcb272338.JPG\" alt=\"Detectan en Kenia una nueva variante de coronavirus &quot;nunca antes vista en el mundo&quot;\"\/><\/figure>\n\n\n\n<p><a href=\"https:\/\/actualidad.rt.com\/actualidad\/380190-expertos-detectar-nueva-variante-coronavirus-kenia\">Detectan en Kenia una nueva variante de coronavirus \u00abnunca antes vista en el mundo\u00bb<\/a><\/p>\n\n\n\n<p>No obstante, algunos funcionarios de alto nivel han expresado sus dudas sobre la eficacia de la medida para contener los contagios, as\u00ed como sobre su implementaci\u00f3n. En este sentido, Atsuko Tanaka, vicepresidenta de la Oficina de Bienestar Social y Salud P\u00fablica del Gobierno Metropolitano de Tokio, se\u00f1al\u00f3 que decidir qui\u00e9n debe ser sancionado podr\u00eda, en realidad, aumentar la carga de los trabajadores de la salud.<\/p>\n\n\n\n<p>Hasta el momento, de acuerdo a los datos de la Universidad Johns Hopkins, en el pa\u00eds asi\u00e1tico se ha&nbsp;<a rel=\"noreferrer noopener\" href=\"https:\/\/coronavirus.jhu.edu\/map.html\" target=\"_blank\">registrado<\/a>&nbsp;un total de&nbsp;<strong>324.828<\/strong>&nbsp;infecciones por SARS-CoV-2 y las muertes a causa del virus ya suman&nbsp;<strong>4.248.<\/strong><\/p>\n\n\n\n<p>Fuente: https:\/\/actualidad.rt.com\/actualidad\/380377-japon-cotempla-imponer-fuertes-multas-carcel-medidas-conterner-coronavirus<\/p>\n","protected":false},"excerpt":{"rendered":"<p>Las penas ser\u00e1n aplicadas a aquellas personas contagiadas que se nieguen a ser hospitalizadas o a colaborar con las autoridades [&hellip;]<\/p>\n","protected":false},"author":1,"featured_media":3371,"comment_status":"open","ping_status":"open","sticky":false,"template":"","format":"standard","meta":{"site-sidebar-layout":"default","site-content-layout":"","ast-site-content-layout":"default","site-content-style":"default","site-sidebar-style":"default","ast-global-header-display":"","ast-banner-title-visibility":"","ast-main-header-display":"","ast-hfb-above-header-display":"","ast-hfb-below-header-display":"","ast-hfb-mobile-header-display":"","site-post-title":"","ast-breadcrumbs-content":"","ast-featured-img":"","footer-sml-layout":"","theme-transparent-header-meta":"","adv-header-id-meta":"","stick-header-meta":"","header-above-stick-meta":"","header-main-stick-meta":"","header-below-stick-meta":"","astra-migrate-meta-layouts":"default","ast-page-background-enabled":"default","ast-page-background-meta":{"desktop":{"background-color":"var(--ast-global-color-4)","background-image":"","background-repeat":"repeat","background-position":"center center","background-size":"auto","background-attachment":"scroll","background-type":"","background-media":"","overlay-type":"","overlay-color":"","overlay-opacity":"","overlay-gradient":""},"tablet":{"background-color":"","background-image":"","background-repeat":"repeat","background-position":"center center","background-size":"auto","background-attachment":"scroll","background-type":"","background-media":"","overlay-type":"","overlay-color":"","overlay-opacity":"","overlay-gradient":""},"mobile":{"background-color":"","background-image":"","background-repeat":"repeat","background-position":"center center","background-size":"auto","background-attachment":"scroll","background-type":"","background-media":"","overlay-type":"","overlay-color":"","overlay-opacity":"","overlay-gradient":""}},"ast-content-background-meta":{"desktop":{"background-color":"var(--ast-global-color-5)","background-image":"","background-repeat":"repeat","background-position":"center center","background-size":"auto","background-attachment":"scroll","background-type":"","background-media":"","overlay-type":"","overlay-color":"","overlay-opacity":"","overlay-gradient":""},"tablet":{"background-color":"var(--ast-global-color-5)","background-image":"","background-repeat":"repeat","background-position":"center center","background-size":"auto","background-attachment":"scroll","background-type":"","background-media":"","overlay-type":"","overlay-color":"","overlay-opacity":"","overlay-gradient":""},"mobile":{"background-color":"var(--ast-global-color-5)","background-image":"","background-repeat":"repeat","background-position":"center center","background-size":"auto","background-attachment":"scroll","background-type":"","background-media":"","overlay-type":"","overlay-color":"","overlay-opacity":"","overlay-gradient":""}},"footnotes":""},"categories":[8],"tags":[],"class_list":["post-3329","post","type-post","status-publish","format-standard","has-post-thumbnail","hentry","category-noticias"],"_links":{"self":[{"href":"https:\/\/losperiodistas.com.mx\/portal\/wp-json\/wp\/v2\/posts\/3329","targetHints":{"allow":["GET"]}}],"collection":[{"href":"https:\/\/losperiodistas.com.mx\/portal\/wp-json\/wp\/v2\/posts"}],"about":[{"href":"https:\/\/losperiodistas.com.mx\/portal\/wp-json\/wp\/v2\/types\/post"}],"author":[{"embeddable":true,"href":"https:\/\/losperiodistas.com.mx\/portal\/wp-json\/wp\/v2\/users\/1"}],"replies":[{"embeddable":true,"href":"https:\/\/losperiodistas.com.mx\/portal\/wp-json\/wp\/v2\/comments?post=3329"}],"version-history":[{"count":2,"href":"https:\/\/losperiodistas.com.mx\/portal\/wp-json\/wp\/v2\/posts\/3329\/revisions"}],"predecessor-version":[{"id":3372,"href":"https:\/\/losperiodistas.com.mx\/portal\/wp-json\/wp\/v2\/posts\/3329\/revisions\/3372"}],"wp:featuredmedia":[{"embeddable":true,"href":"https:\/\/losperiodistas.com.mx\/portal\/wp-json\/wp\/v2\/media\/3371"}],"wp:attachment":[{"href":"https:\/\/losperiodistas.com.mx\/portal\/wp-json\/wp\/v2\/media?parent=3329"}],"wp:term":[{"taxonomy":"category","embeddable":true,"href":"https:\/\/losperiodistas.com.mx\/portal\/wp-json\/wp\/v2\/categories?post=3329"},{"taxonomy":"post_tag","embeddable":true,"href":"https:\/\/losperiodistas.com.mx\/portal\/wp-json\/wp\/v2\/tags?post=3329"}],"curies":[{"name":"wp","href":"https:\/\/api.w.org\/{rel}","templated":true}]}}