{"id":33279,"date":"2022-07-29T06:18:27","date_gmt":"2022-07-29T11:18:27","guid":{"rendered":"http:\/\/losperiodistas.com.mx\/portal\/?p=33279"},"modified":"2022-07-29T06:18:29","modified_gmt":"2022-07-29T11:18:29","slug":"en-un-dia-24-mil-893-contagios-y-113-defunciones-por-covid-19-proceso","status":"publish","type":"post","link":"https:\/\/losperiodistas.com.mx\/portal\/en-un-dia-24-mil-893-contagios-y-113-defunciones-por-covid-19-proceso\/","title":{"rendered":"En un d\u00eda, 24 mil 893 contagios y 113 defunciones por covid-19 | Proceso"},"content":{"rendered":"\n<p><strong><em>La ocupaci\u00f3n hospitalaria de camas generales disminuy\u00f3 un punto porcentual, para ubicarse en 17 por ciento, y con ventilador mec\u00e1nico se mantiene en cinco por ciento, inform\u00f3 la Secretar\u00eda de Salud.<\/em><\/strong><\/p>\n\n\n\n<p><\/p>\n\n\n\n<figure class=\"wp-block-image size-full is-style-default\"><img fetchpriority=\"high\" decoding=\"async\" width=\"800\" height=\"450\" src=\"https:\/\/losperiodistas.com.mx\/portal\/wp-content\/uploads\/2022\/07\/f800x450-158793_210239_5050.jpeg\" alt=\"\" class=\"wp-image-33280\" srcset=\"https:\/\/losperiodistas.com.mx\/portal\/wp-content\/uploads\/2022\/07\/f800x450-158793_210239_5050.jpeg 800w, https:\/\/losperiodistas.com.mx\/portal\/wp-content\/uploads\/2022\/07\/f800x450-158793_210239_5050-300x169.jpeg 300w, https:\/\/losperiodistas.com.mx\/portal\/wp-content\/uploads\/2022\/07\/f800x450-158793_210239_5050-768x432.jpeg 768w\" sizes=\"(max-width: 800px) 100vw, 800px\" \/><figcaption>Aplicaci\u00f3n de pruebas en Chilpancingo, Guerrero. Foto: Jos\u00e9 Luis de la Cruz<\/figcaption><\/figure>\n\n\n\n<p class=\"has-vivid-cyan-blue-color has-text-color has-medium-font-size\">REDACCI\u00d3N PROCESO<\/p>\n\n\n\n<p>CIUDAD DE M\u00c9XICO (apro).- M\u00e9xico lleg\u00f3 este jueves a 327 mil 525 fallecidos por covid-19 desde que comenz\u00f3 la pandemia, un incremento de 113 decesos en las \u00faltimas 24 horas.<\/p>\n\n\n\n<p>El informe t\u00e9cnico de la Ssa sobre coronavirus correspondiente a este d\u00eda registra que el pa\u00eds alcanz\u00f3 los 6 millones 711 mil 847 casos confirmados, lo que representa un aumento de 24 mil 893.<\/p>\n\n\n\n<h5 class=\"wp-block-heading\">NOTICIAS RELACIONADAS<\/h5>\n\n\n\n<ul class=\"wp-block-list\"><li><a href=\"https:\/\/www.proceso.com.mx\/nacional\/2022\/7\/28\/inegi-revela-que-enfermedades-del-corazon-covid-19-diabetes-son-las-principales-causas-de-muerte-290443.html\">Inegi revela que enfermedades del coraz\u00f3n, covid-19 y diabetes son las principales causas de muerte<\/a><\/li><li><a href=\"https:\/\/www.proceso.com.mx\/nacional\/2022\/7\/27\/por-segundo-dia-consecutivo-mas-de-150-muertos-por-covid-19-en-mexico-290410.html\">Por segundo d\u00eda consecutivo, m\u00e1s de 150 muertos por covid-19 en M\u00e9xico<\/a><\/li><li><a href=\"https:\/\/www.proceso.com.mx\/internacional\/2022\/7\/26\/investigadores-confirman-que-el-covid-19-se-origino-en-el-mercado-de-animales-vivos-de-wuhan-290297.html\">Investigadores confirman que el covid-19 se origin\u00f3 en el mercado de animales vivos de Wuhan<\/a><\/li><\/ul>\n\n\n\n<p>Los activos estimados con s\u00edntomas en los \u00faltimos 14 d\u00edas suman 192 mil 206.<\/p>\n\n\n\n<p>La ocupaci\u00f3n hospitalaria de camas generales disminuy\u00f3 un punto porcentual, para ubicarse en 17 por ciento, y con ventilador mec\u00e1nico se mantiene en cinco por ciento.<\/p>\n\n\n\n<p>La semana epidemiol\u00f3gica n\u00famero 29, que abarca del 17 al 23 de julio, registra un promedio diario de 18 mil 76 casos, cifra inferior a la semana 28, en la que se detectaron 26 mil 145 contagios.<\/p>\n\n\n\n<figure class=\"wp-block-embed is-type-rich is-provider-twitter wp-block-embed-twitter\"><div class=\"wp-block-embed__wrapper\">\n<blockquote class=\"twitter-tweet\" data-width=\"500\" data-dnt=\"true\"><p lang=\"es\" dir=\"ltr\">Comunicado T\u00e9cnico Diario <a href=\"https:\/\/twitter.com\/hashtag\/COVID19?src=hash&amp;ref_src=twsrc%5Etfw\">#COVID19<\/a> | 28 de julio del 2022<br><br>\u27a1\ufe0f <a href=\"https:\/\/t.co\/r73e11kNhI\">https:\/\/t.co\/r73e11kNhI<\/a> <a href=\"https:\/\/t.co\/eHqVfKIFSH\">pic.twitter.com\/eHqVfKIFSH<\/a><\/p>&mdash; SALUD M\u00e9xico (@SSalud_mx) <a href=\"https:\/\/twitter.com\/SSalud_mx\/status\/1552782437155049472?ref_src=twsrc%5Etfw\">July 28, 2022<\/a><\/blockquote><script async src=\"https:\/\/platform.twitter.com\/widgets.js\" charset=\"utf-8\"><\/script>\n<\/div><\/figure>\n\n\n\n<p>Fuente: https:\/\/www.proceso.com.mx\/nacional\/2022\/7\/28\/en-un-dia-24-mil-893-contagios-113-defunciones-por-covid-19-290493.html<\/p>\n","protected":false},"excerpt":{"rendered":"<p>La ocupaci\u00f3n hospitalaria de camas generales disminuy\u00f3 un punto porcentual, para ubicarse en 17 por ciento, y con ventilador mec\u00e1nico [&hellip;]<\/p>\n","protected":false},"author":1,"featured_media":33280,"comment_status":"open","ping_status":"open","sticky":false,"template":"","format":"standard","meta":{"site-sidebar-layout":"default","site-content-layout":"","ast-site-content-layout":"default","site-content-style":"default","site-sidebar-style":"default","ast-global-header-display":"","ast-banner-title-visibility":"","ast-main-header-display":"","ast-hfb-above-header-display":"","ast-hfb-below-header-display":"","ast-hfb-mobile-header-display":"","site-post-title":"","ast-breadcrumbs-content":"","ast-featured-img":"","footer-sml-layout":"","theme-transparent-header-meta":"","adv-header-id-meta":"","stick-header-meta":"","header-above-stick-meta":"","header-main-stick-meta":"","header-below-stick-meta":"","astra-migrate-meta-layouts":"default","ast-page-background-enabled":"default","ast-page-background-meta":{"desktop":{"background-color":"var(--ast-global-color-4)","background-image":"","background-repeat":"repeat","background-position":"center center","background-size":"auto","background-attachment":"scroll","background-type":"","background-media":"","overlay-type":"","overlay-color":"","overlay-opacity":"","overlay-gradient":""},"tablet":{"background-color":"","background-image":"","background-repeat":"repeat","background-position":"center center","background-size":"auto","background-attachment":"scroll","background-type":"","background-media":"","overlay-type":"","overlay-color":"","overlay-opacity":"","overlay-gradient":""},"mobile":{"background-color":"","background-image":"","background-repeat":"repeat","background-position":"center center","background-size":"auto","background-attachment":"scroll","background-type":"","background-media":"","overlay-type":"","overlay-color":"","overlay-opacity":"","overlay-gradient":""}},"ast-content-background-meta":{"desktop":{"background-color":"var(--ast-global-color-5)","background-image":"","background-repeat":"repeat","background-position":"center center","background-size":"auto","background-attachment":"scroll","background-type":"","background-media":"","overlay-type":"","overlay-color":"","overlay-opacity":"","overlay-gradient":""},"tablet":{"background-color":"var(--ast-global-color-5)","background-image":"","background-repeat":"repeat","background-position":"center center","background-size":"auto","background-attachment":"scroll","background-type":"","background-media":"","overlay-type":"","overlay-color":"","overlay-opacity":"","overlay-gradient":""},"mobile":{"background-color":"var(--ast-global-color-5)","background-image":"","background-repeat":"repeat","background-position":"center center","background-size":"auto","background-attachment":"scroll","background-type":"","background-media":"","overlay-type":"","overlay-color":"","overlay-opacity":"","overlay-gradient":""}},"footnotes":""},"categories":[8],"tags":[6660,10714],"class_list":["post-33279","post","type-post","status-publish","format-standard","has-post-thumbnail","hentry","category-noticias","tag-mexico-covid-19","tag-quinta-ola"],"_links":{"self":[{"href":"https:\/\/losperiodistas.com.mx\/portal\/wp-json\/wp\/v2\/posts\/33279","targetHints":{"allow":["GET"]}}],"collection":[{"href":"https:\/\/losperiodistas.com.mx\/portal\/wp-json\/wp\/v2\/posts"}],"about":[{"href":"https:\/\/losperiodistas.com.mx\/portal\/wp-json\/wp\/v2\/types\/post"}],"author":[{"embeddable":true,"href":"https:\/\/losperiodistas.com.mx\/portal\/wp-json\/wp\/v2\/users\/1"}],"replies":[{"embeddable":true,"href":"https:\/\/losperiodistas.com.mx\/portal\/wp-json\/wp\/v2\/comments?post=33279"}],"version-history":[{"count":1,"href":"https:\/\/losperiodistas.com.mx\/portal\/wp-json\/wp\/v2\/posts\/33279\/revisions"}],"predecessor-version":[{"id":33281,"href":"https:\/\/losperiodistas.com.mx\/portal\/wp-json\/wp\/v2\/posts\/33279\/revisions\/33281"}],"wp:featuredmedia":[{"embeddable":true,"href":"https:\/\/losperiodistas.com.mx\/portal\/wp-json\/wp\/v2\/media\/33280"}],"wp:attachment":[{"href":"https:\/\/losperiodistas.com.mx\/portal\/wp-json\/wp\/v2\/media?parent=33279"}],"wp:term":[{"taxonomy":"category","embeddable":true,"href":"https:\/\/losperiodistas.com.mx\/portal\/wp-json\/wp\/v2\/categories?post=33279"},{"taxonomy":"post_tag","embeddable":true,"href":"https:\/\/losperiodistas.com.mx\/portal\/wp-json\/wp\/v2\/tags?post=33279"}],"curies":[{"name":"wp","href":"https:\/\/api.w.org\/{rel}","templated":true}]}}