{"id":33254,"date":"2022-07-28T19:12:18","date_gmt":"2022-07-29T00:12:18","guid":{"rendered":"http:\/\/losperiodistas.com.mx\/portal\/?p=33254"},"modified":"2022-07-28T19:12:20","modified_gmt":"2022-07-29T00:12:20","slug":"sacerdote-es-baleado-en-chilapa-guerrero-esta-herido-sdp","status":"publish","type":"post","link":"https:\/\/losperiodistas.com.mx\/portal\/sacerdote-es-baleado-en-chilapa-guerrero-esta-herido-sdp\/","title":{"rendered":"Sacerdote es baleado en Chilapa, Guerrero; est\u00e1 herido | SDP"},"content":{"rendered":"\n<p>Un sacerdote fue interceptado por un grupo armado y baleado en Chilapa, Guerrero.<\/p>\n\n\n\n<p><\/p>\n\n\n\n<figure class=\"wp-block-image size-large is-style-default\"><img fetchpriority=\"high\" decoding=\"async\" width=\"1024\" height=\"576\" src=\"https:\/\/losperiodistas.com.mx\/portal\/wp-content\/uploads\/2022\/07\/3NTXYYKTJRBKLHUII2CKJLCZOM-1024x576.jpg\" alt=\"\" class=\"wp-image-33256\" srcset=\"https:\/\/losperiodistas.com.mx\/portal\/wp-content\/uploads\/2022\/07\/3NTXYYKTJRBKLHUII2CKJLCZOM-1024x576.jpg 1024w, https:\/\/losperiodistas.com.mx\/portal\/wp-content\/uploads\/2022\/07\/3NTXYYKTJRBKLHUII2CKJLCZOM-300x169.jpg 300w, https:\/\/losperiodistas.com.mx\/portal\/wp-content\/uploads\/2022\/07\/3NTXYYKTJRBKLHUII2CKJLCZOM-768x432.jpg 768w, https:\/\/losperiodistas.com.mx\/portal\/wp-content\/uploads\/2022\/07\/3NTXYYKTJRBKLHUII2CKJLCZOM.jpg 1280w\" sizes=\"(max-width: 1024px) 100vw, 1024px\" \/><figcaption><strong>POLIC\u00cdA MUNICIPAL\u00a0<\/strong>(ESPECIAL \/ INTERNET)<\/figcaption><\/figure>\n\n\n\n<p class=\"has-vivid-cyan-blue-color has-text-color has-medium-font-size\">EVELYN RUIZ \/ SDP NOTICIAS<\/p>\n\n\n\n<p>En<strong>&nbsp;Chilapa, Guerrero<\/strong>, un&nbsp;<a href=\"https:\/\/www.sdpnoticias.com\/estados\/cerocahui-chihuahua-sacerdotes-jesuitas-fueron-asesinados-en-un-templo-la-compania-de-jesus-exige-la-devolucion-de-los-cuerpos\/\" target=\"_blank\" rel=\"noreferrer noopener\"><strong>sacerdote<\/strong><\/a>&nbsp;<strong>fue baleado<\/strong>, por lo que<strong>&nbsp;result\u00f3 herido.<\/strong><\/p>\n\n\n\n<p>Se trata del&nbsp;<strong>sacerdote<\/strong>&nbsp;Felipe V\u00e9lez Jim\u00e9nez, quien&nbsp;<strong>fue baleado&nbsp;<\/strong>en la localidad de Los Claveles, en el municipio de&nbsp;<strong>Chilapa&nbsp;<\/strong>en<strong>&nbsp;Guerrero.<\/strong><\/p>\n\n\n\n<p>El ataque habr\u00eda ocurrido la tarde de este jueves 28 de julio, a las 12:20 horas, seg\u00fan el reporte de las autoridades.<\/p>\n\n\n\n<p>La Fiscal\u00eda General de Guerrero detall\u00f3 que el sacerdote sal\u00eda de&nbsp;<strong>Chilapa<\/strong>&nbsp;para dirigirse hacia la capital del estado, Chilpancingo.<\/p>\n\n\n\n<p>El sacerdote, que iba a bordo de un veh\u00edculo gris Nissan, fue interceptado por un grupo de hombres armados, quienes&nbsp;<strong>lo atacaron a balazos.<\/strong><\/p>\n\n\n\n<h2 class=\"wp-block-heading\">Sacerdote recibe impacto de bala en el rostro; se encuentra estable<\/h2>\n\n\n\n<p>Luego del<strong>&nbsp;ataque a balazos,<\/strong>&nbsp;las autoridades se\u00f1alaron que el&nbsp;<strong>sacerdote<\/strong>&nbsp;fue trasladado al hospital general de&nbsp;<strong>Chilapa<\/strong>, donde se encuentra en terapia intensiva pero que est\u00e1 fuera de peligro.<\/p>\n\n\n\n<p>A consecuencia del ataque, el&nbsp;<strong>sacerdote<\/strong>&nbsp;present\u00f3 lesiones en el rostro, pues una&nbsp;bala le dio en el p\u00f3mulo derecho.<\/p>\n\n\n\n<p>El\u00a0<strong>sacerdote<\/strong>\u00a0Felipe V\u00e9lez Jim\u00e9nez es p\u00e1rroco de la iglesia de San Gerardo de Iguala, la cual brinda apoyo a los colectivos conformados por familiares de personas desaparecidas.<\/p>\n\n\n\n<p>Se presume que el&nbsp;<strong>sacerdote<\/strong>&nbsp;estaba en&nbsp;<strong>Chilapa<\/strong>&nbsp;debido a un asunto personal, pero a su salida fue&nbsp;<strong>baleado<\/strong>&nbsp;por un&nbsp;grupo armado.<\/p>\n\n\n\n<p>Informaci\u00f3n del Reforma detall\u00f3 que el&nbsp;<strong>sacerdote<\/strong>&nbsp;Felipe V\u00e9lez Jim\u00e9nez habr\u00eda acudido a Chilapa como parte de una visita que hizo con amigos.<\/p>\n\n\n\n<h2 class=\"wp-block-heading\">Van 7 sacerdotes asesinados en M\u00e9xico durante el sexenio de AMLO<\/h2>\n\n\n\n<p>Hasta el pasado 20 de junio, se reportaron&nbsp;<a href=\"https:\/\/www.sdpnoticias.com\/mexico\/cuantos-sacerdotes-han-matado-en-mexico-este-sexenio\/\" target=\"_blank\" rel=\"noreferrer noopener\">7 sacerdotes asesinados en M\u00e9xico durante el sexenio de AMLO.<\/a><\/p>\n\n\n\n<p>Un&nbsp;<strong>sacerdote<\/strong>&nbsp;habr\u00eda muerto en 2019, en tanto que en 2021 asesinaron a tres p\u00e1rrocos.<\/p>\n\n\n\n<p>A \u00e9stos se suman tres muertes m\u00e1s durante 2022, que al 20 de junio, tres sacerdotes perdieron la vida<\/p>\n\n\n\n<p>Fuente: https:\/\/www.sdpnoticias.com\/estados\/guerrero\/sacerdote-es-baleado-en-chilapa-guerrero-esta-herido\/<\/p>\n\n\n\n<p><\/p>\n","protected":false},"excerpt":{"rendered":"<p>Un sacerdote fue interceptado por un grupo armado y baleado en Chilapa, Guerrero. EVELYN RUIZ \/ SDP NOTICIAS En&nbsp;Chilapa, Guerrero, [&hellip;]<\/p>\n","protected":false},"author":1,"featured_media":33256,"comment_status":"open","ping_status":"open","sticky":false,"template":"","format":"standard","meta":{"site-sidebar-layout":"default","site-content-layout":"","ast-site-content-layout":"default","site-content-style":"default","site-sidebar-style":"default","ast-global-header-display":"","ast-banner-title-visibility":"","ast-main-header-display":"","ast-hfb-above-header-display":"","ast-hfb-below-header-display":"","ast-hfb-mobile-header-display":"","site-post-title":"","ast-breadcrumbs-content":"","ast-featured-img":"","footer-sml-layout":"","theme-transparent-header-meta":"","adv-header-id-meta":"","stick-header-meta":"","header-above-stick-meta":"","header-main-stick-meta":"","header-below-stick-meta":"","astra-migrate-meta-layouts":"default","ast-page-background-enabled":"default","ast-page-background-meta":{"desktop":{"background-color":"var(--ast-global-color-4)","background-image":"","background-repeat":"repeat","background-position":"center center","background-size":"auto","background-attachment":"scroll","background-type":"","background-media":"","overlay-type":"","overlay-color":"","overlay-opacity":"","overlay-gradient":""},"tablet":{"background-color":"","background-image":"","background-repeat":"repeat","background-position":"center center","background-size":"auto","background-attachment":"scroll","background-type":"","background-media":"","overlay-type":"","overlay-color":"","overlay-opacity":"","overlay-gradient":""},"mobile":{"background-color":"","background-image":"","background-repeat":"repeat","background-position":"center center","background-size":"auto","background-attachment":"scroll","background-type":"","background-media":"","overlay-type":"","overlay-color":"","overlay-opacity":"","overlay-gradient":""}},"ast-content-background-meta":{"desktop":{"background-color":"var(--ast-global-color-5)","background-image":"","background-repeat":"repeat","background-position":"center center","background-size":"auto","background-attachment":"scroll","background-type":"","background-media":"","overlay-type":"","overlay-color":"","overlay-opacity":"","overlay-gradient":""},"tablet":{"background-color":"var(--ast-global-color-5)","background-image":"","background-repeat":"repeat","background-position":"center center","background-size":"auto","background-attachment":"scroll","background-type":"","background-media":"","overlay-type":"","overlay-color":"","overlay-opacity":"","overlay-gradient":""},"mobile":{"background-color":"var(--ast-global-color-5)","background-image":"","background-repeat":"repeat","background-position":"center center","background-size":"auto","background-attachment":"scroll","background-type":"","background-media":"","overlay-type":"","overlay-color":"","overlay-opacity":"","overlay-gradient":""}},"footnotes":""},"categories":[8],"tags":[11667,11669,11668],"class_list":["post-33254","post","type-post","status-publish","format-standard","has-post-thumbnail","hentry","category-noticias","tag-chilapa","tag-felipe-velez-jimenez","tag-sacerdote-baleado"],"_links":{"self":[{"href":"https:\/\/losperiodistas.com.mx\/portal\/wp-json\/wp\/v2\/posts\/33254","targetHints":{"allow":["GET"]}}],"collection":[{"href":"https:\/\/losperiodistas.com.mx\/portal\/wp-json\/wp\/v2\/posts"}],"about":[{"href":"https:\/\/losperiodistas.com.mx\/portal\/wp-json\/wp\/v2\/types\/post"}],"author":[{"embeddable":true,"href":"https:\/\/losperiodistas.com.mx\/portal\/wp-json\/wp\/v2\/users\/1"}],"replies":[{"embeddable":true,"href":"https:\/\/losperiodistas.com.mx\/portal\/wp-json\/wp\/v2\/comments?post=33254"}],"version-history":[{"count":1,"href":"https:\/\/losperiodistas.com.mx\/portal\/wp-json\/wp\/v2\/posts\/33254\/revisions"}],"predecessor-version":[{"id":33257,"href":"https:\/\/losperiodistas.com.mx\/portal\/wp-json\/wp\/v2\/posts\/33254\/revisions\/33257"}],"wp:featuredmedia":[{"embeddable":true,"href":"https:\/\/losperiodistas.com.mx\/portal\/wp-json\/wp\/v2\/media\/33256"}],"wp:attachment":[{"href":"https:\/\/losperiodistas.com.mx\/portal\/wp-json\/wp\/v2\/media?parent=33254"}],"wp:term":[{"taxonomy":"category","embeddable":true,"href":"https:\/\/losperiodistas.com.mx\/portal\/wp-json\/wp\/v2\/categories?post=33254"},{"taxonomy":"post_tag","embeddable":true,"href":"https:\/\/losperiodistas.com.mx\/portal\/wp-json\/wp\/v2\/tags?post=33254"}],"curies":[{"name":"wp","href":"https:\/\/api.w.org\/{rel}","templated":true}]}}