{"id":33250,"date":"2022-07-28T18:58:01","date_gmt":"2022-07-28T23:58:01","guid":{"rendered":"http:\/\/losperiodistas.com.mx\/portal\/?p=33250"},"modified":"2022-07-28T18:58:05","modified_gmt":"2022-07-28T23:58:05","slug":"ayuntamiento-de-puebla-invita-a-la-edicion-verano-2022-del-festin-poblano","status":"publish","type":"post","link":"https:\/\/losperiodistas.com.mx\/portal\/ayuntamiento-de-puebla-invita-a-la-edicion-verano-2022-del-festin-poblano\/","title":{"rendered":"Ayuntamiento de Puebla invita a la edici\u00f3n Verano 2022 del Fest\u00edn Poblano"},"content":{"rendered":"\n<ul class=\"wp-block-list\"><li>El 30 y 31 de julio habitantes y visitantes podr\u00e1n disfrutar de la segunda edici\u00f3n de este 2022 del \u00abFest\u00edn Poblano\u00bb, ahora en el Paseo Bravo.<\/li><\/ul>\n\n\n\n<figure class=\"wp-block-image size-large is-style-default\"><img fetchpriority=\"high\" decoding=\"async\" width=\"1024\" height=\"1024\" src=\"https:\/\/losperiodistas.com.mx\/portal\/wp-content\/uploads\/2022\/07\/WhatsApp-Image-2022-07-28-at-11.07.31-AM-1024x1024.jpeg\" alt=\"\" class=\"wp-image-33251\" srcset=\"https:\/\/losperiodistas.com.mx\/portal\/wp-content\/uploads\/2022\/07\/WhatsApp-Image-2022-07-28-at-11.07.31-AM-1024x1024.jpeg 1024w, https:\/\/losperiodistas.com.mx\/portal\/wp-content\/uploads\/2022\/07\/WhatsApp-Image-2022-07-28-at-11.07.31-AM-300x300.jpeg 300w, https:\/\/losperiodistas.com.mx\/portal\/wp-content\/uploads\/2022\/07\/WhatsApp-Image-2022-07-28-at-11.07.31-AM-150x150.jpeg 150w, https:\/\/losperiodistas.com.mx\/portal\/wp-content\/uploads\/2022\/07\/WhatsApp-Image-2022-07-28-at-11.07.31-AM-768x768.jpeg 768w, https:\/\/losperiodistas.com.mx\/portal\/wp-content\/uploads\/2022\/07\/WhatsApp-Image-2022-07-28-at-11.07.31-AM.jpeg 1280w\" sizes=\"(max-width: 1024px) 100vw, 1024px\" \/><\/figure>\n\n\n\n<p><\/p>\n\n\n\n<p class=\"has-vivid-cyan-blue-color has-text-color has-medium-font-size\">REDACCI\u00d3N<\/p>\n\n\n\n<p>En el marco de las actividades tur\u00edsticas, art\u00edsticas y culturales que se desarrollan en la capital poblana, el Ayuntamiento de Puebla que encabeza Eduardo Rivera P\u00e9rez, invita a las y los habitantes, as\u00ed como a quienes visitan la ciudad, a acudir los stands de este \u00abFest\u00edn Poblano\u00bb, edici\u00f3n Verano 2022.<\/p>\n\n\n\n<p>En conferencia de prensa, Alejandro Ca\u00f1edo Priesca, Secretario de Econom\u00eda y Turismo, precis\u00f3 que se contar\u00e1 con la presencia de m\u00e1s de 40 espacios destinados a las artesan\u00edas y gastronom\u00eda, ya que la finalidad es que, en un mismo sitio, las y los visitantes puedan disfrutar de diversas actividades y productos tra\u00eddos por empresarios locales.<\/p>\n\n\n\n<figure class=\"wp-block-image size-large is-style-default\"><img decoding=\"async\" width=\"1024\" height=\"1024\" src=\"https:\/\/losperiodistas.com.mx\/portal\/wp-content\/uploads\/2022\/07\/WhatsApp-Image-2022-07-28-at-11.07.30-AM-1024x1024.jpeg\" alt=\"\" class=\"wp-image-33252\" srcset=\"https:\/\/losperiodistas.com.mx\/portal\/wp-content\/uploads\/2022\/07\/WhatsApp-Image-2022-07-28-at-11.07.30-AM-1024x1024.jpeg 1024w, https:\/\/losperiodistas.com.mx\/portal\/wp-content\/uploads\/2022\/07\/WhatsApp-Image-2022-07-28-at-11.07.30-AM-300x300.jpeg 300w, https:\/\/losperiodistas.com.mx\/portal\/wp-content\/uploads\/2022\/07\/WhatsApp-Image-2022-07-28-at-11.07.30-AM-150x150.jpeg 150w, https:\/\/losperiodistas.com.mx\/portal\/wp-content\/uploads\/2022\/07\/WhatsApp-Image-2022-07-28-at-11.07.30-AM-768x768.jpeg 768w, https:\/\/losperiodistas.com.mx\/portal\/wp-content\/uploads\/2022\/07\/WhatsApp-Image-2022-07-28-at-11.07.30-AM.jpeg 1280w\" sizes=\"(max-width: 1024px) 100vw, 1024px\" \/><\/figure>\n\n\n\n<p>Adicionalmente, Fabi\u00e1n Valdivia P\u00e9rez, Director del Instituto Municipal de Arte y Cultura de Puebla, detall\u00f3 que el organismo que encabeza se sumar\u00e1 a esta celebraci\u00f3n mediante actividades como las presentaciones teatrales de \u00abAdelita y su Colonia\u00bb y \u00abLas Calles de Puebla\u00bb, esta \u00faltima por primera vez ante p\u00fablico general, adem\u00e1s de m\u00fasica, danza y el tradicional cambalache de libros.<\/p>\n\n\n\n<p>Por \u00faltimo, como invitado especial, estar\u00e1 la Sociedad Cooperativa \u00abSabores de Calpan\u00bb con una carpa gastron\u00f3mica donde se realizar\u00e1 la segunda edici\u00f3n del \u00abFestival Itinerante del Chile en Nogada\u00bb, dicha participaci\u00f3n busca promover el consumo a productores locales de la zona Izta &#8211; Popo, por lo que Hilda Cruz L\u00f3pez, representante de este organismo, agradeci\u00f3 la oportunidad y celebr\u00f3 que se brinden espacios como este.<\/p>\n\n\n\n<p>Este evento es totalmente gratuito, para todas las edades y se llevar\u00e1 a cabo en la explanada del Paseo Bravo, ubicado en la Calle 13 Sur 707, entre la Avenida Ju\u00e1rez y la Calle 9 Poniente, en un horario de 10:00 a 20:00 horas los d\u00edas 30 y 31 de julio.<\/p>\n","protected":false},"excerpt":{"rendered":"<p>El 30 y 31 de julio habitantes y visitantes podr\u00e1n disfrutar de la segunda edici\u00f3n de este 2022 del \u00abFest\u00edn [&hellip;]<\/p>\n","protected":false},"author":1,"featured_media":33251,"comment_status":"open","ping_status":"open","sticky":false,"template":"","format":"standard","meta":{"site-sidebar-layout":"default","site-content-layout":"","ast-site-content-layout":"default","site-content-style":"default","site-sidebar-style":"default","ast-global-header-display":"","ast-banner-title-visibility":"","ast-main-header-display":"","ast-hfb-above-header-display":"","ast-hfb-below-header-display":"","ast-hfb-mobile-header-display":"","site-post-title":"","ast-breadcrumbs-content":"","ast-featured-img":"","footer-sml-layout":"","theme-transparent-header-meta":"","adv-header-id-meta":"","stick-header-meta":"","header-above-stick-meta":"","header-main-stick-meta":"","header-below-stick-meta":"","astra-migrate-meta-layouts":"default","ast-page-background-enabled":"default","ast-page-background-meta":{"desktop":{"background-color":"var(--ast-global-color-4)","background-image":"","background-repeat":"repeat","background-position":"center center","background-size":"auto","background-attachment":"scroll","background-type":"","background-media":"","overlay-type":"","overlay-color":"","overlay-opacity":"","overlay-gradient":""},"tablet":{"background-color":"","background-image":"","background-repeat":"repeat","background-position":"center center","background-size":"auto","background-attachment":"scroll","background-type":"","background-media":"","overlay-type":"","overlay-color":"","overlay-opacity":"","overlay-gradient":""},"mobile":{"background-color":"","background-image":"","background-repeat":"repeat","background-position":"center center","background-size":"auto","background-attachment":"scroll","background-type":"","background-media":"","overlay-type":"","overlay-color":"","overlay-opacity":"","overlay-gradient":""}},"ast-content-background-meta":{"desktop":{"background-color":"var(--ast-global-color-5)","background-image":"","background-repeat":"repeat","background-position":"center center","background-size":"auto","background-attachment":"scroll","background-type":"","background-media":"","overlay-type":"","overlay-color":"","overlay-opacity":"","overlay-gradient":""},"tablet":{"background-color":"var(--ast-global-color-5)","background-image":"","background-repeat":"repeat","background-position":"center center","background-size":"auto","background-attachment":"scroll","background-type":"","background-media":"","overlay-type":"","overlay-color":"","overlay-opacity":"","overlay-gradient":""},"mobile":{"background-color":"var(--ast-global-color-5)","background-image":"","background-repeat":"repeat","background-position":"center center","background-size":"auto","background-attachment":"scroll","background-type":"","background-media":"","overlay-type":"","overlay-color":"","overlay-opacity":"","overlay-gradient":""}},"footnotes":""},"categories":[8],"tags":[7279,6180],"class_list":["post-33250","post","type-post","status-publish","format-standard","has-post-thumbnail","hentry","category-noticias","tag-contigoyconrumbo","tag-festin-poblano"],"_links":{"self":[{"href":"https:\/\/losperiodistas.com.mx\/portal\/wp-json\/wp\/v2\/posts\/33250","targetHints":{"allow":["GET"]}}],"collection":[{"href":"https:\/\/losperiodistas.com.mx\/portal\/wp-json\/wp\/v2\/posts"}],"about":[{"href":"https:\/\/losperiodistas.com.mx\/portal\/wp-json\/wp\/v2\/types\/post"}],"author":[{"embeddable":true,"href":"https:\/\/losperiodistas.com.mx\/portal\/wp-json\/wp\/v2\/users\/1"}],"replies":[{"embeddable":true,"href":"https:\/\/losperiodistas.com.mx\/portal\/wp-json\/wp\/v2\/comments?post=33250"}],"version-history":[{"count":1,"href":"https:\/\/losperiodistas.com.mx\/portal\/wp-json\/wp\/v2\/posts\/33250\/revisions"}],"predecessor-version":[{"id":33253,"href":"https:\/\/losperiodistas.com.mx\/portal\/wp-json\/wp\/v2\/posts\/33250\/revisions\/33253"}],"wp:featuredmedia":[{"embeddable":true,"href":"https:\/\/losperiodistas.com.mx\/portal\/wp-json\/wp\/v2\/media\/33251"}],"wp:attachment":[{"href":"https:\/\/losperiodistas.com.mx\/portal\/wp-json\/wp\/v2\/media?parent=33250"}],"wp:term":[{"taxonomy":"category","embeddable":true,"href":"https:\/\/losperiodistas.com.mx\/portal\/wp-json\/wp\/v2\/categories?post=33250"},{"taxonomy":"post_tag","embeddable":true,"href":"https:\/\/losperiodistas.com.mx\/portal\/wp-json\/wp\/v2\/tags?post=33250"}],"curies":[{"name":"wp","href":"https:\/\/api.w.org\/{rel}","templated":true}]}}