{"id":3324,"date":"2021-01-14T07:47:17","date_gmt":"2021-01-14T13:47:17","guid":{"rendered":"http:\/\/losperiodistas.com.mx\/portal\/?p=3324"},"modified":"2021-01-14T07:47:17","modified_gmt":"2021-01-14T13:47:17","slug":"el-creador-de-telegram-enumera-todos-los-canales-confirmados-de-lideres-de-estados-en-la-plataforma-rt","status":"publish","type":"post","link":"https:\/\/losperiodistas.com.mx\/portal\/el-creador-de-telegram-enumera-todos-los-canales-confirmados-de-lideres-de-estados-en-la-plataforma-rt\/","title":{"rendered":"El creador de Telegram enumera todos los canales confirmados de l\u00edderes de Estados en la plataforma | RT"},"content":{"rendered":"\n<p style=\"font-size:18px\"><em>P\u00e1vel D\u00farov destac\u00f3 la reciente aceleraci\u00f3n de \u00abla ya masiva afluencia de nuevos usuarios a Telegram\u00bb.<\/em><\/p>\n\n\n\n<p class=\"has-vivid-cyan-blue-color has-text-color has-medium-font-size\">RT<\/p>\n\n\n\n<p>El fundador de Telegram, P\u00e1vel D\u00farov, public\u00f3&nbsp;<a href=\"https:\/\/t.me\/durov\/148\" target=\"_blank\" rel=\"noreferrer noopener\">un &#8216;post<\/a>&#8216; en su&nbsp;cuenta&nbsp;en el servicio de mensajer\u00eda en el que enumer\u00f3 todos los canales confirmados en la plataforma de l\u00edderes de pa\u00edses.<\/p>\n\n\n\n<p>\u00abEs posible que estemos presenciando<strong>&nbsp;la migraci\u00f3n digital m\u00e1s grande<\/strong>&nbsp;de la historia de la humanidad\u00bb, dijo el desarrollador ruso, agregando que&nbsp;\u00abla ya&nbsp;<a href=\"https:\/\/actualidad.rt.com\/actualidad\/379912-25-millones-nuevos-usuarios-unirse-telegram-72-horas\" target=\"_blank\" rel=\"noreferrer noopener\">masiva afluencia<\/a>&nbsp;de nuevos usuarios a Telegram se ha acelerado\u00bb.<\/p>\n\n\n\n<p>D\u00farov anunci\u00f3 que \u00aba ra\u00edz de este fen\u00f3meno global, dos presidentes iniciaron sus canales en Telegram\u00bb: el presidente de Brasil,&nbsp;<strong>Jair Bolsonaro<\/strong>&nbsp;(@jairbolsonarobrasil), y el presidente de Turqu\u00eda,&nbsp;<strong>Recep Tayyip Erdogan<\/strong>&nbsp;(@RTErdogan).<\/p>\n\n\n\n<figure class=\"wp-block-image\"><img decoding=\"async\" src=\"https:\/\/cdni.rt.com\/actualidad\/public_images\/2021.01\/thumbnail\/5ffe22b4e9ff7145997e3631.JPG\" alt=\"Telegram se convierte en la segunda aplicaci\u00f3n m\u00e1s descargada en EE.UU., en medio de una pol\u00e9mica sobre libertad y censura en la Red\"\/><\/figure>\n\n\n\n<p><a href=\"https:\/\/actualidad.rt.com\/actualidad\/379959-telegram-segunda-aplicacion-descargada\">Telegram se convierte en la segunda aplicaci\u00f3n m\u00e1s descargada en EE.UU., en medio de una pol\u00e9mica sobre libertad y censura en la Red<\/a><\/p>\n\n\n\n<p>Estos canales se unen a las cuentas ya existentes de otros l\u00edderes: el presidente de M\u00e9xico,&nbsp;<strong>Andr\u00e9s Manuel L\u00f3pez Obrador<\/strong>&nbsp;(@PresidenteAMLO), el de Francia,&nbsp;<strong>Emmanuel Macron<\/strong>&nbsp;(@emmanuelmacron), el primer ministro israel\u00ed,&nbsp;<strong>Benjam\u00edn Netanyahu<\/strong>&nbsp;(@bnetanyahu), el primer ministro de Singapur,&nbsp;<strong>Lee Hsien Loong<\/strong>&nbsp;(@leehsienloong), el presidente de Ucrania,<strong>&nbsp;Vlad\u00edmir Zelenski<\/strong>&nbsp;(@V_Zelenskiy_official), el presidente de Uzbekist\u00e1n,&nbsp;<strong>Shavkat Mirziyoyev<\/strong>&nbsp;(@shmirziyoyev),&nbsp; la l\u00edder taiwanesa<strong>&nbsp;Tsai Ing-wen<\/strong>&nbsp;(@iingtw) y el primer ministro de Etiop\u00eda,&nbsp;<strong>Abiy Ahmed Ali<\/strong>&nbsp;(@AbiyAhmedAliofficial).<\/p>\n\n\n\n<p>Entre los l\u00edderes que recurrieron al uso de Telegram de momento&nbsp;<strong>no figura&nbsp;Donald Trump<\/strong>. Anteriormente, la plataforma&nbsp;<a href=\"https:\/\/actualidad.rt.com\/actualidad\/380072-telegram-marca-estafa-canal-donald-trump\" target=\"_blank\" rel=\"noreferrer noopener\">marc\u00f3<\/a>&nbsp;como &#8216;fraude&#8217; un canal denominado &#8216;Donald J. Trump&#8217; que tiene&nbsp;m\u00e1s de 500.000 seguidores.&nbsp;<\/p>\n\n\n\n<p>D\u00farov agreg\u00f3 que los canales confirmados siempre cuentan con&nbsp;\u00abuna marca de verificaci\u00f3n azul\u00bb&nbsp;y confes\u00f3 \u00absentirse honrado de que los l\u00edderes pol\u00edticos, as\u00ed como numerosas organizaciones p\u00fablicas, conf\u00eden en Telegram para combatir la desinformaci\u00f3n\u00bb.<\/p>\n\n\n\n<p>\u00abA diferencia de otras redes, Telegram\u00a0<strong>no utiliza algoritmos no transparentes<\/strong>\u00a0para decidir si un suscriptor ver\u00e1 el contenido al que se suscribi\u00f3 o no. Como resultado, los canales de Telegram son la \u00fanica forma directa para que los l\u00edderes de opini\u00f3n se conecten de manera confiable con sus audiencias\u00bb, asegur\u00f3.<\/p>\n\n\n\n<p>Fuente: https:\/\/actualidad.rt.com\/actualidad\/380131-durov-telegram-enumerar-canales-lideres-mundiales<\/p>\n","protected":false},"excerpt":{"rendered":"<p>P\u00e1vel D\u00farov destac\u00f3 la reciente aceleraci\u00f3n de \u00abla ya masiva afluencia de nuevos usuarios a Telegram\u00bb. RT El fundador de [&hellip;]<\/p>\n","protected":false},"author":1,"featured_media":3325,"comment_status":"open","ping_status":"open","sticky":false,"template":"","format":"standard","meta":{"site-sidebar-layout":"default","site-content-layout":"","ast-site-content-layout":"default","site-content-style":"default","site-sidebar-style":"default","ast-global-header-display":"","ast-banner-title-visibility":"","ast-main-header-display":"","ast-hfb-above-header-display":"","ast-hfb-below-header-display":"","ast-hfb-mobile-header-display":"","site-post-title":"","ast-breadcrumbs-content":"","ast-featured-img":"","footer-sml-layout":"","theme-transparent-header-meta":"","adv-header-id-meta":"","stick-header-meta":"","header-above-stick-meta":"","header-main-stick-meta":"","header-below-stick-meta":"","astra-migrate-meta-layouts":"default","ast-page-background-enabled":"default","ast-page-background-meta":{"desktop":{"background-color":"var(--ast-global-color-4)","background-image":"","background-repeat":"repeat","background-position":"center center","background-size":"auto","background-attachment":"scroll","background-type":"","background-media":"","overlay-type":"","overlay-color":"","overlay-opacity":"","overlay-gradient":""},"tablet":{"background-color":"","background-image":"","background-repeat":"repeat","background-position":"center center","background-size":"auto","background-attachment":"scroll","background-type":"","background-media":"","overlay-type":"","overlay-color":"","overlay-opacity":"","overlay-gradient":""},"mobile":{"background-color":"","background-image":"","background-repeat":"repeat","background-position":"center center","background-size":"auto","background-attachment":"scroll","background-type":"","background-media":"","overlay-type":"","overlay-color":"","overlay-opacity":"","overlay-gradient":""}},"ast-content-background-meta":{"desktop":{"background-color":"var(--ast-global-color-5)","background-image":"","background-repeat":"repeat","background-position":"center center","background-size":"auto","background-attachment":"scroll","background-type":"","background-media":"","overlay-type":"","overlay-color":"","overlay-opacity":"","overlay-gradient":""},"tablet":{"background-color":"var(--ast-global-color-5)","background-image":"","background-repeat":"repeat","background-position":"center center","background-size":"auto","background-attachment":"scroll","background-type":"","background-media":"","overlay-type":"","overlay-color":"","overlay-opacity":"","overlay-gradient":""},"mobile":{"background-color":"var(--ast-global-color-5)","background-image":"","background-repeat":"repeat","background-position":"center center","background-size":"auto","background-attachment":"scroll","background-type":"","background-media":"","overlay-type":"","overlay-color":"","overlay-opacity":"","overlay-gradient":""}},"footnotes":""},"categories":[8],"tags":[],"class_list":["post-3324","post","type-post","status-publish","format-standard","has-post-thumbnail","hentry","category-noticias"],"_links":{"self":[{"href":"https:\/\/losperiodistas.com.mx\/portal\/wp-json\/wp\/v2\/posts\/3324","targetHints":{"allow":["GET"]}}],"collection":[{"href":"https:\/\/losperiodistas.com.mx\/portal\/wp-json\/wp\/v2\/posts"}],"about":[{"href":"https:\/\/losperiodistas.com.mx\/portal\/wp-json\/wp\/v2\/types\/post"}],"author":[{"embeddable":true,"href":"https:\/\/losperiodistas.com.mx\/portal\/wp-json\/wp\/v2\/users\/1"}],"replies":[{"embeddable":true,"href":"https:\/\/losperiodistas.com.mx\/portal\/wp-json\/wp\/v2\/comments?post=3324"}],"version-history":[{"count":1,"href":"https:\/\/losperiodistas.com.mx\/portal\/wp-json\/wp\/v2\/posts\/3324\/revisions"}],"predecessor-version":[{"id":3326,"href":"https:\/\/losperiodistas.com.mx\/portal\/wp-json\/wp\/v2\/posts\/3324\/revisions\/3326"}],"wp:featuredmedia":[{"embeddable":true,"href":"https:\/\/losperiodistas.com.mx\/portal\/wp-json\/wp\/v2\/media\/3325"}],"wp:attachment":[{"href":"https:\/\/losperiodistas.com.mx\/portal\/wp-json\/wp\/v2\/media?parent=3324"}],"wp:term":[{"taxonomy":"category","embeddable":true,"href":"https:\/\/losperiodistas.com.mx\/portal\/wp-json\/wp\/v2\/categories?post=3324"},{"taxonomy":"post_tag","embeddable":true,"href":"https:\/\/losperiodistas.com.mx\/portal\/wp-json\/wp\/v2\/tags?post=3324"}],"curies":[{"name":"wp","href":"https:\/\/api.w.org\/{rel}","templated":true}]}}