{"id":3321,"date":"2021-01-14T07:16:03","date_gmt":"2021-01-14T13:16:03","guid":{"rendered":"http:\/\/losperiodistas.com.mx\/portal\/?p=3321"},"modified":"2021-01-14T07:16:03","modified_gmt":"2021-01-14T13:16:03","slug":"cuando-los-blancos-tambien-fueron-esclavos-la-razon","status":"publish","type":"post","link":"https:\/\/losperiodistas.com.mx\/portal\/cuando-los-blancos-tambien-fueron-esclavos-la-razon\/","title":{"rendered":"Cuando los blancos tambi\u00e9n fueron esclavos | La Raz\u00f3n"},"content":{"rendered":"\n<p style=\"font-size:18px\"><em>El escritor y militar Jos\u00e9 Antonio Crespo-Franc\u00e9s ha publicado \u201cLos esclavos blancos\u201d, sobre el desconocido comercio de esclavos en Europa y la actual colonizaci\u00f3n del islam en occidente<\/em><\/p>\n\n\n\n<p class=\"has-vivid-cyan-blue-color has-text-color has-medium-font-size\">JUAN BELTR\u00c1N \/ LA RAZ\u00d3N<\/p>\n\n\n\n<p>\u00abVeo a la Iglesia del tercer milenio afligida por una plaga mortal, se llama islamismo e invadir\u00e1 Europa\u00bb. Estas impactantes y prof\u00e9ticas palabras de san Juan Pablo II en 1993, son recogidas por Jos\u00e9 Antonio Crespo-Franc\u00e9s en su libro\u00a0<em>\u201cLos esclavos blancos\u201d<\/em>\u00a0(ACTAS), porque \u201canticipaban algo que vivimos actualmente, la conquista silenciosa del islamismo que pide a gritos la ca\u00edda de las democracias europeas y la imposici\u00f3n de la \u201csharia\u201d como ley en la misma Europa\u201d.\u00a0<strong>Crespo-Franc\u00e9s comienza analizando el gran comercio esclavista berberisco sobre Europa, \u201cuno de los grandes desconocidos y olvidados por la historia y que -afirma- debe de ser conocido y estudiado\u201d.<\/strong>\u00a0Desde la Edad Media existi\u00f3 floreciente mercado musulm\u00e1n de esclavos que se establecieron en las costas del norte de \u00c1frica, las actuales Argelia, T\u00fanez y Libia, sometidos al poder y protecci\u00f3n del imperio otomano. Seg\u00fan el profesor Robert Davis, m\u00e1s de un mill\u00f3n de europeos cristianos blancos fueron sometidos a esclavitud en estas comarcas africanas entre los siglos XVI y XVIII.<\/p>\n\n\n\n<p>La pirater\u00eda berberisca llev\u00f3 m\u00e1s europeos a los mercados de esclavos del Magreb entre 1500 a 1650, que africanos por los europeos a Am\u00e9rica durante la misma \u00e9poca.&nbsp;<strong>Y esto sigui\u00f3 sucediendo hasta el siglo XIX en que las potencias europeas contraatacaron y ocuparon por la fuerza los puntos de origen de las incursiones piratas.<\/strong>&nbsp;\u201cLos marines americanos lo pararon definitivamente desembarcando en Tr\u00edpoli al sufrir EE.UU una serie de ataques en el Mediterr\u00e1neo. De esta forma -explica el autor-, tocaba a su fin el esclavismo puesto en marcha desde el nacimiento del islam en Arabia en cuatro direcciones: al sur, hacia \u00c1frica; al oeste, hacia Europa en su totalidad, desde Hispania hasta Rusia por medio del Mediterr\u00e1neo; hacia el este, en direcci\u00f3n a la India; y al norte, hasta las estepas de Asia Central\u201d.<\/p>\n\n\n\n<p>\u201cEl sur de las pen\u00ednsulas ib\u00e9rica e it\u00e1lica estaban abandonados desde hac\u00eda siglos porque los piratas entraban a saco a llevarse esclavos que eran empleados como galeotes o carne de ca\u00f1\u00f3n para cualquier trabajo y si ten\u00edan algo de formaci\u00f3n los empleaban en servicios personales. Las mujeres eran llevadas a los mercados de trata de blancas, fundamentalmente Constantinopla,&nbsp;<strong>convertidas en esclavas sexuales<\/strong>&nbsp;(cuanto m\u00e1s blancas mejor, las del norte de Europa eran las que m\u00e1s les gustaban) y a los ni\u00f1os los convert\u00edan en jen\u00edzaros o en \u201ck\u00f6\u00e7ek\u201d, esclavos vestidos de mujer usados como entretenimiento\u201d, explica P\u00e9rez-Franc\u00e9s.<\/p>\n\n\n\n<hr class=\"wp-block-separator\"\/>\n\n\n\n<blockquote class=\"wp-block-quote is-style-large is-layout-flow wp-block-quote-is-layout-flow\"><p>Hay un buenismo tolerante de una izquierda totalmente intolerante contra el cristianismo<\/p><cite>Jos\u00e9 Antonio Crespo-Franc\u00e9s<\/cite><\/blockquote>\n\n\n\n<p>\u201cFue una esclavitud brutal la que se someti\u00f3 a Occidente, igual que hicieron en Oriente. En la India se dice que la historia se divide en dos partes, antes y despu\u00e9s de esa esclavitud\u201d. Dentro de la lucha contra los piratas berberiscos est\u00e1 la batalla de Lepanto, \u201cdonde la corona espa\u00f1ola consigui\u00f3 agrupar a las desperdigadas fuerzas cristianas contra el islam y, aunque luego se disgreg\u00f3, al menos consigui\u00f3 parar su acci\u00f3n en el Mediterr\u00e1neo -asegura-.&nbsp;<strong>Miguel de Cervantes fue uno de los que sufri\u00f3 ese esclavismo<\/strong>, preso en Argel cinco a\u00f1os y liberado por monjes trinitarios, que como los mercedarios, se dedicaban a la liberaci\u00f3n de esclavos en poder de los piratas berberiscos recaudando dinero en los templos\u201d.<\/p>\n\n\n\n<p>\u201cTambi\u00e9n ocurri\u00f3 \u2013explica el autor- que a veces ten\u00edamos al enemigo dentro de la propia Europa cristiana, como el \u201ccristian\u00edsimo\u201d rey franc\u00e9s aliado de ellos que ofreci\u00f3 sus puertos mediterr\u00e1neos al imperio turco; los barcos holandeses, que enarbolaban banderas turcas o los protestantes que combat\u00edan contra los espa\u00f1oles en los Pa\u00edses Bajos con un medall\u00f3n en forma de media luna que dec\u00eda, \u201cantes turcos que papistas\u201d. En Semana Santa hab\u00eda la costumbre de salir encadenados -recuerda el autor-,\u00a0<strong>rememorando esa esclavitud, ense\u00f1aban los grillos y cadenas con las que eran esclavizados, como se ve en San Juan de los Reyes en Toledo.<\/strong>\u00a0Una vez liberados por las \u00f3rdenes mendicantes, ofrec\u00edan ese acto penitencial y recog\u00edan dinero para liberar a otros esclavos\u201d.<\/p>\n\n\n\n<blockquote class=\"wp-block-quote is-style-large is-layout-flow wp-block-quote-is-layout-flow\"><p>Las mujeres eran llevadas a los mercados de trata de blancas, fundamentalmente de Constantinopla<\/p><cite>Jos\u00e9 Antonio Crespo-Franc\u00e9s<\/cite><\/blockquote>\n\n\n\n<p>El problema -dice P\u00e9rez-Franc\u00e9s-, ha revivido en los siglos XX y XXI, donde se est\u00e1 produciendo un asentamiento silencioso del islam en Europa. \u201cEs algo progresivo que no se quiere ver y es curioso que las mismas ideolog\u00edas que reniegan del cristianismo hablan de hermanos musulmanes, sin ver el trato de la mujer, considerada un objeto, algo indefendible desde una ideolog\u00eda progresista de izquierdas y feminista,&nbsp;<strong>ni el trato a los homosexuales, a los que ahorcan, o con los disminuidos f\u00edsicos<\/strong>, a los que tienen tirados como animales\u201d. Alg\u00fan l\u00edder africano dijo que conquistar\u00edan Europa a trav\u00e9s del vientre de las mujeres, es decir, multiplicando el n\u00famero de hijos.<\/p>\n\n\n\n<p>\u201cVienen a una cultura nueva, pero no se integran, hay gentes en Europa de segunda y tercera generaci\u00f3n completamente aislados que reniegan de cultura que los acoge y les habla de la libertad, porque ellos esa idea la interpretan como debilidad\u201d, asegura. Actualmente,\u00a0<strong>es la \u00fanica religi\u00f3n o grupo cultural enfrentado o en conflicto permanente contra las dem\u00e1s civilizaciones<\/strong>\u00a0o religiones e incluso entre ellos mismos. \u201cLos ataques m\u00e1s brutales los hacen dentro de la propia religi\u00f3n isl\u00e1mica, aut\u00e9nticas masacres porque consideran infiel a personas m\u00e1s moderadas que acepten gustos occidentales\u201d.<\/p>\n\n\n\n<figure class=\"wp-block-image\"><img decoding=\"async\" src=\"https:\/\/www.larazon.es\/resizer\/PlimRjsX6cbi7qGxcg3ZPVT-iDo=\/840x0\/smart\/filters:format(jpg)\/cloudfront-eu-central-1.images.arcpublishing.com\/larazon\/AVQGFJLTQNCX5DGOLUEFNIKPZU.jpg\" alt=\"Las mujeres del norte de Europa eran las m\u00e1s cotizadas\"\/><figcaption>Las mujeres del norte de Europa eran las m\u00e1s cotizadasDOMENICO ROSSODOMENICO ROSSO<\/figcaption><\/figure>\n\n\n\n<p>\u201cSu objetivo es dominar al mundo entero bajo el islam, por las buenas o por las malas, porque no esuna religi\u00f3n de paz, sino de guerra -afirma el autor-. El Cor\u00e1n alude a ella y al combate para acabar con el enemigo, cosa que no hacen otras religiones\u201d. Pero Europa y occidente no dan respuesta, no reaccionan, \u201cnoshan tomado la medida, los toleramos, pero tolerancia y reciprocidad son palabras que desconoce el islam, para ellos son un signo de debilidad, nos exigen y consiguen sacar de nosotros ayudas y prebendas que ellos jam\u00e1s nos dar\u00edan. Hay un \u201cbuenismo\u201d tolerante de una izquierda totalmente intolerante contra el cristianismo, que hace burla y falta al respeto a la religi\u00f3n cat\u00f3lica, como meter un crucifijo en un microondas, pero se escandaliza si es al contrario. El islam se r\u00ede de eso que llaman multiculturalismo y \u201cAlianza de Civilizaciones\u201d, una ridiculez inventada por un memo\u201d, concluye.<\/p>\n\n\n\n<h3 class=\"wp-block-heading\">Los esclavos blancos de Am\u00e9rica<\/h3>\n\n\n\n<p>Cuenta P\u00e9rez-Franc\u00e9s que esto \u201ces algo muy desconocido que les sal\u00eda incluso m\u00e1s baratos econ\u00f3micamente, los esclavos provenientes de Irlanda y Escocia, dos territorios masacrados por los ingleses. A los irlandeses por no dejarlos plantar nada y no tener qu\u00e9 comer y a los escoceses porque solo ten\u00edan ganader\u00eda y estaba en manos de cuatro familias, los deportaron a sus colonias americanas. Tuvieron que marcharse muertos de hambre a Norteam\u00e9rica y el Caribe firmando una especie de contrato de por vida como esclavos\u201d.\u00a0<strong>En el Caribe brit\u00e1nico, los esclavos negros hab\u00eda que comprarlos, mientras los irlandeses llegaban casi regalados por el Estado a las plantaciones.\u00a0<\/strong>Y al contrario, \u201cla escoria de la sociedad que estaba en las c\u00e1rceles, fue mandada en direcci\u00f3n contraria y terminaron en Australia, sin derecho a retorno, siendo los que poblaron ese territorio. Son dos estilos muy diferentes de entender la colonizaci\u00f3n, Espa\u00f1a trat\u00f3 de mandar siempre lo mejor, gente cultivada a los territorios americanos y los ingleses mandaron lo peor a los territorios donde se asentaron\u201d, afirma.<\/p>\n\n\n\n<p>Fuente: https:\/\/www.larazon.es\/cultura\/20210114\/exqkkbsqx5f2lljax26lcbdjzm.html<\/p>\n","protected":false},"excerpt":{"rendered":"<p>El escritor y militar Jos\u00e9 Antonio Crespo-Franc\u00e9s ha publicado \u201cLos esclavos blancos\u201d, sobre el desconocido comercio de esclavos en Europa [&hellip;]<\/p>\n","protected":false},"author":1,"featured_media":3322,"comment_status":"open","ping_status":"open","sticky":false,"template":"","format":"standard","meta":{"site-sidebar-layout":"default","site-content-layout":"","ast-site-content-layout":"default","site-content-style":"default","site-sidebar-style":"default","ast-global-header-display":"","ast-banner-title-visibility":"","ast-main-header-display":"","ast-hfb-above-header-display":"","ast-hfb-below-header-display":"","ast-hfb-mobile-header-display":"","site-post-title":"","ast-breadcrumbs-content":"","ast-featured-img":"","footer-sml-layout":"","theme-transparent-header-meta":"","adv-header-id-meta":"","stick-header-meta":"","header-above-stick-meta":"","header-main-stick-meta":"","header-below-stick-meta":"","astra-migrate-meta-layouts":"default","ast-page-background-enabled":"default","ast-page-background-meta":{"desktop":{"background-color":"var(--ast-global-color-4)","background-image":"","background-repeat":"repeat","background-position":"center center","background-size":"auto","background-attachment":"scroll","background-type":"","background-media":"","overlay-type":"","overlay-color":"","overlay-opacity":"","overlay-gradient":""},"tablet":{"background-color":"","background-image":"","background-repeat":"repeat","background-position":"center center","background-size":"auto","background-attachment":"scroll","background-type":"","background-media":"","overlay-type":"","overlay-color":"","overlay-opacity":"","overlay-gradient":""},"mobile":{"background-color":"","background-image":"","background-repeat":"repeat","background-position":"center center","background-size":"auto","background-attachment":"scroll","background-type":"","background-media":"","overlay-type":"","overlay-color":"","overlay-opacity":"","overlay-gradient":""}},"ast-content-background-meta":{"desktop":{"background-color":"var(--ast-global-color-5)","background-image":"","background-repeat":"repeat","background-position":"center center","background-size":"auto","background-attachment":"scroll","background-type":"","background-media":"","overlay-type":"","overlay-color":"","overlay-opacity":"","overlay-gradient":""},"tablet":{"background-color":"var(--ast-global-color-5)","background-image":"","background-repeat":"repeat","background-position":"center center","background-size":"auto","background-attachment":"scroll","background-type":"","background-media":"","overlay-type":"","overlay-color":"","overlay-opacity":"","overlay-gradient":""},"mobile":{"background-color":"var(--ast-global-color-5)","background-image":"","background-repeat":"repeat","background-position":"center center","background-size":"auto","background-attachment":"scroll","background-type":"","background-media":"","overlay-type":"","overlay-color":"","overlay-opacity":"","overlay-gradient":""}},"footnotes":""},"categories":[8],"tags":[],"class_list":["post-3321","post","type-post","status-publish","format-standard","has-post-thumbnail","hentry","category-noticias"],"_links":{"self":[{"href":"https:\/\/losperiodistas.com.mx\/portal\/wp-json\/wp\/v2\/posts\/3321","targetHints":{"allow":["GET"]}}],"collection":[{"href":"https:\/\/losperiodistas.com.mx\/portal\/wp-json\/wp\/v2\/posts"}],"about":[{"href":"https:\/\/losperiodistas.com.mx\/portal\/wp-json\/wp\/v2\/types\/post"}],"author":[{"embeddable":true,"href":"https:\/\/losperiodistas.com.mx\/portal\/wp-json\/wp\/v2\/users\/1"}],"replies":[{"embeddable":true,"href":"https:\/\/losperiodistas.com.mx\/portal\/wp-json\/wp\/v2\/comments?post=3321"}],"version-history":[{"count":1,"href":"https:\/\/losperiodistas.com.mx\/portal\/wp-json\/wp\/v2\/posts\/3321\/revisions"}],"predecessor-version":[{"id":3323,"href":"https:\/\/losperiodistas.com.mx\/portal\/wp-json\/wp\/v2\/posts\/3321\/revisions\/3323"}],"wp:featuredmedia":[{"embeddable":true,"href":"https:\/\/losperiodistas.com.mx\/portal\/wp-json\/wp\/v2\/media\/3322"}],"wp:attachment":[{"href":"https:\/\/losperiodistas.com.mx\/portal\/wp-json\/wp\/v2\/media?parent=3321"}],"wp:term":[{"taxonomy":"category","embeddable":true,"href":"https:\/\/losperiodistas.com.mx\/portal\/wp-json\/wp\/v2\/categories?post=3321"},{"taxonomy":"post_tag","embeddable":true,"href":"https:\/\/losperiodistas.com.mx\/portal\/wp-json\/wp\/v2\/tags?post=3321"}],"curies":[{"name":"wp","href":"https:\/\/api.w.org\/{rel}","templated":true}]}}