{"id":3318,"date":"2021-01-14T07:04:01","date_gmt":"2021-01-14T13:04:01","guid":{"rendered":"http:\/\/losperiodistas.com.mx\/portal\/?p=3318"},"modified":"2021-01-14T07:04:01","modified_gmt":"2021-01-14T13:04:01","slug":"expertos-oms-llegan-a-wuhan-para-estudiar-origen-del-coronavirus-dw","status":"publish","type":"post","link":"https:\/\/losperiodistas.com.mx\/portal\/expertos-oms-llegan-a-wuhan-para-estudiar-origen-del-coronavirus-dw\/","title":{"rendered":"Expertos OMS llegan a Wuhan para estudiar origen del coronavirus | DW"},"content":{"rendered":"\n<p style=\"font-size:18px\"><em>La visita es sumamente sensible para China, interesada en descartar toda responsabilidad en la epidemia que ha causado cerca de dos millones de muertos en el mundo.<\/em><\/p>\n\n\n\n<p class=\"has-vivid-cyan-blue-color has-text-color has-medium-font-size\">DW<\/p>\n\n\n\n<p>Un equipo de expertos de la Organizaci\u00f3n Mundial de la Salud (OMS) encargado de investigar el origen del coronavirus lleg\u00f3 este jueves (14.01.2021) a la ciudad china de Wuhan, cuna de la epidemia, seg\u00fan im\u00e1genes en directo de la televisi\u00f3n p\u00fablica CGTN.<\/p>\n\n\n\n<p>Esta visita es sumamente sensible para Pek\u00edn, preocupado por descartar cualquier responsabilidad en la epidemia que ha causado cerca de dos millones de muertos en el mundo.<\/p>\n\n\n\n<p>Inicialmente prevista la semana pasada, fue anulada en el \u00faltimo minuto debido a que faltaban todas las autorizaciones necesarias. Se inform\u00f3 que los expertos tendr\u00e1n que guardar una cuarentena de dos semanas.<\/p>\n\n\n\n<p>La misi\u00f3n, \u00abprioritaria\u00bb para la OMS, est\u00e1 formada por cient\u00edficos de diversas organizaciones internacionales provenientes de EE. UU., Jap\u00f3n, Rusia, Reino Unido, Pa\u00edses Bajos, Dinamarca, Australia, Vietnam, Alemania y Catar.<\/p>\n\n\n\n<figure class=\"wp-block-embed-twitter wp-block-embed is-type-rich is-provider-twitter\"><div class=\"wp-block-embed__wrapper\">\nhttps:\/\/twitter.com\/Alerta_News_\/status\/1349560773304061953?s=20\n<\/div><\/figure>\n\n\n\n<p>La llegada del equipo caus\u00f3 pol\u00e9mica en las \u00faltimas semanas despu\u00e9s de que el director general de la OMS, Tedros Adhanom Ghebreyesus, afirmase estar \u00abmuy decepcionado\u00bb por las trabas que Pek\u00edn estaba poniendo a la misi\u00f3n.&nbsp;<a href=\"https:\/\/www.dw.com\/es\/coronavirus-china-niega-haber-impedido-ingreso-de-expertos-de-la-oms\/a-56145359\">Sin embargo, el gobierno chino neg\u00f3 que les hubiera prohibido la entrada al pa\u00eds.&nbsp;<\/a><\/p>\n\n\n\n<h2 class=\"wp-block-heading\">Primera muerte en ocho meses<\/h2>\n\n\n\n<p>La llegada de la misi\u00f3n de la OMS coincide con la noticia sobre un\u00a0nuevo fallecimiento por el coronavirus SARS-CoV-2,\u00a0 primera muerte que se produce en ocho meses. China no anunciaba un deceso por esta causa desde el pasado 17 de mayo.<\/p>\n\n\n\n<p>Seg\u00fan la Comisi\u00f3n Nacional de Sanidad, el deceso se produjo en la provincia nororiental de Hebei, que circunda Pek\u00edn&nbsp;y es escenario de un rebrote que ha llevado al cierre de tres ciudades, entre ellas la capital provincial, Shijiazhuang, de 11 millones de habitantes.<\/p>\n\n\n\n<p>Con este nuevo fallecimiento, la cifra oficial de muertes por COVID en China continental es de 4.635.<\/p>\n\n\n\n<p>Asimismo, la Comisi\u00f3n Nacional de Sanidad&nbsp;anunci\u00f3 hoy la detecci\u00f3n de 138 nuevos casos del coronavirus, el dato de nuevos contagios m\u00e1s alto desde principios de marzo.<\/p>\n\n\n\n<p>El pasado 6 de marzo, la instituci\u00f3n anunci\u00f3 143 casos, si bien entonces el parte tambi\u00e9n incluy\u00f3 30 fallecimientos.<\/p>\n\n\n\n<p>gs (afp, efe)<\/p>\n\n\n\n<p>Fuente: https:\/\/www.dw.com\/es\/expertos-oms-llegan-a-wuhan-para-estudiar-origen-del-coronavirus\/a-56219168<\/p>\n","protected":false},"excerpt":{"rendered":"<p>La visita es sumamente sensible para China, interesada en descartar toda responsabilidad en la epidemia que ha causado cerca de [&hellip;]<\/p>\n","protected":false},"author":1,"featured_media":3319,"comment_status":"open","ping_status":"open","sticky":false,"template":"","format":"standard","meta":{"site-sidebar-layout":"default","site-content-layout":"","ast-site-content-layout":"default","site-content-style":"default","site-sidebar-style":"default","ast-global-header-display":"","ast-banner-title-visibility":"","ast-main-header-display":"","ast-hfb-above-header-display":"","ast-hfb-below-header-display":"","ast-hfb-mobile-header-display":"","site-post-title":"","ast-breadcrumbs-content":"","ast-featured-img":"","footer-sml-layout":"","theme-transparent-header-meta":"","adv-header-id-meta":"","stick-header-meta":"","header-above-stick-meta":"","header-main-stick-meta":"","header-below-stick-meta":"","astra-migrate-meta-layouts":"default","ast-page-background-enabled":"default","ast-page-background-meta":{"desktop":{"background-color":"var(--ast-global-color-4)","background-image":"","background-repeat":"repeat","background-position":"center center","background-size":"auto","background-attachment":"scroll","background-type":"","background-media":"","overlay-type":"","overlay-color":"","overlay-opacity":"","overlay-gradient":""},"tablet":{"background-color":"","background-image":"","background-repeat":"repeat","background-position":"center center","background-size":"auto","background-attachment":"scroll","background-type":"","background-media":"","overlay-type":"","overlay-color":"","overlay-opacity":"","overlay-gradient":""},"mobile":{"background-color":"","background-image":"","background-repeat":"repeat","background-position":"center center","background-size":"auto","background-attachment":"scroll","background-type":"","background-media":"","overlay-type":"","overlay-color":"","overlay-opacity":"","overlay-gradient":""}},"ast-content-background-meta":{"desktop":{"background-color":"var(--ast-global-color-5)","background-image":"","background-repeat":"repeat","background-position":"center center","background-size":"auto","background-attachment":"scroll","background-type":"","background-media":"","overlay-type":"","overlay-color":"","overlay-opacity":"","overlay-gradient":""},"tablet":{"background-color":"var(--ast-global-color-5)","background-image":"","background-repeat":"repeat","background-position":"center center","background-size":"auto","background-attachment":"scroll","background-type":"","background-media":"","overlay-type":"","overlay-color":"","overlay-opacity":"","overlay-gradient":""},"mobile":{"background-color":"var(--ast-global-color-5)","background-image":"","background-repeat":"repeat","background-position":"center center","background-size":"auto","background-attachment":"scroll","background-type":"","background-media":"","overlay-type":"","overlay-color":"","overlay-opacity":"","overlay-gradient":""}},"footnotes":""},"categories":[8],"tags":[],"class_list":["post-3318","post","type-post","status-publish","format-standard","has-post-thumbnail","hentry","category-noticias"],"_links":{"self":[{"href":"https:\/\/losperiodistas.com.mx\/portal\/wp-json\/wp\/v2\/posts\/3318","targetHints":{"allow":["GET"]}}],"collection":[{"href":"https:\/\/losperiodistas.com.mx\/portal\/wp-json\/wp\/v2\/posts"}],"about":[{"href":"https:\/\/losperiodistas.com.mx\/portal\/wp-json\/wp\/v2\/types\/post"}],"author":[{"embeddable":true,"href":"https:\/\/losperiodistas.com.mx\/portal\/wp-json\/wp\/v2\/users\/1"}],"replies":[{"embeddable":true,"href":"https:\/\/losperiodistas.com.mx\/portal\/wp-json\/wp\/v2\/comments?post=3318"}],"version-history":[{"count":1,"href":"https:\/\/losperiodistas.com.mx\/portal\/wp-json\/wp\/v2\/posts\/3318\/revisions"}],"predecessor-version":[{"id":3320,"href":"https:\/\/losperiodistas.com.mx\/portal\/wp-json\/wp\/v2\/posts\/3318\/revisions\/3320"}],"wp:featuredmedia":[{"embeddable":true,"href":"https:\/\/losperiodistas.com.mx\/portal\/wp-json\/wp\/v2\/media\/3319"}],"wp:attachment":[{"href":"https:\/\/losperiodistas.com.mx\/portal\/wp-json\/wp\/v2\/media?parent=3318"}],"wp:term":[{"taxonomy":"category","embeddable":true,"href":"https:\/\/losperiodistas.com.mx\/portal\/wp-json\/wp\/v2\/categories?post=3318"},{"taxonomy":"post_tag","embeddable":true,"href":"https:\/\/losperiodistas.com.mx\/portal\/wp-json\/wp\/v2\/tags?post=3318"}],"curies":[{"name":"wp","href":"https:\/\/api.w.org\/{rel}","templated":true}]}}