{"id":3312,"date":"2021-01-13T17:54:49","date_gmt":"2021-01-13T23:54:49","guid":{"rendered":"http:\/\/losperiodistas.com.mx\/portal\/?p=3312"},"modified":"2021-01-13T17:54:49","modified_gmt":"2021-01-13T23:54:49","slug":"universidad-jesuita-crea-traductor-para-generar-lenguaje-inclusivo-aci","status":"publish","type":"post","link":"https:\/\/losperiodistas.com.mx\/portal\/universidad-jesuita-crea-traductor-para-generar-lenguaje-inclusivo-aci\/","title":{"rendered":"Universidad jesuita crea traductor para generar \u201clenguaje inclusivo\u201d | ACI"},"content":{"rendered":"\n<p class=\"has-vivid-cyan-blue-color has-text-color has-medium-font-size\">DAVID RAMOS \/ ACI PRENSA<\/p>\n\n\n\n<p>La Universidad Iberoamericana (IBERO), centro de estudios de la Compa\u00f1\u00eda de Jes\u00fas (Jesuitas), anunci\u00f3 recientemente la creaci\u00f3n de \u201cCaDi\u201d, al que definen como \u201cel primer traductor de lenguaje inclusivo, una herramienta que ayuda a emplear el lenguaje incluyente en la redacci\u00f3n de textos\u201d.<\/p>\n\n\n\n<p>La IBERO se\u00f1al\u00f3 en un<a href=\"https:\/\/ibero.mx\/prensa\/la-ibero-desarrolla-cadi-el-primer-traductor-de-lenguaje-incluyente\">&nbsp;comunicado difundido el 11 de enero<\/a>&nbsp;que el traductor de lenguaje inclusivo fue desarrollado por su Programa de G\u00e9nero e Inclusi\u00f3n, \u201cen conjunto con la investigadora de la Universidad de Valencia, la Dra. Capitolina D\u00edaz\u201d.<\/p>\n\n\n\n<p>El sistema se llama \u201cCaDi\u201d precisamente por las primeras letras del nombre de Capitolina D\u00edaz, promotora del sistema.<\/p>\n\n\n\n<p>Citada en el comunicado de la IBERO, D\u00edaz dijo que \u201clas feministas en el mundo nos hemos esforzado en buscar alternativas para decir las cosas de una manera inclusiva. Por ejemplo, solemos hablar del alumnado, del estudiantado, o la direcci\u00f3n, en vez de la directora o el director\u201d.<\/p>\n\n\n\n<p>\u201cEntonces, hemos buscado con mucho esfuerzo t\u00e9rminos que tengan el mismo valor y los pudi\u00e9ramos utilizar\u201d, expres\u00f3.<\/p>\n\n\n\n<h2 class=\"wp-block-heading\"><strong><em>\u201cIdeolog\u00eda de g\u00e9nero disfrazada de una innovaci\u00f3n acad\u00e9mica\u201d<\/em><\/strong><\/h2>\n\n\n\n<p>En di\u00e1logo con ACI Prensa, el P. Hugo Valdemar, can\u00f3nigo penitenciario de la Arquidi\u00f3cesis Primada de M\u00e9xico, denunci\u00f3 que el traductor de lenguaje incluyente de la IBERO \u201cbusca apuntalar la t\u00f3xica ideolog\u00eda de g\u00e9nero disfrazada de una innovaci\u00f3n acad\u00e9mica\u201d.<\/p>\n\n\n\n<p>\u201cEl hecho que la universidad jesuita tenga un Programa de G\u00e9nero e Inclusi\u00f3n lo dice todo. Est\u00e1n por el adoctrinamiento de sus alumnos con estos programas aparentemente educativos que est\u00e1n envenenados por ideolog\u00edas que conllevan una antropolog\u00eda torcida y una visi\u00f3n contraria a lo que nos ense\u00f1a la Sagrada Escritura y el Magisterio de la Iglesia\u201d, dijo.<\/p>\n\n\n\n<p>\u201cEn s\u00edntesis, es una postura abiertamente anti cristiana\u201d, se\u00f1al\u00f3.<\/p>\n\n\n\n<p>Por su parte, Juan Dabdoub, presidente del Consejo Mexicano de la Familia (ConFamilia), critic\u00f3 que con este proyecto la universidad jesuita mexicana est\u00e1 \u201cenmendando la plana a Dios\u201d.<\/p>\n\n\n\n<p>\u201cLos jesuitas de la IBERO, y enfatizo de la IBERO, pues no opino sobre todos los jesuitas, est\u00e1n empe\u00f1ados desde hace varios a\u00f1os en corregir los \u2018errores\u2019 cometidos por Dios en la Creaci\u00f3n\u201d y a \u201cdestruir la fe cat\u00f3lica\u201d, lament\u00f3.<\/p>\n\n\n\n<p>\u201cPara eso han creado una agenda de g\u00e9nero, un Observatorio de G\u00e9nero, ba\u00f1os de g\u00e9nero, un Programa de G\u00e9nero, y la \u00faltima novedad: un \u2018traductor\u2019 para fortalecer la perspectiva de g\u00e9nero\u201d, a\u00f1adi\u00f3.<\/p>\n\n\n\n<p>Para Dabdoub, \u201cel siguiente paso es que estos jesuitas dediquen su tiempo a cambiar las Santas Escrituras, y nos hagan el favor de darnos su versi\u00f3n en lenguaje incluyente, para evitar leer la versi\u00f3n \u2018sexista\u2019 de Nuestro Se\u00f1or\u201d.<\/p>\n\n\n\n<p>\u201cNo s\u00e9 qu\u00e9 les va a decir Dios a estos cat\u00f3licos renegados, pero lo que la Real Academia Espa\u00f1ola (RAE) ya ha dicho que rechaza el uso del lenguaje inclusivo y considera as\u00ed innecesarias todas las variables de inclusi\u00f3n del doble g\u00e9nero; y que quienes insisten en esto es porque confunden la gram\u00e1tica con el machismo\u201d, dijo.<\/p>\n\n\n\n<p>El P. Valdemar subray\u00f3 tambi\u00e9n que el trabajo a favor de la ideolog\u00eda de g\u00e9nero en la universidad jesuita \u201ces una traici\u00f3n a su santo fundador, a su propia misi\u00f3n y a la Iglesia en la que se esconden para mentir, pervertir, y llevar a la ruina moral a sus estudiantes, exponi\u00e9ndolos a su propia perdici\u00f3n y condenaci\u00f3n. Es verdaderamente terrible\u201d.<\/p>\n\n\n\n<p>Al no promover una verdadera pastoral cat\u00f3lica en su instituci\u00f3n educativa, se\u00f1al\u00f3, los jesuitas muestran que \u201cno tienen el menor inter\u00e9s en la salvaci\u00f3n de las almas de sus estudiantes, o una promoci\u00f3n para que sean buenos cristianos\u201d.<\/p>\n\n\n\n<p>\u201cHan dejado de ser instituciones cat\u00f3licas y han pasado a ser verdaderos centros anti cat\u00f3licos que promueven la ideolog\u00eda de g\u00e9nero, exaltan el homosexualismo, empiezan a aprobar abiertamente el aborto\u201d.<\/p>\n\n\n\n<p>\u201cSon todo, menos aquellos extraordinarios jesuitas que tantos santos y sabios dieron a la Iglesia. Hoy, sus universidades son centros de corrupci\u00f3n y perversi\u00f3n\u201d, concluy\u00f3.<\/p>\n\n\n\n<h2 class=\"wp-block-heading\"><strong><em>Pol\u00e9micas de la Compa\u00f1\u00eda de Jes\u00fas y sus universidades en M\u00e9xico<\/em><\/strong><\/h2>\n\n\n\n<p>La Compa\u00f1\u00eda de Jes\u00fas y sus universidades en M\u00e9xico han causado controversias en los \u00faltimos a\u00f1os por su respaldo y promoci\u00f3n de pol\u00edticas a favor del aborto y la ideolog\u00eda de g\u00e9nero.<\/p>\n\n\n\n<p>En diciembre de 2020, el rector de la sede de la IBERO en el estado mexicano de Puebla, Mario Ernesto Patr\u00f3n S\u00e1nchez,<a href=\"https:\/\/www.aciprensa.com\/noticias\/rector-de-universidad-jesuita-apoya-despenalizacion-del-aborto-en-mexico-50707\">&nbsp;<strong>se expres\u00f3 a favor de la despenalizaci\u00f3n del aborto<\/strong><\/a>. ACI Prensa se comunic\u00f3 con la Compa\u00f1\u00eda de Jes\u00fas para conocer su postura al respecto pero no recibi\u00f3 respuesta alguna.<\/p>\n\n\n\n<p>Anualmente, la sede de Ciudad de M\u00e9xico de la IBERO&nbsp;<a href=\"https:\/\/www.aciprensa.com\/noticias\/universidad-jesuita-de-mexico-sobre-evento-gay-en-sus-instalaciones-por-que-no-70745\"><strong>acoge la \u201cSemana de la Diversidad\u201d<\/strong><\/a>, que promueve la agenda gay en el pa\u00eds.<\/p>\n\n\n\n<p>Vocaciones y Juventudes Jesuitas, una obra de la Provincia Mexicana de la Compa\u00f1\u00eda de Jes\u00fas,&nbsp;<a href=\"https:\/\/www.aciprensa.com\/noticias\/jesuitas-mexicanos-celebran-dia-contra-la-homofobia-con-bandera-gay-junto-a-la-cruz-41568\">public\u00f3 en mayo de 2020<\/a>&nbsp;un mensaje por el \u201cD\u00eda Internacional contra la Homofobia, la Transfobia y la Bifobia\u201d, colocando una bandera gay junto a una cruz de San Dami\u00e1n.<\/p>\n\n\n\n<p>En noviembre de 2019, el Sistema Universitario Jesuita de M\u00e9xico&nbsp;<a href=\"https:\/\/www.aciprensa.com\/noticias\/universidad-jesuita-dara-honoris-causa-a-expresidente-que-legalizo-aborto-en-uruguay-52484\"><strong>otorg\u00f3 el doctorado Honoris Causa a Jos\u00e9 Mujica<\/strong><\/a>, expresidente de Uruguay que promulg\u00f3 la ley del aborto, la del mal llamado \u201cmatrimonio\u201d homosexual y la legalizaci\u00f3n de la producci\u00f3n y consumo de marihuana bajo el control del Estado.<\/p>\n\n\n\n<p>En septiembre de 2018, el ITESO, Universidad Jesuita de Guadalajara,\u00a0<a href=\"https:\/\/www.aciprensa.com\/noticias\/universidad-jesuita-acoge-evento-con-promotores-del-aborto-en-mexico-51640\"><strong>acogi\u00f3 en su sede la conferencia \u201cDi\u00e1logo en torno al derecho a decidir\u201d<\/strong><\/a>, que present\u00f3 \u00fanicamente a expositoras de organizaciones que promueven la legalizaci\u00f3n del aborto en M\u00e9xico y otros pa\u00edses del mundo.<\/p>\n\n\n\n<p>Fuente: https:\/\/www.aciprensa.com\/noticias\/universidad-jesuita-crea-traductor-para-generar-lenguaje-inclusivo-65748<\/p>\n","protected":false},"excerpt":{"rendered":"<p>DAVID RAMOS \/ ACI PRENSA La Universidad Iberoamericana (IBERO), centro de estudios de la Compa\u00f1\u00eda de Jes\u00fas (Jesuitas), anunci\u00f3 recientemente [&hellip;]<\/p>\n","protected":false},"author":1,"featured_media":3313,"comment_status":"open","ping_status":"open","sticky":false,"template":"","format":"standard","meta":{"site-sidebar-layout":"default","site-content-layout":"","ast-site-content-layout":"default","site-content-style":"default","site-sidebar-style":"default","ast-global-header-display":"","ast-banner-title-visibility":"","ast-main-header-display":"","ast-hfb-above-header-display":"","ast-hfb-below-header-display":"","ast-hfb-mobile-header-display":"","site-post-title":"","ast-breadcrumbs-content":"","ast-featured-img":"","footer-sml-layout":"","theme-transparent-header-meta":"","adv-header-id-meta":"","stick-header-meta":"","header-above-stick-meta":"","header-main-stick-meta":"","header-below-stick-meta":"","astra-migrate-meta-layouts":"default","ast-page-background-enabled":"default","ast-page-background-meta":{"desktop":{"background-color":"var(--ast-global-color-4)","background-image":"","background-repeat":"repeat","background-position":"center center","background-size":"auto","background-attachment":"scroll","background-type":"","background-media":"","overlay-type":"","overlay-color":"","overlay-opacity":"","overlay-gradient":""},"tablet":{"background-color":"","background-image":"","background-repeat":"repeat","background-position":"center center","background-size":"auto","background-attachment":"scroll","background-type":"","background-media":"","overlay-type":"","overlay-color":"","overlay-opacity":"","overlay-gradient":""},"mobile":{"background-color":"","background-image":"","background-repeat":"repeat","background-position":"center center","background-size":"auto","background-attachment":"scroll","background-type":"","background-media":"","overlay-type":"","overlay-color":"","overlay-opacity":"","overlay-gradient":""}},"ast-content-background-meta":{"desktop":{"background-color":"var(--ast-global-color-5)","background-image":"","background-repeat":"repeat","background-position":"center center","background-size":"auto","background-attachment":"scroll","background-type":"","background-media":"","overlay-type":"","overlay-color":"","overlay-opacity":"","overlay-gradient":""},"tablet":{"background-color":"var(--ast-global-color-5)","background-image":"","background-repeat":"repeat","background-position":"center center","background-size":"auto","background-attachment":"scroll","background-type":"","background-media":"","overlay-type":"","overlay-color":"","overlay-opacity":"","overlay-gradient":""},"mobile":{"background-color":"var(--ast-global-color-5)","background-image":"","background-repeat":"repeat","background-position":"center center","background-size":"auto","background-attachment":"scroll","background-type":"","background-media":"","overlay-type":"","overlay-color":"","overlay-opacity":"","overlay-gradient":""}},"footnotes":""},"categories":[8],"tags":[],"class_list":["post-3312","post","type-post","status-publish","format-standard","has-post-thumbnail","hentry","category-noticias"],"_links":{"self":[{"href":"https:\/\/losperiodistas.com.mx\/portal\/wp-json\/wp\/v2\/posts\/3312","targetHints":{"allow":["GET"]}}],"collection":[{"href":"https:\/\/losperiodistas.com.mx\/portal\/wp-json\/wp\/v2\/posts"}],"about":[{"href":"https:\/\/losperiodistas.com.mx\/portal\/wp-json\/wp\/v2\/types\/post"}],"author":[{"embeddable":true,"href":"https:\/\/losperiodistas.com.mx\/portal\/wp-json\/wp\/v2\/users\/1"}],"replies":[{"embeddable":true,"href":"https:\/\/losperiodistas.com.mx\/portal\/wp-json\/wp\/v2\/comments?post=3312"}],"version-history":[{"count":1,"href":"https:\/\/losperiodistas.com.mx\/portal\/wp-json\/wp\/v2\/posts\/3312\/revisions"}],"predecessor-version":[{"id":3314,"href":"https:\/\/losperiodistas.com.mx\/portal\/wp-json\/wp\/v2\/posts\/3312\/revisions\/3314"}],"wp:featuredmedia":[{"embeddable":true,"href":"https:\/\/losperiodistas.com.mx\/portal\/wp-json\/wp\/v2\/media\/3313"}],"wp:attachment":[{"href":"https:\/\/losperiodistas.com.mx\/portal\/wp-json\/wp\/v2\/media?parent=3312"}],"wp:term":[{"taxonomy":"category","embeddable":true,"href":"https:\/\/losperiodistas.com.mx\/portal\/wp-json\/wp\/v2\/categories?post=3312"},{"taxonomy":"post_tag","embeddable":true,"href":"https:\/\/losperiodistas.com.mx\/portal\/wp-json\/wp\/v2\/tags?post=3312"}],"curies":[{"name":"wp","href":"https:\/\/api.w.org\/{rel}","templated":true}]}}