{"id":33103,"date":"2022-07-27T07:22:49","date_gmt":"2022-07-27T12:22:49","guid":{"rendered":"http:\/\/losperiodistas.com.mx\/portal\/?p=33103"},"modified":"2022-07-27T07:22:51","modified_gmt":"2022-07-27T12:22:51","slug":"por-que-no-se-construyo-en-america-latina-una-poderosa-red-de-trenes-como-la-que-conecta-europa-bbc","status":"publish","type":"post","link":"https:\/\/losperiodistas.com.mx\/portal\/por-que-no-se-construyo-en-america-latina-una-poderosa-red-de-trenes-como-la-que-conecta-europa-bbc\/","title":{"rendered":"Por qu\u00e9 no se construy\u00f3 en Am\u00e9rica Latina una poderosa red de trenes como la que conecta Europa\u00a0| BBC"},"content":{"rendered":"\n<p><\/p>\n\n\n\n<figure class=\"wp-block-image size-full is-style-default\"><img fetchpriority=\"high\" decoding=\"async\" width=\"800\" height=\"450\" src=\"https:\/\/losperiodistas.com.mx\/portal\/wp-content\/uploads\/2022\/07\/125710487_gettyimages-1241477785.jpg\" alt=\"\" class=\"wp-image-33104\" srcset=\"https:\/\/losperiodistas.com.mx\/portal\/wp-content\/uploads\/2022\/07\/125710487_gettyimages-1241477785.jpg 800w, https:\/\/losperiodistas.com.mx\/portal\/wp-content\/uploads\/2022\/07\/125710487_gettyimages-1241477785-300x169.jpg 300w, https:\/\/losperiodistas.com.mx\/portal\/wp-content\/uploads\/2022\/07\/125710487_gettyimages-1241477785-768x432.jpg 768w\" sizes=\"(max-width: 800px) 100vw, 800px\" \/><figcaption>Getty Images<\/figcaption><\/figure>\n\n\n\n<p><\/p>\n\n\n\n<p class=\"has-vivid-cyan-blue-color has-text-color has-medium-font-size\">CRISTINA J. ORGAZ \/ BBC NEWS MUNDO<\/p>\n\n\n\n<p><strong>Hay un peque\u00f1o tren de pasajeros en Latinoam\u00e9rica que une dos pa\u00edses. Pero es una de las pocas excepciones en todo el continente.<\/strong><\/p>\n\n\n\n<p>El ferrocarril no es una forma corriente de viajar entre ciudades en una regi\u00f3n de 19,5 millones de metros cuadrados acostumbrada al tr\u00e1nsito por carretera.<\/p>\n\n\n\n<p>Muchos latinoamericanos miran con envidia los trenes de Europa, llenos de pasajeros y copados de turistas durante el verano, que<strong>&nbsp;unen las capitales europeas a velocidades de v\u00e9rtigo<\/strong>&nbsp;por unos precios asequibles para el ciudadano medio.<\/p>\n\n\n\n<p>Adem\u00e1s tienen unas frecuencias altas y se puede tomar el tren incluso los fines de semana.<\/p>\n\n\n\n<p>Tiempo,\u00a0<strong>precio, frecuencia y comodidad<\/strong>\u00a0son las principales caracter\u00edsticas de los trenes de alta velocidad en Europa.<\/p>\n\n\n\n<p><strong>El que une Madrid y Barcelona cubre los 620 kil\u00f3metros&nbsp;<\/strong>que las separa en apenas 2 horas y media.<\/p>\n\n\n\n<p>El mismo trayecto por autopista llevar\u00eda en auto algo m\u00e1s de 6 horas.<\/p>\n\n\n\n<figure class=\"wp-block-image is-style-default\"><img decoding=\"async\" src=\"https:\/\/ichef.bbci.co.uk\/news\/640\/cpsprodpb\/1144F\/production\/_125953707_gettyimages-1237284996.jpg\" alt=\"Pasajeros\"\/><\/figure>\n\n\n\n<p>Y dado que las estaciones se encuentran en el centro de la ciudad, el trayecto supone una&nbsp;<strong>fuert\u00edsima competencia para el avi\u00f3n<\/strong>&nbsp;en comodidad y coste del billete.<\/p>\n\n\n\n<p>A&nbsp;<strong>Londres y Par\u00eds tambi\u00e9n los une un ferrocarril<\/strong>&nbsp;de pasajeros.<\/p>\n\n\n\n<p>Ir en tren de la capital francesa a la brit\u00e1nica lleva 2 horas y 16 minutos a la m\u00e1xima velocidad.<\/p>\n\n\n\n<p>En Italia, los viajeros pueden pasar&nbsp;<strong>de Mil\u00e1n a Florencia en 1 hora 54 minutos<\/strong>&nbsp;en una de sus opciones m\u00e1s r\u00e1pidas. Hay 320 kil\u00f3metros por carretera entre ellas.<\/p>\n\n\n\n<p>Velocidades y trayectos que son imposibles de ver, de momento, en el continente latinoamericano.<\/p>\n\n\n\n<figure class=\"wp-block-image is-style-default\"><img decoding=\"async\" src=\"https:\/\/ichef.bbci.co.uk\/news\/640\/cpsprodpb\/C62F\/production\/_125953705_gettyimages-1297817307.jpg\" alt=\"Eurostar\"\/><\/figure>\n\n\n\n<p>Las razones de que en Am\u00e9rica Latina no exista una red de trenes de alta velocidad para pasajeros son variadas: las&nbsp;<strong>distancias, el coste o la elecci\u00f3n del&nbsp;<\/strong><strong>auto<\/strong><strong>&nbsp;y el avi\u00f3n<\/strong>&nbsp;para viajar ha alejado al continente de los largos recorridos en tren.<\/p>\n\n\n\n<p>As\u00ed que la corta v\u00eda f\u00e9rrea&nbsp;<strong>entre la poblaci\u00f3n argentina de Posadas con la vecina ciudad paraguaya de Encarnaci\u00f3n<\/strong>, de tan solo 8 kil\u00f3metros, es un paso fronterizo casi \u00fanico, pero muy aprovechado por los habitantes de las dos localidades que comercian intensamente.<\/p>\n\n\n\n<p>Pero, \u00bfpor qu\u00e9 es&nbsp;<strong>tan dif\u00edcil desarrollar trenes para pasajeros veloces<\/strong>&nbsp;en la regi\u00f3n, sobre todo si tenemos en cuenta que a Am\u00e9rica Latina la cruzan innumerables v\u00edas de ferrocarril?<\/p>\n\n\n\n<figure class=\"wp-block-image is-style-default\"><img decoding=\"async\" src=\"https:\/\/ichef.bbci.co.uk\/news\/640\/cpsprodpb\/15951\/production\/_125710488_tren_posadas-encarnacion-nc.png\" alt=\"Mapa\"\/><\/figure>\n\n\n\n<h2 class=\"wp-block-heading\" id=\"Una-red-que-se-discontinu\u00f3\">Una red que se discontinu\u00f3<\/h2>\n\n\n\n<p>Para empezar hay que aclarar que las redes de trenes de pasajeros s\u00ed existen, pero estas no son competitivas en velocidad y frecuencia con otras opciones de transporte.<\/p>\n\n\n\n<p>Los pa\u00edses dejaron de invertir en la red ferroviaria a mediados de la d\u00e9cada de los 50, pero la<strong>&nbsp;falta de inversi\u00f3n&nbsp;<\/strong>se agudiz\u00f3 a partir de los a\u00f1os 80 y culmin\u00f3 en los 90.<\/p>\n\n\n\n<p>\u00abEn la d\u00e9cada de los 80, por diversos factores, entre ellos pol\u00edticos, la&nbsp;<strong>red de transporte de pasajeros empez\u00f3 a decaer<\/strong>&nbsp;hasta el punto donde estamos ahora\u00bb, explica Sebasti\u00e1n Astroza, docente de la Universidad de Concepci\u00f3n e investigador en temas de movilidad del Centro de Desarrollo Urbano Sustentable (Cedeus).<\/p>\n\n\n\n<p>En el contexto de una dictadura neoliberal, \u00abse le empez\u00f3 a&nbsp;<strong>exigir al tren una rentabilidad econ\u00f3mica<\/strong>&nbsp;entre otras cosas, pese a que la gran mayor\u00eda de los sistemas de trenes en el mundo necesitan subsidios\u00bb.<\/p>\n\n\n\n<p>Porque aunque los trenes tienen un gran impacto social, muchos&nbsp;<strong>no son econ\u00f3micamente rentables<\/strong>&nbsp;ya que no se autofinancian.<\/p>\n\n\n\n<figure class=\"wp-block-image is-style-default\"><img decoding=\"async\" src=\"https:\/\/ichef.bbci.co.uk\/news\/640\/cpsprodpb\/99E9\/production\/_125710493_gettyimages-1344752281.jpg\" alt=\"Vias de tren\"\/><\/figure>\n\n\n\n<p>El estado de las finanzas p\u00fablicas tambi\u00e9n es clave.<\/p>\n\n\n\n<p>Un proyecto tan costoso supone una&nbsp;<strong>carga para el d\u00e9ficit&nbsp;<\/strong>de las administraciones involucradas en el desarrollo del tren.<\/p>\n\n\n\n<p>\u00abLos servicios de pasajeros de larga distancia fueron discontinuados, fundamentalmente en la d\u00e9cada de los a\u00f1os 90.&nbsp;<strong>Eran servicios muy deficitarios<\/strong>&nbsp;y las empresas concesionarias no tuvieron inter\u00e9s en dedicarse a esos a atender esos servicios\u00bb, dice Jorge Kohon, ingeniero civil experto en transporte ferroviario y consultor del Banco Mundial.<\/p>\n\n\n\n<p>Adem\u00e1s&nbsp;<strong>los pa\u00edses quer\u00edan reducir los d\u00e9ficit fiscales<\/strong>&nbsp;y en consecuencia, la mayor\u00eda, no todos, pero la gran mayor\u00eda de los servicios de pasajeros a la distancia desaparecieron, cuenta el consultor.<\/p>\n\n\n\n<h2 class=\"wp-block-heading\" id=\"Alt\u00edsimos-costes-de-construcci\u00f3n-y-mantenimiento-\">Alt\u00edsimos costes de construcci\u00f3n y mantenimiento<\/h2>\n\n\n\n<p>Un tren por si solo ya es costoso de operar, dicen los expertos.<\/p>\n\n\n\n<p>Porque necesita gente de&nbsp;<strong>apoyo en las estaciones, mec\u00e1nicos y personal<\/strong>&nbsp;de todo tipo.<\/p>\n\n\n\n<p>\u00abFrente a la simplicidad de un bus o incluso de un avi\u00f3n, que ahora se ha puesto mucho m\u00e1s competitivo, es muy dif\u00edcil para&nbsp;<strong>los ferrocarriles de larga distancia sobrevivir<\/strong>\u00ab, dice Kohon.<\/p>\n\n\n\n<figure class=\"wp-block-image is-style-default\"><img decoding=\"async\" src=\"https:\/\/ichef.bbci.co.uk\/news\/640\/cpsprodpb\/4C91\/production\/_125710691_1cccd285-ee90-4f32-b77c-024596a3352f.jpg\" alt=\"Obra de tren\"\/><figcaption>Pie de foto,La construcci\u00f3n de v\u00edas de tren de alta velocidad suelen ser obras fara\u00f3nicas.<\/figcaption><\/figure>\n\n\n\n<p>Y eso sin tener en cuenta el alto coste de la infraestructura.<\/p>\n\n\n\n<p><strong>\u00abUna locomotora nueva cuesta 3 millones de d\u00f3lares. Un vag\u00f3n puede costar hasta 1 mill\u00f3n\u00bb<\/strong>, calcula el consultor del Banco Mundial.<\/p>\n\n\n\n<p>\u00abY ya si hablamos de la construcci\u00f3n de las v\u00edas, \u00abel costo de un tren de alta velocidad est\u00e1 entre<strong>&nbsp;20&nbsp;<\/strong><strong>y<\/strong><strong>&nbsp;30 millones de d\u00f3lares el kil\u00f3metro<\/strong>\u00ab.<\/p>\n\n\n\n<p>Esto har\u00eda, por ejemplo, que construir un tren de alta velocidad entre Buenos Aires y C\u00f3rdoba, dos ciudades argentinas separadas por unos 650 kil\u00f3metros costara unos&nbsp;<strong>US$16.250 millones<\/strong>&nbsp;usando los c\u00e1lculos medios.<\/p>\n\n\n\n<p>\u00abDadas las&nbsp;<strong>grandes distancias que hay en Latinoam\u00e9rica<\/strong>&nbsp;y la baja demanda, los proyectos se vuelven inviables\u00bb, afirma.<\/p>\n\n\n\n<p>Los dem\u00e1s expertos coinciden.<\/p>\n\n\n\n<p>\u00abLa tecnolog\u00eda de construcci\u00f3n&nbsp;<strong>todav\u00eda tiene que abaratarse mucho&nbsp;<\/strong>para que pueda ser adoptada y utilizada en la regi\u00f3n\u00bb, agrega N\u00e9stor Roa, Jefe de la Divisi\u00f3n de Transporte del Banco Interamericano de Desarrollo en referencia a las largas distancias que a menudo separan las capitales en la regi\u00f3n.<\/p>\n\n\n\n<figure class=\"wp-block-image is-style-default\"><img decoding=\"async\" src=\"https:\/\/ichef.bbci.co.uk\/news\/640\/cpsprodpb\/12704\/production\/_104342557_gettyimages-699325992.jpg\" alt=\"Protesta contra Odebrecht\"\/><figcaption>Pie de foto,La corrupci\u00f3n del caso Odebrecht ocasion\u00f3 protestas en diferentes ciudades de Am\u00e9rica Latina.<\/figcaption><\/figure>\n\n\n\n<p>Otro de los temas que ha frenado el desarrollo de infraestructuras ferroviarias<strong>&nbsp;en la regi\u00f3n es la corrupci\u00f3n<\/strong>&nbsp;en todas sus formas.<\/p>\n\n\n\n<p>Desde el desv\u00edo de fondos, hasta la utilizaci\u00f3n de empresas ligadas al poder pol\u00edtico, pasando por&nbsp;<strong>convocatorias ama\u00f1adas o sobreprecios<\/strong>.<\/p>\n\n\n\n<p>\u00abEsto ocurre mucho en Am\u00e9rica Latina. Hay muchas infraestructuras que no se han desarrollado por la corrupci\u00f3n y algunas que<strong>&nbsp;tardan d\u00e9cadas en acabarse&nbsp;<\/strong>por el mismo motivo\u00bb, dice Jimena Blanco, responsable del Departamento de an\u00e1lisis de Latinoam\u00e9rica de la firma Verisk Maplecroft.<\/p>\n\n\n\n<p>\u00abO en el peor de los casos, cambia el gobierno y los proyectos se paran\u00bb, afirma.<\/p>\n\n\n\n<p>\u00abHay que recordar que los&nbsp;<strong>casos de corrupci\u00f3n hist\u00f3ricos m\u00e1s grandes en la regi\u00f3n<\/strong>&nbsp;han estado casi siempre ligados a la construcci\u00f3n de grandes obras de infraestructura\u00bb, dice Blanco recordando el esc\u00e1ndalo de Lava Jato en Brasil o de Odebrecht en Colombia, Per\u00fa y otros pa\u00edses de la regi\u00f3n.<\/p>\n\n\n\n<figure class=\"wp-block-image is-style-default\"><img decoding=\"async\" src=\"https:\/\/ichef.bbci.co.uk\/news\/640\/cpsprodpb\/AC87\/production\/_125976144_gettyimages-1241160862.jpg\" alt=\"Avi\u00f3n despegando\"\/><figcaption>Pie de foto,La bajada de precios de los vuelos han hecho que el avi\u00f3n sea una manera muy c\u00f3moda de viajar largas distancias.<\/figcaption><\/figure>\n\n\n\n<p>Y es que, de las 6 principales econom\u00edas de Am\u00e9rica Latina, todas tienen un nivel de&nbsp;<strong>riesgo alto o extremo en el \u00edndice de corrupci\u00f3n<\/strong>&nbsp;de la firma de an\u00e1lisis Verisk Maplecroft.<\/p>\n\n\n\n<p>\u00abDe las 6 m\u00e1s grandes, Chile es la \u00fanica que est\u00e1, digamos, a un paso de caer en el nivel medio de riesgo\u00bb, explica Blanco.<\/p>\n\n\n\n<h2 class=\"wp-block-heading\" id=\"Falta-de-competitividad\">Falta de competitividad<\/h2>\n\n\n\n<p>Pero, adem\u00e1s de los costos y la corrupci\u00f3n, la idea de nuevos proyectos de trenes de pasajeros entre ciudades latinoamericanas se enfrenta a otro gran problema:&nbsp;<strong>la competencia del avi\u00f3n<\/strong>, cuyos precios ahora son mucho m\u00e1s accesibles que en d\u00e9cadas pasadas.<\/p>\n\n\n\n<p>\u00abEl transporte a\u00e9reo para medias y largas distancias en Am\u00e9rica Latina es muy competitivo por velocidad y costo\u00bb, dice Roa.<\/p>\n\n\n\n<p>\u00ab<strong>En Europa, cuando el uso del avi\u00f3n empez\u00f3 a generalizarse<\/strong>, los pa\u00edses ya hab\u00edan desarrollado una malla de red ferroviaria para pasajeros. Y esa es una gran diferencia con lo que sucedi\u00f3 en Am\u00e9rica Latina\u00bb, agrega.<\/p>\n\n\n\n<figure class=\"wp-block-image is-style-default\"><img decoding=\"async\" src=\"https:\/\/ichef.bbci.co.uk\/news\/640\/cpsprodpb\/15DC6\/production\/_125724598_trenes-alta-velocidad-nc.png\" alt=\"Mapa de conexiones de trenes en Europa\"\/><\/figure>\n\n\n\n<p>En la regi\u00f3n, la discontinuaci\u00f3n de las redes de trenes de larga distancia para pasajeros no supuso el abandono de la red ferroviaria, que sigue existiendo hoy en d\u00eda, pero&nbsp;<strong>dedicada principalmente a las mercanc\u00edas<\/strong>.<\/p>\n\n\n\n<p>Adem\u00e1s, en Am\u00e9rica Latina existen unos pocos servicios que se pueden llamar<strong>&nbsp;\u00abtrenes sociales\u00bb<\/strong>.<\/p>\n\n\n\n<p>\u00abO sea, servicios de bajas velocidades y bajas frecuencias que atienden las necesidades de gente con baja capacidad de pago, para la que el valor del tiempo no es importante y tardan horas en llegar a su destino\u00bb, apunta Kohon.<\/p>\n\n\n\n<p>Entonces, \u00bfser\u00eda posible utilizar esas mismas v\u00edas que ya existen para trenes m\u00e1s modernos y trayectos m\u00e1s veloces?<\/p>\n\n\n\n<figure class=\"wp-block-image is-style-default\"><img decoding=\"async\" src=\"https:\/\/ichef.bbci.co.uk\/news\/640\/cpsprodpb\/4BC9\/production\/_125710491_gettyimages-1397403605.jpg\" alt=\"Tren\"\/><\/figure>\n\n\n\n<h2 class=\"wp-block-heading\" id=\"Trenes-de-mercanc\u00edas\">Trenes de mercanc\u00edas<\/h2>\n\n\n\n<p>\u00abSon&nbsp;<strong>v\u00edas adaptadas para transportar minerales o cereales o materiales de construcci\u00f3n&nbsp;<\/strong>como cemento, piedra, otros materiales de construcci\u00f3n. Para esos tr\u00e1ficos no hace falta tener grandes velocidades\u00bb, explica el experto del Banco Mundial.<\/p>\n\n\n\n<p>\u00abLo que importa es que la v\u00eda, digamos, pueda&nbsp;<strong>soportar el m\u00e1ximo peso&nbsp;<\/strong>posible de los vagones. No importa tanto la velocidad de circulaci\u00f3n, que en las v\u00edas de Latinoam\u00e9rica suelen ser de 50 o 60 kil\u00f3metros por hora\u00bb.<\/p>\n\n\n\n<p>Que un tren de pasajeros vaya por las v\u00edas ya existentes es viable, pero&nbsp;<strong>como mucho el tren podr\u00eda ir unos&nbsp;<\/strong><strong>10<\/strong><strong>&nbsp;kil\u00f3metros por hora m\u00e1s r\u00e1pido<\/strong>.<\/p>\n\n\n\n<p>\u00abPor esas v\u00edas se puede circular a 70 u 80 kil\u00f3metros por hora con suerte, pero no puedes ir a 120, 140 o 150 y mucho menos hacer rodar un tren de alta velocidad\u00bb.<\/p>\n\n\n\n<p>\u00abA esa velocidad un tren no es competitivo ni con los buses, que se mueven muchos de ellos por autopistas, ni con los autom\u00f3viles, ni por supuesto, con las aerol\u00edneas de bajo coste\u00bb, concluye Kohon.<\/p>\n\n\n\n<figure class=\"wp-block-image is-style-default\"><img decoding=\"async\" src=\"https:\/\/ichef.bbci.co.uk\/news\/640\/cpsprodpb\/1626F\/production\/_125953709_gettyimages-1219027193.jpg\" alt=\"Valpara\u00edso\"\/><figcaption>Pie de foto,Valpara\u00edso est\u00e1 a 1 hora y 26 minutos de Santiago de Chile en el trayecto por carretera<\/figcaption><\/figure>\n\n\n\n<h2 class=\"wp-block-heading\" id=\"Proyectos-actuales-Chile-y-M\u00e9xico\">Proyectos actuales: Chile y M\u00e9xico<\/h2>\n\n\n\n<p>Pese a todas las dificultades, s\u00ed se han llevado a cabo algunos proyectos de trenes de pasajeros recientemente en la regi\u00f3n.<\/p>\n\n\n\n<p>Algunos han fracasado, otro ya est\u00e1 en contrucci\u00f3n y en Chile una reciente propuesta del presidente chileno Gabriel Boric parece dispuesta a desarrollar un&nbsp;<strong>ambicioso plan de \u00abconectividad ferroviaria\u00bb<\/strong>&nbsp;que a\u00fan tienen que probar su viabilidad.<\/p>\n\n\n\n<p>El proyecto empezar\u00eda uniendo con un&nbsp;<strong>tren r\u00e1pid<\/strong><strong>o Santiago<\/strong><strong>&nbsp;de Chile con Valpara\u00edso,&nbsp;<\/strong>las dos ciudades m\u00e1s pobladas del pa\u00eds.<\/p>\n\n\n\n<p>Seg\u00fan el Ministerio de Obras P\u00fablicas chileno, el tren recorrer\u00e1&nbsp;<strong>120 kil\u00f3metros&nbsp;<\/strong><strong>en<\/strong><strong>&nbsp;45 minutos.<\/strong><\/p>\n\n\n\n<p>Hist\u00f3ricamente,&nbsp;<strong>Chile sol\u00eda tener una red de trenes de pasajeros<\/strong>&nbsp;bastante extensa a lo largo del pa\u00eds y, en cierta medida, esa red todav\u00eda existe pero, de nuevo, fue afectada por la falta de inversi\u00f3n.<\/p>\n\n\n\n<figure class=\"wp-block-image is-style-default\"><img decoding=\"async\" src=\"https:\/\/ichef.bbci.co.uk\/news\/640\/cpsprodpb\/71AD\/production\/_125710192_gettyimages-1320558708.jpg\" alt=\"Rio de Janeiro\"\/><figcaption>Pie de foto,Hubo un plan en Brasil para unir las ciudades de R\u00edo de Janeiro y Sao Paulo.<\/figcaption><\/figure>\n\n\n\n<p>\u00abExisten trenes que unen algunas ciudades de Chile, pero no son ni mucho menos, trenes de pasajeros de alta velocidad\u00bb, explica el profesor Astroza.<\/p>\n\n\n\n<p>\u00abPor ejemplo, los&nbsp;<strong>trenes que unen Santiago con Concepci\u00f3n<\/strong>&nbsp;[otra de las grandes ciudades] son anecd\u00f3ticos. Son nocturnos y solo circulan el fin de semana\u00bb, a\u00f1ade.<\/p>\n\n\n\n<p>Pese a la ilusi\u00f3n que ha despertado, llevar\u00e1 mucho tiempo determinar si el plan de Chile es viable y pesar\u00e1 la experiencia pasada en el continente, donde muchos&nbsp;<strong>otros proyectos fracasaron por el camino<\/strong>.<\/p>\n\n\n\n<p>Bajo el mandato de Dilma Rousseff en Brasil, se plante\u00f3 unir Rio y Sao Paulo con un tren bala, mientras que en Argentina, los Kirchner anunciaron en 2006 una l\u00ednea de pasajeros que unir\u00eda Buenos Aires, Rosario y C\u00f3rdoba.Por diversas razones, ambos proyectos se abandonaron.<\/p>\n\n\n\n<p>Pero el que ya est\u00e1 en fase de construcci\u00f3n es el&nbsp;<strong>tren Maya en M\u00e9xico<\/strong>.<\/p>\n\n\n\n<figure class=\"wp-block-image is-style-default\"><img decoding=\"async\" src=\"https:\/\/ichef.bbci.co.uk\/news\/640\/cpsprodpb\/238D\/production\/_125710190_gettyimages-1405654394.jpg\" alt=\"Recorrido del tren Maya.\"\/><figcaption>Pie de foto,El presidente mexicano Andr\u00e9s Manuel L\u00f3pez Obrador muestra el recorrido del tren Maya.<\/figcaption><\/figure>\n\n\n\n<p>El trazado de 1.554 kil\u00f3metros, quiere&nbsp;<strong>unir cinco importantes destinos tur\u00edsticos<\/strong>&nbsp;en la pen\u00ednsula del Yucat\u00e1n como Canc\u00fan, Tulum, Calakmul, Palenque y Chichen Itz\u00e1 en lo que supone una de las grandes iniciativas para reactivar la econom\u00eda mexicana.<\/p>\n\n\n\n<p>Pero este ferrocarril -una de las obras de infraestructura clave del gobierno de Andr\u00e9s Manuel L\u00f3pez Obrador- se ha vuelto&nbsp;<strong>muy pol\u00e9mico no s\u00f3lo por el coste, sino tambi\u00e9n por los da\u00f1os ambientales<\/strong>.<\/p>\n\n\n\n<p>Y es que el desarrollo del tren Maya en los \u00faltimos a\u00f1os ha puesto de relieve muchas de las mismas dificultades a las que se enfrenta el continente para construir servicios de larga distancia.<\/p>\n\n\n\n<p>Fuente: https:\/\/www.bbc.com\/mundo\/noticias-america-latina-62000473<\/p>\n","protected":false},"excerpt":{"rendered":"<p>CRISTINA J. ORGAZ \/ BBC NEWS MUNDO Hay un peque\u00f1o tren de pasajeros en Latinoam\u00e9rica que une dos pa\u00edses. Pero [&hellip;]<\/p>\n","protected":false},"author":1,"featured_media":33104,"comment_status":"open","ping_status":"open","sticky":false,"template":"","format":"standard","meta":{"site-sidebar-layout":"default","site-content-layout":"","ast-site-content-layout":"default","site-content-style":"default","site-sidebar-style":"default","ast-global-header-display":"","ast-banner-title-visibility":"","ast-main-header-display":"","ast-hfb-above-header-display":"","ast-hfb-below-header-display":"","ast-hfb-mobile-header-display":"","site-post-title":"","ast-breadcrumbs-content":"","ast-featured-img":"","footer-sml-layout":"","theme-transparent-header-meta":"","adv-header-id-meta":"","stick-header-meta":"","header-above-stick-meta":"","header-main-stick-meta":"","header-below-stick-meta":"","astra-migrate-meta-layouts":"default","ast-page-background-enabled":"default","ast-page-background-meta":{"desktop":{"background-color":"var(--ast-global-color-4)","background-image":"","background-repeat":"repeat","background-position":"center center","background-size":"auto","background-attachment":"scroll","background-type":"","background-media":"","overlay-type":"","overlay-color":"","overlay-opacity":"","overlay-gradient":""},"tablet":{"background-color":"","background-image":"","background-repeat":"repeat","background-position":"center center","background-size":"auto","background-attachment":"scroll","background-type":"","background-media":"","overlay-type":"","overlay-color":"","overlay-opacity":"","overlay-gradient":""},"mobile":{"background-color":"","background-image":"","background-repeat":"repeat","background-position":"center center","background-size":"auto","background-attachment":"scroll","background-type":"","background-media":"","overlay-type":"","overlay-color":"","overlay-opacity":"","overlay-gradient":""}},"ast-content-background-meta":{"desktop":{"background-color":"var(--ast-global-color-5)","background-image":"","background-repeat":"repeat","background-position":"center center","background-size":"auto","background-attachment":"scroll","background-type":"","background-media":"","overlay-type":"","overlay-color":"","overlay-opacity":"","overlay-gradient":""},"tablet":{"background-color":"var(--ast-global-color-5)","background-image":"","background-repeat":"repeat","background-position":"center center","background-size":"auto","background-attachment":"scroll","background-type":"","background-media":"","overlay-type":"","overlay-color":"","overlay-opacity":"","overlay-gradient":""},"mobile":{"background-color":"var(--ast-global-color-5)","background-image":"","background-repeat":"repeat","background-position":"center center","background-size":"auto","background-attachment":"scroll","background-type":"","background-media":"","overlay-type":"","overlay-color":"","overlay-opacity":"","overlay-gradient":""}},"footnotes":""},"categories":[8],"tags":[11629,11630,11628],"class_list":["post-33103","post","type-post","status-publish","format-standard","has-post-thumbnail","hentry","category-noticias","tag-sistema-ferroviario-america-latina","tag-transporte-ferroviario","tag-trenes-america"],"_links":{"self":[{"href":"https:\/\/losperiodistas.com.mx\/portal\/wp-json\/wp\/v2\/posts\/33103","targetHints":{"allow":["GET"]}}],"collection":[{"href":"https:\/\/losperiodistas.com.mx\/portal\/wp-json\/wp\/v2\/posts"}],"about":[{"href":"https:\/\/losperiodistas.com.mx\/portal\/wp-json\/wp\/v2\/types\/post"}],"author":[{"embeddable":true,"href":"https:\/\/losperiodistas.com.mx\/portal\/wp-json\/wp\/v2\/users\/1"}],"replies":[{"embeddable":true,"href":"https:\/\/losperiodistas.com.mx\/portal\/wp-json\/wp\/v2\/comments?post=33103"}],"version-history":[{"count":1,"href":"https:\/\/losperiodistas.com.mx\/portal\/wp-json\/wp\/v2\/posts\/33103\/revisions"}],"predecessor-version":[{"id":33105,"href":"https:\/\/losperiodistas.com.mx\/portal\/wp-json\/wp\/v2\/posts\/33103\/revisions\/33105"}],"wp:featuredmedia":[{"embeddable":true,"href":"https:\/\/losperiodistas.com.mx\/portal\/wp-json\/wp\/v2\/media\/33104"}],"wp:attachment":[{"href":"https:\/\/losperiodistas.com.mx\/portal\/wp-json\/wp\/v2\/media?parent=33103"}],"wp:term":[{"taxonomy":"category","embeddable":true,"href":"https:\/\/losperiodistas.com.mx\/portal\/wp-json\/wp\/v2\/categories?post=33103"},{"taxonomy":"post_tag","embeddable":true,"href":"https:\/\/losperiodistas.com.mx\/portal\/wp-json\/wp\/v2\/tags?post=33103"}],"curies":[{"name":"wp","href":"https:\/\/api.w.org\/{rel}","templated":true}]}}