{"id":33098,"date":"2022-07-27T07:17:02","date_gmt":"2022-07-27T12:17:02","guid":{"rendered":"http:\/\/losperiodistas.com.mx\/portal\/?p=33098"},"modified":"2022-07-27T07:17:04","modified_gmt":"2022-07-27T12:17:04","slug":"nueva-caravana-migrante-se-instalo-en-el-sur-de-mexico-para-pedir-soluciones-a-las-autoridades-france-24","status":"publish","type":"post","link":"https:\/\/losperiodistas.com.mx\/portal\/nueva-caravana-migrante-se-instalo-en-el-sur-de-mexico-para-pedir-soluciones-a-las-autoridades-france-24\/","title":{"rendered":"Nueva caravana migrante se instal\u00f3 en el sur de M\u00e9xico para pedir soluciones a las autoridades | France 24"},"content":{"rendered":"\n<figure class=\"wp-block-image size-large is-style-default\"><img fetchpriority=\"high\" decoding=\"async\" width=\"1024\" height=\"576\" src=\"https:\/\/losperiodistas.com.mx\/portal\/wp-content\/uploads\/2022\/07\/caravana-migrante-1024x576.jpg\" alt=\"\" class=\"wp-image-33099\" srcset=\"https:\/\/losperiodistas.com.mx\/portal\/wp-content\/uploads\/2022\/07\/caravana-migrante-1024x576.jpg 1024w, https:\/\/losperiodistas.com.mx\/portal\/wp-content\/uploads\/2022\/07\/caravana-migrante-300x169.jpg 300w, https:\/\/losperiodistas.com.mx\/portal\/wp-content\/uploads\/2022\/07\/caravana-migrante-768x432.jpg 768w, https:\/\/losperiodistas.com.mx\/portal\/wp-content\/uploads\/2022\/07\/caravana-migrante.jpg 1280w\" sizes=\"(max-width: 1024px) 100vw, 1024px\" \/><figcaption>Caravana migrantes en el campamento improvisado fuera del Centro de Atenci\u00f3n Integral al Tr\u00e1nsito Fronterizo (CAITF) de Huixtla.\u00a0\u00a9 Juan Blanco \/ EFE<\/figcaption><\/figure>\n\n\n\n<p><\/p>\n\n\n\n<p class=\"has-vivid-cyan-blue-color has-text-color has-medium-font-size\">MELISSA CH\u00c1VEZ RINC\u00d3N \/ FRANCE 24<\/p>\n\n\n\n<p>La nueva caravana migrante con m\u00e1s de 4.000 integrantes, que parti\u00f3 este lunes desde Tapachula, la frontera de M\u00e9xico con Guatemala,\u00a0se moviliz\u00f3 por m\u00e1s de 50 kil\u00f3metros hasta llegar a Huixtla, al sur del estado de Chiapas,\u00a0para instalar este martes un campamento improvisado frente al Centro de Atenci\u00f3n Integral al Tr\u00e1nsito Fronterizo (CAITF) con el objetivo de presionar a las autoridades para encontrar soluciones migratorias.<\/p>\n\n\n\n<p>Una de sus principales peticiones al Instituto Nacional de Migraci\u00f3n (INM) es que les sea otorgado un permiso temporal para transitar hasta la frontera con Estados Unidos, advirtiendo que de no recibir respuestas en esa localidad caminar\u00e1n por la carretera costera hasta otra oficina del estado del sur de M\u00e9xico.<\/p>\n\n\n\n<p>\u00abLo \u00fanico que pedimos es que nos den libre paso como lo hace Costa Rica, Panam\u00e1, Honduras y Guatemala, porque venimos saliendo de la crisis econ\u00f3mica de nuestro pa\u00eds y&nbsp;el prop\u00f3sito es poder obtener una mejor calidad de vida para nuestras familias\u00bb, manifest\u00f3 Daniel Rodr\u00edguez, migrante venezolano integrante de la caravana.<\/p>\n\n\n\n<p>En la entrada a Huixtla, los migrantes fueron instalados por&nbsp;funcionarios de la Guardia Nacional con equipos antimotines, seg\u00fan las autoridades, para evitar que estos&nbsp;intenten acceder a las instalaciones de manera desordenada.<\/p>\n\n\n\n<p>\u00abNo somos enemigos del Gobierno de M\u00e9xico, ni de su pueblo, somos migrantes que venimos huyendo del hambre de nuestros pa\u00edses y de Latinoam\u00e9rica, de Asia, de \u00c1frica y de Centroam\u00e9rica\u00bb, expres\u00f3 Rodr\u00edguez, quien adem\u00e1s afirm\u00f3 que los funcionarios mexicanos les han venido colocando trabas para llegar a la frontera estadounidense.<\/p>\n\n\n\n<figure class=\"wp-block-embed is-type-rich is-provider-twitter wp-block-embed-twitter\"><div class=\"wp-block-embed__wrapper\">\n<blockquote class=\"twitter-tweet\" data-width=\"500\" data-dnt=\"true\"><p lang=\"es\" dir=\"ltr\"><a href=\"https:\/\/twitter.com\/hashtag\/Caravanamigrante?src=hash&amp;ref_src=twsrc%5Etfw\">#Caravanamigrante<\/a> se estaciona en Huixtla, piden documentos legales para avanzar <a href=\"https:\/\/t.co\/JJ6nsaLlQ2\">https:\/\/t.co\/JJ6nsaLlQ2<\/a> <a href=\"https:\/\/t.co\/iOwz9Y3PMB\">pic.twitter.com\/iOwz9Y3PMB<\/a><\/p>&mdash; La Raz\u00f3n de M\u00e9xico (@LaRazon_mx) <a href=\"https:\/\/twitter.com\/LaRazon_mx\/status\/1552016654682537984?ref_src=twsrc%5Etfw\">July 26, 2022<\/a><\/blockquote><script async src=\"https:\/\/platform.twitter.com\/widgets.js\" charset=\"utf-8\"><\/script>\n<\/div><\/figure>\n\n\n\n<p>Durante la ma\u00f1ana de este martes, diferentes funcionarios del personal del INM salieron del instituto para atender a aquellas personas que tuvieran cita y que adem\u00e1s contaran con el protocolo completo de la Comisi\u00f3n Mexicana de Ayuda a Refugiados.<\/p>\n\n\n\n<p><strong>Un duro recorrido<\/strong><\/p>\n\n\n\n<p>Esta caravana, antes de movilizarse a Huixtla, acamp\u00f3 durante dos semanas en las afueras de regulaci\u00f3n migratoria en la frontera con Guatemala, pero al no ser atendidos por el Ejecutivo,&nbsp;decidieron iniciar el recorrido.<\/p>\n\n\n\n<p>Muchos de ellos han manifestado estar enfermos con tos y gripe&nbsp;luego que el pasado domingo estuvieran bajo una intensa lluvia.<\/p>\n\n\n\n<p>Otros denuncian haber sido v\u00edctimas de robos y enga\u00f1os, como es el caso de Juan Carlos, un migrante de Rep\u00fablica Dominicana que explic\u00f3 que sali\u00f3 de su pa\u00eds por la corrupci\u00f3n y la falta de oportunidades de trabajo.<\/p>\n\n\n\n<p>\u201cEn M\u00e9xico nos han tratado bien y estamos esperando la atenci\u00f3n\u201d, dijo Juan Carlos, a quien le mueve\u00a0la necesidad de encontrar un sustento para sus siete hijos y la esperanza de poder enviarles remesas para que \u201cpuedan tener lo necesario\u201d.<\/p>\n\n\n\n<figure class=\"wp-block-image size-large is-style-default\"><img decoding=\"async\" width=\"1024\" height=\"576\" src=\"https:\/\/losperiodistas.com.mx\/portal\/wp-content\/uploads\/2022\/07\/AFP-TV_20220726_POL_MEX_DroitsMigrations_32FG6T7_fr-1024x576.jpg\" alt=\"\" class=\"wp-image-33101\" srcset=\"https:\/\/losperiodistas.com.mx\/portal\/wp-content\/uploads\/2022\/07\/AFP-TV_20220726_POL_MEX_DroitsMigrations_32FG6T7_fr-1024x576.jpg 1024w, https:\/\/losperiodistas.com.mx\/portal\/wp-content\/uploads\/2022\/07\/AFP-TV_20220726_POL_MEX_DroitsMigrations_32FG6T7_fr-300x169.jpg 300w, https:\/\/losperiodistas.com.mx\/portal\/wp-content\/uploads\/2022\/07\/AFP-TV_20220726_POL_MEX_DroitsMigrations_32FG6T7_fr-768x432.jpg 768w, https:\/\/losperiodistas.com.mx\/portal\/wp-content\/uploads\/2022\/07\/AFP-TV_20220726_POL_MEX_DroitsMigrations_32FG6T7_fr-1536x864.jpg 1536w, https:\/\/losperiodistas.com.mx\/portal\/wp-content\/uploads\/2022\/07\/AFP-TV_20220726_POL_MEX_DroitsMigrations_32FG6T7_fr.jpg 1920w\" sizes=\"(max-width: 1024px) 100vw, 1024px\" \/><figcaption>Migrantes en su recorrido desde el poblado de Tapachula, en el sur de M\u00e9xico, hacia el municipio de Huixtla.\u00a0\u00a9 BENJAMIN ALFARO \/ AFP<\/figcaption><\/figure>\n\n\n\n<p>El grupo mayoritario de esta caravana est\u00e1 conformado por unos 600 ni\u00f1os, 1.200 mujeres y aproximadamente 2.000 hombres. Al emprender el viaje, por el camino se encontraron con otras 400 personas, quienes se unieron a la marcha hacia Huixtla.<\/p>\n\n\n\n<p>Alexa, migrante venezolana, quien es adem\u00e1s una de las voceras del contingente, se quej\u00f3 por las acciones de la Polic\u00eda, que intenta separarlos y disuadirlos de no continuar con la marcha.<\/p>\n\n\n\n<p>\u201cCuando la caravana estaba por salir nos dijeron que nos iban a ayudar y los polic\u00edas lograron dispersar a un grupo, y lo que hicieron fue re\u00edrse, eso es lo que nos hacen aqu\u00ed en M\u00e9xico, no les importa nuestra buena fe y la necesidad de la gente y decidimos hacer algo, caminar\u201d, asever\u00f3 Alexa.<\/p>\n\n\n\n<p>En su mayor\u00eda los ni\u00f1os y las mujeres han presentado malestares por la intensa caminata, la falta de hidrataci\u00f3n, de alimentos y las altas temperaturas, que llegan hasta los 35 grados Celsius empeorados por el ardiente pavimento.<\/p>\n\n\n\n<p>Los voceros de los migrantes han pedido a los mexicanos, al Gobierno de Andr\u00e9s Manuel L\u00f3pez Obrador y a las organizaciones no gubernamentales y de derechos humanos, que les sean suministrados insumos como v\u00edveres, comida y agua\u00a0para sobrellevar la traves\u00eda.<\/p>\n\n\n\n<figure class=\"wp-block-embed is-type-rich is-provider-twitter wp-block-embed-twitter\"><div class=\"wp-block-embed__wrapper\">\n<blockquote class=\"twitter-tweet\" data-width=\"500\" data-dnt=\"true\"><p lang=\"es\" dir=\"ltr\">Emitimos <a href=\"https:\/\/twitter.com\/hashtag\/MedidasCautelares?src=hash&amp;ref_src=twsrc%5Etfw\">#MedidasCautelares<\/a> en favor de personas que conformar\u00e1n la <a href=\"https:\/\/twitter.com\/hashtag\/CaravanaMigrante?src=hash&amp;ref_src=twsrc%5Etfw\">#CaravanaMigrante<\/a> en <a href=\"https:\/\/twitter.com\/hashtag\/Chiapas?src=hash&amp;ref_src=twsrc%5Etfw\">#Chiapas<\/a>.<a href=\"https:\/\/twitter.com\/hashtag\/DefendemosAlPueblo?src=hash&amp;ref_src=twsrc%5Etfw\">#DefendemosAlPueblo<\/a> <a href=\"https:\/\/t.co\/uwmbgIlASA\">pic.twitter.com\/uwmbgIlASA<\/a><\/p>&mdash; CNDH en M\u00e9xico (@CNDH) <a href=\"https:\/\/twitter.com\/CNDH\/status\/1551586950469095424?ref_src=twsrc%5Etfw\">July 25, 2022<\/a><\/blockquote><script async src=\"https:\/\/platform.twitter.com\/widgets.js\" charset=\"utf-8\"><\/script>\n<\/div><\/figure>\n\n\n\n<p>Una petici\u00f3n a la que se sum\u00f3 este lunes la Comisi\u00f3n Nacional de los Derechos Humanos (CNDH) de M\u00e9xico, quien \u00abde manera especial\u00bb&nbsp;solicit\u00f3 que&nbsp;se les entregue&nbsp;\u00abagua, suero hidratante, alimentaci\u00f3n higi\u00e9nica y adecuada, atenci\u00f3n por parte de personal m\u00e9dico especializado y de primeros auxilios, medicamentos e insumos de aseo personal\u00bb.<\/p>\n\n\n\n<p>Adem\u00e1s, solicitaron&nbsp;especial atenci\u00f3n para aquellas personas en \u00absituaci\u00f3n especial de vulnerabilidad\u00bb, para quienes se deber\u00eda integrar un equipo multidisciplinario integrado de&nbsp;m\u00e9dicos,&nbsp;psic\u00f3logos, trabajadores sociales y abogados.<\/p>\n\n\n\n<p>Esta es la decimosexta caravana de migrantes que intenta atravesar M\u00e9xico para llegar a los Estados Unidos.&nbsp;En su mayor\u00eda est\u00e1 integrada por ciudadanos de Venezuela, Cuba, Hait\u00ed y diversos pa\u00edses de Centroam\u00e9rica.<\/p>\n\n\n\n<p>El flujo migratorio ha sido catalogado como un r\u00e9cord durante este 2022.&nbsp;La Oficina de Aduanas y Protecci\u00f3n Fronteriza de Estados Unidos ha interceptado a m\u00e1s de 1,6 millones de personas desde octubre del a\u00f1o pasado hasta la fecha.<\/p>\n\n\n\n<p>En la actualidad, M\u00e9xico alberga m\u00e1s de 58.000 solicitudes de asil en lo que va del a\u00f1o, lo que representa un incremento con respecto al a\u00f1o pasado de casi un 15%, seg\u00fan la Comisi\u00f3n Mexicana de Ayuda a Refugiados.<\/p>\n\n\n\n<p>Con informaci\u00f3n de EFE y AFP<\/p>\n\n\n\n<p>Fuente: https:\/\/www.france24.com\/es\/am%C3%A9rica-latina\/20220727-nueva-caravana-migrante-se-instal%C3%B3-en-el-sur-de-m%C3%A9xico-para-pedir-soluciones-a-las-autoridades<\/p>\n","protected":false},"excerpt":{"rendered":"<p>MELISSA CH\u00c1VEZ RINC\u00d3N \/ FRANCE 24 La nueva caravana migrante con m\u00e1s de 4.000 integrantes, que parti\u00f3 este lunes desde [&hellip;]<\/p>\n","protected":false},"author":1,"featured_media":33101,"comment_status":"open","ping_status":"open","sticky":false,"template":"","format":"standard","meta":{"site-sidebar-layout":"default","site-content-layout":"","ast-site-content-layout":"default","site-content-style":"default","site-sidebar-style":"default","ast-global-header-display":"","ast-banner-title-visibility":"","ast-main-header-display":"","ast-hfb-above-header-display":"","ast-hfb-below-header-display":"","ast-hfb-mobile-header-display":"","site-post-title":"","ast-breadcrumbs-content":"","ast-featured-img":"","footer-sml-layout":"","theme-transparent-header-meta":"","adv-header-id-meta":"","stick-header-meta":"","header-above-stick-meta":"","header-main-stick-meta":"","header-below-stick-meta":"","astra-migrate-meta-layouts":"default","ast-page-background-enabled":"default","ast-page-background-meta":{"desktop":{"background-color":"var(--ast-global-color-4)","background-image":"","background-repeat":"repeat","background-position":"center center","background-size":"auto","background-attachment":"scroll","background-type":"","background-media":"","overlay-type":"","overlay-color":"","overlay-opacity":"","overlay-gradient":""},"tablet":{"background-color":"","background-image":"","background-repeat":"repeat","background-position":"center center","background-size":"auto","background-attachment":"scroll","background-type":"","background-media":"","overlay-type":"","overlay-color":"","overlay-opacity":"","overlay-gradient":""},"mobile":{"background-color":"","background-image":"","background-repeat":"repeat","background-position":"center center","background-size":"auto","background-attachment":"scroll","background-type":"","background-media":"","overlay-type":"","overlay-color":"","overlay-opacity":"","overlay-gradient":""}},"ast-content-background-meta":{"desktop":{"background-color":"var(--ast-global-color-5)","background-image":"","background-repeat":"repeat","background-position":"center center","background-size":"auto","background-attachment":"scroll","background-type":"","background-media":"","overlay-type":"","overlay-color":"","overlay-opacity":"","overlay-gradient":""},"tablet":{"background-color":"var(--ast-global-color-5)","background-image":"","background-repeat":"repeat","background-position":"center center","background-size":"auto","background-attachment":"scroll","background-type":"","background-media":"","overlay-type":"","overlay-color":"","overlay-opacity":"","overlay-gradient":""},"mobile":{"background-color":"var(--ast-global-color-5)","background-image":"","background-repeat":"repeat","background-position":"center center","background-size":"auto","background-attachment":"scroll","background-type":"","background-media":"","overlay-type":"","overlay-color":"","overlay-opacity":"","overlay-gradient":""}},"footnotes":""},"categories":[8],"tags":[5512,3965,3828],"class_list":["post-33098","post","type-post","status-publish","format-standard","has-post-thumbnail","hentry","category-noticias","tag-caravana-migrantes","tag-inm","tag-migrantes"],"_links":{"self":[{"href":"https:\/\/losperiodistas.com.mx\/portal\/wp-json\/wp\/v2\/posts\/33098","targetHints":{"allow":["GET"]}}],"collection":[{"href":"https:\/\/losperiodistas.com.mx\/portal\/wp-json\/wp\/v2\/posts"}],"about":[{"href":"https:\/\/losperiodistas.com.mx\/portal\/wp-json\/wp\/v2\/types\/post"}],"author":[{"embeddable":true,"href":"https:\/\/losperiodistas.com.mx\/portal\/wp-json\/wp\/v2\/users\/1"}],"replies":[{"embeddable":true,"href":"https:\/\/losperiodistas.com.mx\/portal\/wp-json\/wp\/v2\/comments?post=33098"}],"version-history":[{"count":1,"href":"https:\/\/losperiodistas.com.mx\/portal\/wp-json\/wp\/v2\/posts\/33098\/revisions"}],"predecessor-version":[{"id":33102,"href":"https:\/\/losperiodistas.com.mx\/portal\/wp-json\/wp\/v2\/posts\/33098\/revisions\/33102"}],"wp:featuredmedia":[{"embeddable":true,"href":"https:\/\/losperiodistas.com.mx\/portal\/wp-json\/wp\/v2\/media\/33101"}],"wp:attachment":[{"href":"https:\/\/losperiodistas.com.mx\/portal\/wp-json\/wp\/v2\/media?parent=33098"}],"wp:term":[{"taxonomy":"category","embeddable":true,"href":"https:\/\/losperiodistas.com.mx\/portal\/wp-json\/wp\/v2\/categories?post=33098"},{"taxonomy":"post_tag","embeddable":true,"href":"https:\/\/losperiodistas.com.mx\/portal\/wp-json\/wp\/v2\/tags?post=33098"}],"curies":[{"name":"wp","href":"https:\/\/api.w.org\/{rel}","templated":true}]}}