{"id":33093,"date":"2022-07-27T06:48:23","date_gmt":"2022-07-27T11:48:23","guid":{"rendered":"http:\/\/losperiodistas.com.mx\/portal\/?p=33093"},"modified":"2022-07-27T06:48:27","modified_gmt":"2022-07-27T11:48:27","slug":"no-son-carreras-de-f1-es-politica-cuando-la-seguridad-es-una-trampa-y-mercedes-lo-sabe-el-confidencial","status":"publish","type":"post","link":"https:\/\/losperiodistas.com.mx\/portal\/no-son-carreras-de-f1-es-politica-cuando-la-seguridad-es-una-trampa-y-mercedes-lo-sabe-el-confidencial\/","title":{"rendered":"No son carreras de F1, es pol\u00edtica: cuando la seguridad es una trampa (y Mercedes lo sabe) | El Confidencial"},"content":{"rendered":"\n<p><em>La FIA quiere introducir cambios en los actuales monoplazas para controlar el &#8216;porpoising&#8217;. Pero entre bastidores se est\u00e1 jugando una dura pugna pol\u00edtica por el alcance de esos cambios y su efecto en los coches<\/em><\/p>\n\n\n\n<p><\/p>\n\n\n\n<figure class=\"wp-block-image size-large is-style-default\"><img fetchpriority=\"high\" decoding=\"async\" width=\"1024\" height=\"768\" src=\"https:\/\/losperiodistas.com.mx\/portal\/wp-content\/uploads\/2022\/07\/f.elconfidencial.com_original_8ee_4e9_7a3_8ee4e97a376cb7cb537972b5cbf5ba71-1024x768.jpg\" alt=\"\" class=\"wp-image-33094\" srcset=\"https:\/\/losperiodistas.com.mx\/portal\/wp-content\/uploads\/2022\/07\/f.elconfidencial.com_original_8ee_4e9_7a3_8ee4e97a376cb7cb537972b5cbf5ba71-1024x768.jpg 1024w, https:\/\/losperiodistas.com.mx\/portal\/wp-content\/uploads\/2022\/07\/f.elconfidencial.com_original_8ee_4e9_7a3_8ee4e97a376cb7cb537972b5cbf5ba71-300x225.jpg 300w, https:\/\/losperiodistas.com.mx\/portal\/wp-content\/uploads\/2022\/07\/f.elconfidencial.com_original_8ee_4e9_7a3_8ee4e97a376cb7cb537972b5cbf5ba71-768x576.jpg 768w, https:\/\/losperiodistas.com.mx\/portal\/wp-content\/uploads\/2022\/07\/f.elconfidencial.com_original_8ee_4e9_7a3_8ee4e97a376cb7cb537972b5cbf5ba71.jpg 1200w\" sizes=\"(max-width: 1024px) 100vw, 1024px\" \/><figcaption>Toto Wolff presiona para un cambio de reglamento. (Reuters\/Hamad I Mohammed)<\/figcaption><\/figure>\n\n\n\n<p><\/p>\n\n\n\n<p class=\"has-vivid-cyan-blue-color has-text-color has-medium-font-size\">JAVIER RUBIO \/ EL CONFIDENCIAL<\/p>\n\n\n\n<p>Sigue el tiroteo en la&nbsp;<strong><a href=\"https:\/\/www.elconfidencial.com\/deportes\/formula-1\/2022-07-25\/alonso-fiabilidad-alpine-francia-calor-norris_3466202\/\" target=\"_blank\" rel=\"noreferrer noopener\">F\u00f3rmula 1<\/a>&nbsp;<\/strong>fuera de las pistas. \u00abCreo que existe una gran labor de &#8216;lobbying&#8217; para cambiar el reglamento significativamente el pr\u00f3ximo a\u00f1o.&nbsp;<strong>As\u00ed, un cierto equipo puede llevar su coche m\u00e1s bajo y beneficiarse de su concepto<\/strong>\u00ab. El enfrentamiento entre&nbsp;<strong><a href=\"https:\/\/www.elconfidencial.com\/deportes\/formula-1\/2022-07-25\/carlos-sainz-ferrari-leclerc-gp-francia_3466194\/\" target=\"_blank\" rel=\"noreferrer noopener\">Ferrari&nbsp;<\/a>y<\/strong>&nbsp;Red Bull, por un lado, y Mercedes, por otro, sigue cogiendo temperatura. Del desenlace del conflicto en marcha en la F\u00f3rmula 1 depender\u00e1 el futuro, a corto plazo en el Gran Premio de B\u00e9lgica pero, sobre todo, en 2023. No son carreras, sino pol\u00edtica, se\u00f1ores. Y encarnizada.<\/p>\n\n\n\n<p>En Francia,\u00a0<strong>Christian Horner\u00a0<\/strong>elev\u00f3 el tono para<strong>\u00a0<\/strong>denunciar el objetivo de Mercedes. Detr\u00e1s de la insistencia de\u00a0<strong>Toto Wolff por modificar los monoplazas actuales,<\/strong>\u00a0con la seguridad por bandera, se esconder\u00eda el af\u00e1n de neutralizar la ventaja de Red Bull y Ferrari. O, para ser m\u00e1s exactos,\u00a0<strong>de intentar resolver algunos de los problemas de concepto del W13\u00a0<\/strong>con la FIA como herramienta e intermediario.\u00a0<\/p>\n\n\n\n<p><a href=\"https:\/\/www.elconfidencial.com\/deportes\/formula-1\/2022-07-13\/mercedes-red-bull-ferrari-horner-binotto-wolff-f1_3455907\/\">Aquel torpedo lanzado en Montreal por la FIA, del que ya informamos en El Confidencial, tiene m\u00e1s largo recorrido y onda expansiva del imaginado inicialmente<\/a>.<\/p>\n\n\n\n<figure class=\"wp-block-image size-large is-style-default\"><img decoding=\"async\" width=\"1024\" height=\"628\" src=\"https:\/\/losperiodistas.com.mx\/portal\/wp-content\/uploads\/2022\/07\/Captura-de-Pantalla-2022-07-27-a-las-6.45.43-1024x628.jpg\" alt=\"\" class=\"wp-image-33096\" srcset=\"https:\/\/losperiodistas.com.mx\/portal\/wp-content\/uploads\/2022\/07\/Captura-de-Pantalla-2022-07-27-a-las-6.45.43-1024x628.jpg 1024w, https:\/\/losperiodistas.com.mx\/portal\/wp-content\/uploads\/2022\/07\/Captura-de-Pantalla-2022-07-27-a-las-6.45.43-300x184.jpg 300w, https:\/\/losperiodistas.com.mx\/portal\/wp-content\/uploads\/2022\/07\/Captura-de-Pantalla-2022-07-27-a-las-6.45.43-768x471.jpg 768w, https:\/\/losperiodistas.com.mx\/portal\/wp-content\/uploads\/2022\/07\/Captura-de-Pantalla-2022-07-27-a-las-6.45.43.jpg 1288w\" sizes=\"(max-width: 1024px) 100vw, 1024px\" \/><\/figure>\n\n\n\n<p>La pugna es tan antigua como la F\u00f3rmula 1.&nbsp;<strong>Cuando tu rival te supera t\u00e9cnicamente, intenta neutralizarle por otros medios si no puedes alcanzarle, mientras aquel<\/strong>&nbsp;defender\u00e1 a brazo partido su posici\u00f3n dominante. Seg\u00fan Horner, este ser\u00eda el objetivo de la cruzada de Toto Wolff. En las filas del brit\u00e1nico, milita el campe\u00f3n de la armadura roja, Ferrari. En medio, la FIA, que procura leg\u00edtimamente la integridad y salud de los pilotos. En el c\u00f3mo reside la cuesti\u00f3n.<\/p>\n\n\n\n<h2 class=\"wp-block-heading\">La larga mano de Mercedes<\/h2>\n\n\n\n<p>\u00abNo s\u00e9 a lo que se refiere (Horner) porque, al final, todos formamos parte del mismo circo.\u00a0<strong>Trabajamos con los mismos accionistas<\/strong>\u00ab, contestaba por alusiones Wolff este fin de semana. \u00ab\u00bf\u00c9l no hace labor de lobby?\u00a0<strong>\u00bfSeguro que se sienta en la oficina y no llama a nadie?<\/strong>\u00ab, afirmaba Wolff. Vuelan los cuchillos, porque las partes saben qu\u00e9 est\u00e1 ocurriendo entre bastidores y cu\u00e1les son los objetivos \u00faltimos de cada cual.<\/p>\n\n\n\n<figure class=\"wp-block-embed is-type-rich is-provider-twitter wp-block-embed-twitter\"><div class=\"wp-block-embed__wrapper\">\n<blockquote class=\"twitter-tweet\" data-width=\"500\" data-dnt=\"true\"><p lang=\"en\" dir=\"ltr\">That\u2019s why he\u2019s called the Smooth Operator \ud83d\ude0e<a href=\"https:\/\/twitter.com\/hashtag\/essereFerrari?src=hash&amp;ref_src=twsrc%5Etfw\">#essereFerrari<\/a> \ud83d\udd34 <a href=\"https:\/\/twitter.com\/hashtag\/FrenchGP?src=hash&amp;ref_src=twsrc%5Etfw\">#FrenchGP<\/a> <a href=\"https:\/\/twitter.com\/Carlossainz55?ref_src=twsrc%5Etfw\">@CarlosSainz55<\/a><a href=\"https:\/\/t.co\/zQQd5uOkxO\">pic.twitter.com\/zQQd5uOkxO<\/a><\/p>&mdash; Scuderia Ferrari HP (@ScuderiaFerrari) <a href=\"https:\/\/twitter.com\/ScuderiaFerrari\/status\/1551555289358426116?ref_src=twsrc%5Etfw\">July 25, 2022<\/a><\/blockquote><script async src=\"https:\/\/platform.twitter.com\/widgets.js\" charset=\"utf-8\"><\/script>\n<\/div><\/figure>\n\n\n\n<p>Tras la azarosa carrera de Bak\u00fa,<strong>&nbsp;la FIA intervino para atajar el rebote de los nuevos &#8216;wing car&#8217;<\/strong>. En B\u00e9lgica entrar\u00e1 en juego la m\u00e9trica conocida como &#8216;Aerodynamic Oscillation Metric&#8217; (AOM) como primer intento de controlar el &#8216;porpoising&#8217;, adem\u00e1s de meter un tajo a los fondos flexibles de algunos monoplazas. \u00bfHabr\u00e1 impacto en el nivel de seg\u00fan qu\u00e9 monoplaza?&nbsp;<strong>\u00bfCostar\u00e1 alguna d\u00e9cima a Ferrari o Red Bull, por ejemplo?<\/strong><\/p>\n\n\n\n<p>Sin embargo, tan crucial tema est\u00e1&nbsp;<strong>incrementando la tensi\u00f3n<\/strong>&nbsp;ante la propuesta provisional de la FIA para 2023, a falta de concretar m\u00e1s detalles t\u00e9cnicos: la altura de los laterales se eleva en 25 mil\u00edmetros, tambi\u00e9n la boca de entrada de aire inferior de los pontones laterales, pruebas de flexibilidad m\u00e1s exigentes del fondo, y la introducci\u00f3n de sensores para medir el rebote.<\/p>\n\n\n\n<p>Ferrari y Red Bull se han desplegado en el campo de batalla con sus equipos cliente.<strong>\u00a0Han visto las orejas al lobo de Mercedes<\/strong>, porque algunas de estas medidas de la FIA habr\u00edan sido defendidas antes por Wolff y los suyos. Sin olvidar aquellos famosos segundos tirantes que aparecieron misteriosamente en el W13, en Montreal, al d\u00eda siguiente de anunciarse la directiva t\u00e9cnica de la FIA.<\/p>\n\n\n\n<figure class=\"wp-block-image size-large is-style-default\"><img decoding=\"async\" width=\"1024\" height=\"628\" src=\"https:\/\/losperiodistas.com.mx\/portal\/wp-content\/uploads\/2022\/07\/Captura-de-Pantalla-2022-07-27-a-las-6.44.06-1024x628.jpg\" alt=\"\" class=\"wp-image-33095\" srcset=\"https:\/\/losperiodistas.com.mx\/portal\/wp-content\/uploads\/2022\/07\/Captura-de-Pantalla-2022-07-27-a-las-6.44.06-1024x628.jpg 1024w, https:\/\/losperiodistas.com.mx\/portal\/wp-content\/uploads\/2022\/07\/Captura-de-Pantalla-2022-07-27-a-las-6.44.06-300x184.jpg 300w, https:\/\/losperiodistas.com.mx\/portal\/wp-content\/uploads\/2022\/07\/Captura-de-Pantalla-2022-07-27-a-las-6.44.06-768x471.jpg 768w, https:\/\/losperiodistas.com.mx\/portal\/wp-content\/uploads\/2022\/07\/Captura-de-Pantalla-2022-07-27-a-las-6.44.06.jpg 1288w\" sizes=\"(max-width: 1024px) 100vw, 1024px\" \/><\/figure>\n\n\n\n<p>\u00abSimplemente, lleva el coche m\u00e1s alto, es f\u00e1cil\u00bb. Horner alud\u00eda directamente a Mercedes en Paul Ricard. \u00abNosotros no hemos tenido ning\u00fan problema en todo el a\u00f1o.&nbsp;<strong>Solo hay un equipo que ha tenido un gran problema<\/strong>\u00ab. El brit\u00e1nico se\u00f1alaba que los ingenieros habr\u00e1n resuelto el rebote el pr\u00f3ximo a\u00f1o sin la intervenci\u00f3n de la FIA, alegando que el &#8216;porpoising&#8217; incluso ha desaparecido en las \u00faltimas carreras. \u00abLo que no queremos hacer es<strong>&nbsp;precipitarnos en una reacci\u00f3n exagerada<\/strong>&nbsp;que podr\u00eda tener un impacto fundamental en los coches del pr\u00f3ximo a\u00f1o\u00bb. Ah\u00ed le has dado, se\u00f1or Horner \u00bfPor qu\u00e9 tanto inter\u00e9s de Mercedes en modificar el reglamento t\u00e9cnico con la seguridad de los pilotos como bandera?<\/p>\n\n\n\n<h2 class=\"wp-block-heading\">Arden los tel\u00e9fonos<\/h2>\n\n\n\n<p>\u00abCreo que no es una cuesti\u00f3n de compromiso sobre los reglamentos,<strong>&nbsp;se trata de reglas t\u00e9cnicas que protegen a los pilotos y, si estos monoplazas son demasiado r\u00edgidos y rebotan demasiado, entonces hagamos algo ahora mismo al respecto<\/strong>\u00ab. Wolff rechazaba la petici\u00f3n de los equipos de rebajar ese paquete de medidas anticipado por la FIA. Cuanta m\u00e1s altura, mejor para el W13, con un concepto radical que le obliga a ir muy bajo y sufrir m\u00e1s que sus rivales con el rebote. Porque la clave mollar del asunto reside en que,<strong>&nbsp;si los cambios se justifican en razones de seguridad, se pueden introducir en cualquier momento por la FIA sin la necesidad de consenso de los equipos.<\/strong><\/p>\n\n\n\n<p>Wolff se convierte as\u00ed en vehemente portavoz de unos pilotos que no han vuelto a abrir la boca ante el potencial impacto de las directrices de la FIA para los intereses de sus respectivos equipos. \u00abSi preguntas a cualquier piloto, la mayor\u00eda te lo confirmar\u00e1, aunque an\u00f3nimamente. Hay discusiones entre los pilotos y nadie habla de ello\u00bb. Wolff no oculta su posicionamiento y, al tratarse de seguridad, es la FIA y no los rivales quien tendr\u00eda la \u00faltima palabra.&nbsp;<strong>Se entiende as\u00ed la referencia de Horner al &#8216;lobbying&#8217; de Wolff,&nbsp;<\/strong>cuando adem\u00e1s en las \u00faltimas carreras el &#8216;porpoising&#8217; se ha atenuado considerablemente.<\/p>\n\n\n\n<figure class=\"wp-block-image is-style-default\"><img decoding=\"async\" src=\"https:\/\/images.ecestaticos.com\/Fx4WMcD-iYLGkPVjmdXyXXkNhzk=\/79x53:2235x1514\/1338x906\/filters:fill(white):format(jpg)\/f.elconfidencial.com%2Foriginal%2Fa55%2F3ea%2Fd8c%2Fa553ead8cb60ff06cb076c00962d5b8b.jpg\" alt=\"Ferrari y Red Bull hacen frente com\u00fan ante Mercedes. (Reuters\/Hamad I Mohammed)\"\/><\/figure>\n\n\n\n<p>\u00abClaramente, cuando est\u00e1s delante, solo quieres asegurarte de que nada cambie, y cuando no est\u00e1s delante, quieres asegurarte de que todo cambie mucho. As\u00ed que estos son los dos espectros de posiciones de lo que se trata realmente. Pregunt\u00e9mosles a los pilotos\u00bb.&nbsp;<strong>Pero sus rivales no est\u00e1n precisamente conmovidos por tan altruista inter\u00e9s<\/strong>, conscientes de que los tiros van por otro lado. Los ingenieros de Ferrari y Red Bull habr\u00e1n analizado el impacto de esos cambios propuestos, no solo en sus monoplazas, sino tambi\u00e9n en el Mercedes.&nbsp;<strong>De aqu\u00ed la f\u00e9rrea oposici\u00f3n a Wolff y a los suyos<\/strong>. Otros, como McLaren, se mueven entre ambos bandos. Entretanto, los responsables t\u00e9cnicos de los equipos necesitan antes del par\u00f3n veraniego saber a qu\u00e9 atenerse. Porque ya van tarde.<\/p>\n\n\n\n<p><strong>As\u00ed que estos d\u00edas Horner, Wolff y Binotto seguir\u00e1n cogiendo sus tel\u00e9fonos con la FIA y otros equipos<\/strong>. Habr\u00e1 cambios, pero est\u00e1 a\u00fan por determinar su envergadura y efectos. Los intereses en juego son enormes: el nivel competitivo de la pr\u00f3xima temporada. El cuajo de\u00a0<strong>Mohammed Ben Sulayem<\/strong>, el nuevo presidente de la FIA, ser\u00e1 puesto a prueba en las pr\u00f3ximas semanas.<\/p>\n\n\n\n<p>Fuente: https:\/\/www.elconfidencial.com\/deportes\/formula-1\/2022-07-27\/mercedes-red-bull-ferrrari-horner-binotto-wolff_3466980\/<\/p>\n","protected":false},"excerpt":{"rendered":"<p>La FIA quiere introducir cambios en los actuales monoplazas para controlar el &#8216;porpoising&#8217;. Pero entre bastidores se est\u00e1 jugando una [&hellip;]<\/p>\n","protected":false},"author":1,"featured_media":33094,"comment_status":"open","ping_status":"open","sticky":false,"template":"","format":"standard","meta":{"site-sidebar-layout":"default","site-content-layout":"","ast-site-content-layout":"default","site-content-style":"default","site-sidebar-style":"default","ast-global-header-display":"","ast-banner-title-visibility":"","ast-main-header-display":"","ast-hfb-above-header-display":"","ast-hfb-below-header-display":"","ast-hfb-mobile-header-display":"","site-post-title":"","ast-breadcrumbs-content":"","ast-featured-img":"","footer-sml-layout":"","theme-transparent-header-meta":"","adv-header-id-meta":"","stick-header-meta":"","header-above-stick-meta":"","header-main-stick-meta":"","header-below-stick-meta":"","astra-migrate-meta-layouts":"default","ast-page-background-enabled":"default","ast-page-background-meta":{"desktop":{"background-color":"var(--ast-global-color-4)","background-image":"","background-repeat":"repeat","background-position":"center center","background-size":"auto","background-attachment":"scroll","background-type":"","background-media":"","overlay-type":"","overlay-color":"","overlay-opacity":"","overlay-gradient":""},"tablet":{"background-color":"","background-image":"","background-repeat":"repeat","background-position":"center center","background-size":"auto","background-attachment":"scroll","background-type":"","background-media":"","overlay-type":"","overlay-color":"","overlay-opacity":"","overlay-gradient":""},"mobile":{"background-color":"","background-image":"","background-repeat":"repeat","background-position":"center center","background-size":"auto","background-attachment":"scroll","background-type":"","background-media":"","overlay-type":"","overlay-color":"","overlay-opacity":"","overlay-gradient":""}},"ast-content-background-meta":{"desktop":{"background-color":"var(--ast-global-color-5)","background-image":"","background-repeat":"repeat","background-position":"center center","background-size":"auto","background-attachment":"scroll","background-type":"","background-media":"","overlay-type":"","overlay-color":"","overlay-opacity":"","overlay-gradient":""},"tablet":{"background-color":"var(--ast-global-color-5)","background-image":"","background-repeat":"repeat","background-position":"center center","background-size":"auto","background-attachment":"scroll","background-type":"","background-media":"","overlay-type":"","overlay-color":"","overlay-opacity":"","overlay-gradient":""},"mobile":{"background-color":"var(--ast-global-color-5)","background-image":"","background-repeat":"repeat","background-position":"center center","background-size":"auto","background-attachment":"scroll","background-type":"","background-media":"","overlay-type":"","overlay-color":"","overlay-opacity":"","overlay-gradient":""}},"footnotes":""},"categories":[8],"tags":[6193,7528,8025,11627,11626],"class_list":["post-33093","post","type-post","status-publish","format-standard","has-post-thumbnail","hentry","category-noticias","tag-fia","tag-formula-1","tag-mercedes","tag-porpoising","tag-red-bull-ferrari"],"_links":{"self":[{"href":"https:\/\/losperiodistas.com.mx\/portal\/wp-json\/wp\/v2\/posts\/33093","targetHints":{"allow":["GET"]}}],"collection":[{"href":"https:\/\/losperiodistas.com.mx\/portal\/wp-json\/wp\/v2\/posts"}],"about":[{"href":"https:\/\/losperiodistas.com.mx\/portal\/wp-json\/wp\/v2\/types\/post"}],"author":[{"embeddable":true,"href":"https:\/\/losperiodistas.com.mx\/portal\/wp-json\/wp\/v2\/users\/1"}],"replies":[{"embeddable":true,"href":"https:\/\/losperiodistas.com.mx\/portal\/wp-json\/wp\/v2\/comments?post=33093"}],"version-history":[{"count":1,"href":"https:\/\/losperiodistas.com.mx\/portal\/wp-json\/wp\/v2\/posts\/33093\/revisions"}],"predecessor-version":[{"id":33097,"href":"https:\/\/losperiodistas.com.mx\/portal\/wp-json\/wp\/v2\/posts\/33093\/revisions\/33097"}],"wp:featuredmedia":[{"embeddable":true,"href":"https:\/\/losperiodistas.com.mx\/portal\/wp-json\/wp\/v2\/media\/33094"}],"wp:attachment":[{"href":"https:\/\/losperiodistas.com.mx\/portal\/wp-json\/wp\/v2\/media?parent=33093"}],"wp:term":[{"taxonomy":"category","embeddable":true,"href":"https:\/\/losperiodistas.com.mx\/portal\/wp-json\/wp\/v2\/categories?post=33093"},{"taxonomy":"post_tag","embeddable":true,"href":"https:\/\/losperiodistas.com.mx\/portal\/wp-json\/wp\/v2\/tags?post=33093"}],"curies":[{"name":"wp","href":"https:\/\/api.w.org\/{rel}","templated":true}]}}