{"id":3301,"date":"2021-01-13T14:43:49","date_gmt":"2021-01-13T20:43:49","guid":{"rendered":"http:\/\/losperiodistas.com.mx\/portal\/?p=3301"},"modified":"2021-01-13T14:43:49","modified_gmt":"2021-01-13T20:43:49","slug":"jose-medina-mora-nuevo-presidente-de-la-coparmex-reitera-colaboracion-con-el-gobierno-pero-sera-critico-el-economista","status":"publish","type":"post","link":"https:\/\/losperiodistas.com.mx\/portal\/jose-medina-mora-nuevo-presidente-de-la-coparmex-reitera-colaboracion-con-el-gobierno-pero-sera-critico-el-economista\/","title":{"rendered":"Jos\u00e9 Medina Mora, nuevo presidente de la Coparmex, reitera colaboraci\u00f3n con el gobierno, pero \u00abser\u00e1 cr\u00edtico\u00bb | El Economista"},"content":{"rendered":"\n<p style=\"font-size:18px\"><em>Al tomar protesta como presidente de la Confederaci\u00f3n Patronal de la Rep\u00fablica Mexicana, Medina Mora Coparmex ofreci\u00f3 colaboraci\u00f3n a la Secretar\u00eda de Econom\u00eda para lograr la reactivaci\u00f3n de la econom\u00eda y del empleo.<\/em><\/p>\n\n\n\n<p class=\"has-vivid-cyan-blue-color has-text-color has-medium-font-size\">LILIA GONZ\u00c1LEZ \/ EL ECONOMISTA<\/p>\n\n\n\n<p>Ante la profundidad de la crisis econ\u00f3mica y sanitaria en M\u00e9xico y el resto del mundo, el presidente entrante de la Confederaci\u00f3n Patronal de la Rep\u00fablica Mexicana (<strong>Coparmex<\/strong>), Jos\u00e9 Medina Mora Icaza, convoc\u00f3 a la \u201cunidad\u201d para que todos los sectores productivos, gobierno, academia y sindicatos pongan su \u201cgranito de arena\u201d y encontrar consensos en temas como la&nbsp;<a href=\"https:\/\/www.eleconomista.com.mx\/tags\/outsourcing-5021\" target=\"_blank\" rel=\"noreferrer noopener\">subcontrataci\u00f3n<\/a>, la&nbsp;<strong>generaci\u00f3n de empleo<\/strong>, la&nbsp;<strong>reactivaci\u00f3n econ\u00f3mica<\/strong>, entre otros.<\/p>\n\n\n\n<p>Al tomar protesta como presidente nacional del sindicato de los patrones en M\u00e9xico, Medina Mora advirti\u00f3 que se colaborar\u00e1 con el gobierno federal, pero ser\u00e1 \u201ccr\u00edtico\u201d con todas aquellas \u201cacciones que no van a en la l\u00ednea\u201d.<\/p>\n\n\n\n<p>\u201cNo podemos dejarle todo el peso al gobierno, y desde Coparmex ofrecemos el di\u00e1logo para colaborar y encontrar consensos y resolver los grandes desaf\u00edos como pa\u00eds\u201d, expres\u00f3 ante la titular de la Secretar\u00eda de Econom\u00eda, Tatiana Clouthier.<\/p>\n\n\n\n<p>Frente a la crisis econ\u00f3mica que provoc\u00f3&nbsp;<a href=\"https:\/\/www.eleconomista.com.mx\/economia\/PIB-del-2020-caera-8.99-en-el-2021-rebotara-3.54-Encuesta-Banxico-20201218-0023.html\" target=\"_blank\" rel=\"noreferrer noopener\">el descenso del 9% del Producto Interno Bruto<\/a>&nbsp;(PIB) en M\u00e9xico en 2020, con la p\u00e9rdida de 1 mill\u00f3n 100,000 empleos por el cierre de actividades econ\u00f3micas por el confinamiento por la pandemia de Covid-19, el titular de la&nbsp;<strong>Coparmex<\/strong>&nbsp;ofreci\u00f3 colaboraci\u00f3n a la secretaria de Econom\u00eda para lograr la reactivaci\u00f3n de la econom\u00eda y del empleo.<\/p>\n\n\n\n<p>Mientras que demand\u00f3 a la titular de la Secretar\u00eda del Trabajo, Luisa Mar\u00eda Alcalde, encontrar los consenso para que la subcontraci\u00f3n laboral est\u00e9 \u201cregulada&nbsp;y permitida\u201d.<\/p>\n\n\n\n<p>A unos d\u00edas de que se&nbsp;<a href=\"https:\/\/www.eleconomista.com.mx\/empresas\/Reforma-al-outsourcing-se-perfila-para-el-2021-20201204-0015.html\" target=\"_blank\" rel=\"noreferrer noopener\">discuta en el Congreso la reforma del outsourcing<\/a>, el dirigente patronal pugn\u00f3 por alcanzar dos objetivos: \u201cRespetar derecho de trabajadores y conservar la competitividad que requerimos como pa\u00eds\u201d.<\/p>\n\n\n\n<p>En tanto se comprometi\u00f3 a que la&nbsp;<strong>Coparmex<\/strong>&nbsp;impulsar\u00e1 el aumento de salario m\u00ednimo y llegar a l\u00ednea de bienestar familiar.<\/p>\n\n\n\n<p>kg<\/p>\n\n\n\n<p>Fuente: https:\/\/www.eleconomista.com.mx\/empresas\/Jose-Medina-Mora-nuevo-presidente-de-la-Coparmex-reitera-colaboracion-con-el-gobierno-pero-sera-critico-20210113-0060.html<\/p>\n","protected":false},"excerpt":{"rendered":"<p>Al tomar protesta como presidente de la Confederaci\u00f3n Patronal de la Rep\u00fablica Mexicana, Medina Mora Coparmex ofreci\u00f3 colaboraci\u00f3n a la [&hellip;]<\/p>\n","protected":false},"author":1,"featured_media":3302,"comment_status":"open","ping_status":"open","sticky":false,"template":"","format":"standard","meta":{"site-sidebar-layout":"default","site-content-layout":"","ast-site-content-layout":"default","site-content-style":"default","site-sidebar-style":"default","ast-global-header-display":"","ast-banner-title-visibility":"","ast-main-header-display":"","ast-hfb-above-header-display":"","ast-hfb-below-header-display":"","ast-hfb-mobile-header-display":"","site-post-title":"","ast-breadcrumbs-content":"","ast-featured-img":"","footer-sml-layout":"","theme-transparent-header-meta":"","adv-header-id-meta":"","stick-header-meta":"","header-above-stick-meta":"","header-main-stick-meta":"","header-below-stick-meta":"","astra-migrate-meta-layouts":"default","ast-page-background-enabled":"default","ast-page-background-meta":{"desktop":{"background-color":"var(--ast-global-color-4)","background-image":"","background-repeat":"repeat","background-position":"center center","background-size":"auto","background-attachment":"scroll","background-type":"","background-media":"","overlay-type":"","overlay-color":"","overlay-opacity":"","overlay-gradient":""},"tablet":{"background-color":"","background-image":"","background-repeat":"repeat","background-position":"center center","background-size":"auto","background-attachment":"scroll","background-type":"","background-media":"","overlay-type":"","overlay-color":"","overlay-opacity":"","overlay-gradient":""},"mobile":{"background-color":"","background-image":"","background-repeat":"repeat","background-position":"center center","background-size":"auto","background-attachment":"scroll","background-type":"","background-media":"","overlay-type":"","overlay-color":"","overlay-opacity":"","overlay-gradient":""}},"ast-content-background-meta":{"desktop":{"background-color":"var(--ast-global-color-5)","background-image":"","background-repeat":"repeat","background-position":"center center","background-size":"auto","background-attachment":"scroll","background-type":"","background-media":"","overlay-type":"","overlay-color":"","overlay-opacity":"","overlay-gradient":""},"tablet":{"background-color":"var(--ast-global-color-5)","background-image":"","background-repeat":"repeat","background-position":"center center","background-size":"auto","background-attachment":"scroll","background-type":"","background-media":"","overlay-type":"","overlay-color":"","overlay-opacity":"","overlay-gradient":""},"mobile":{"background-color":"var(--ast-global-color-5)","background-image":"","background-repeat":"repeat","background-position":"center center","background-size":"auto","background-attachment":"scroll","background-type":"","background-media":"","overlay-type":"","overlay-color":"","overlay-opacity":"","overlay-gradient":""}},"footnotes":""},"categories":[8],"tags":[],"class_list":["post-3301","post","type-post","status-publish","format-standard","has-post-thumbnail","hentry","category-noticias"],"_links":{"self":[{"href":"https:\/\/losperiodistas.com.mx\/portal\/wp-json\/wp\/v2\/posts\/3301","targetHints":{"allow":["GET"]}}],"collection":[{"href":"https:\/\/losperiodistas.com.mx\/portal\/wp-json\/wp\/v2\/posts"}],"about":[{"href":"https:\/\/losperiodistas.com.mx\/portal\/wp-json\/wp\/v2\/types\/post"}],"author":[{"embeddable":true,"href":"https:\/\/losperiodistas.com.mx\/portal\/wp-json\/wp\/v2\/users\/1"}],"replies":[{"embeddable":true,"href":"https:\/\/losperiodistas.com.mx\/portal\/wp-json\/wp\/v2\/comments?post=3301"}],"version-history":[{"count":1,"href":"https:\/\/losperiodistas.com.mx\/portal\/wp-json\/wp\/v2\/posts\/3301\/revisions"}],"predecessor-version":[{"id":3303,"href":"https:\/\/losperiodistas.com.mx\/portal\/wp-json\/wp\/v2\/posts\/3301\/revisions\/3303"}],"wp:featuredmedia":[{"embeddable":true,"href":"https:\/\/losperiodistas.com.mx\/portal\/wp-json\/wp\/v2\/media\/3302"}],"wp:attachment":[{"href":"https:\/\/losperiodistas.com.mx\/portal\/wp-json\/wp\/v2\/media?parent=3301"}],"wp:term":[{"taxonomy":"category","embeddable":true,"href":"https:\/\/losperiodistas.com.mx\/portal\/wp-json\/wp\/v2\/categories?post=3301"},{"taxonomy":"post_tag","embeddable":true,"href":"https:\/\/losperiodistas.com.mx\/portal\/wp-json\/wp\/v2\/tags?post=3301"}],"curies":[{"name":"wp","href":"https:\/\/api.w.org\/{rel}","templated":true}]}}