{"id":3298,"date":"2021-01-13T14:39:42","date_gmt":"2021-01-13T20:39:42","guid":{"rendered":"http:\/\/losperiodistas.com.mx\/portal\/?p=3298"},"modified":"2021-01-13T14:39:42","modified_gmt":"2021-01-13T20:39:42","slug":"tiendas-de-la-antad-pediran-permisos-para-importar-y-vender-vacunas-contra-covid-19-el-financiero","status":"publish","type":"post","link":"https:\/\/losperiodistas.com.mx\/portal\/tiendas-de-la-antad-pediran-permisos-para-importar-y-vender-vacunas-contra-covid-19-el-financiero\/","title":{"rendered":"Tiendas de la ANTAD pedir\u00e1n permisos para importar y vender vacunas contra COVID-19 | El Financiero"},"content":{"rendered":"\n<p style=\"font-size:18px\"><em>Queremos comprarla para ofrecerlas a los clientes que las quieran pagar&#8217;, dijo Vicente Y\u00e1\u00f1ez, presidente de la Asociaci\u00f3n Nacional de Tiendas de Autoservicio y Departamentales.<\/em><\/p>\n\n\n\n<p class=\"has-vivid-cyan-blue-color has-text-color has-medium-font-size\">ALEJANDRA RODR\u00cdGUEZ \/ EL FINANCIERO<\/p>\n\n\n\n<p>La Asociaci\u00f3n Nacional de Tiendas de Autoservicio y Departamentales (<strong>ANTAD<\/strong>), busca&nbsp;<strong>permisos para importar la vacuna contra el COVID-19<\/strong>&nbsp;y poder comercializarla.<\/p>\n\n\n\n<p>\u201cEl Gobierno va a poner algunas, pero de todos modos<strong>&nbsp;la gente est\u00e1 en posibilidad de comprar otras<\/strong>, llegamos m\u00e1s r\u00e1pido al objetivo e inclusive eso le sale m\u00e1s barato al propio Gobierno\u00bb, dijo este mi\u00e9rcoles Vicente Y\u00e1\u00f1ez, presidente de la&nbsp;<strong>ANTAD<\/strong>.<\/p>\n\n\n\n<p>\u00abHabr\u00eda algunos particulares que&nbsp;<strong>pudi\u00e9ramos sufragar el gasto de las vacunas<\/strong>&nbsp;y seguramente as\u00ed lo har\u00edamos, y esto est\u00e1 sujeto a permisos y seguiremos insistiendo para que las cadenas puedan importar sus vacunas y ofrecerlas a los clientes\u201d, abund\u00f3.<\/p>\n\n\n\n<p>Como ejemplo puso el caso de Estados Unidos, donde Walmart est\u00e1 apoyando al gobierno en la aplicaci\u00f3n de las vacunas, en la primera etapa, pero que seguramente m\u00e1s adelante las vender\u00e1n.<\/p>\n\n\n\n<p>\u201cLe ofrecimos (al Gobierno) que pudieran darnos oportunidad de comprarla para ofrecerlas a los&nbsp;<strong>clientes que las quieran pagar<\/strong>&nbsp;y est\u00e9 en posibilidades se le pueda aplicar. Y con esto lleguemos m\u00e1s r\u00e1pido a cubrir a la mayor\u00eda de la poblaci\u00f3n\u201d, dijo Y\u00e1\u00f1ez durante su participaci\u00f3n en el programa Mundo Retail en la ponencia \u2018La formalidad de la econom\u00eda 2021\u2019.<\/p>\n\n\n\n<p>Agreg\u00f3 que si bien al momento el Gobierno de M\u00e9xico solo ha optado por la aplicaci\u00f3n de vacunas en los puntos designados, tambi\u00e9n sus afiliados de farmacias como Farmacias Guadalajara, Farmacias Yza, Farmacias del Ahorro, Farmacias Benavides, Farma Todo, entre otras, pudieran tambi\u00e9n ser centro de aplicaci\u00f3n de vacunas.<\/p>\n\n\n\n<p>\u201cLe hemos ofrecido a las autoridades la red de cadenas que tienen farmacias que son varios decenas de miles de establecimientos en las que se pudieran aplicar las vacunas de forma muy r\u00e1pida\u201d, agreg\u00f3.<\/p>\n\n\n\n<h3 class=\"wp-block-heading\">Apoyos sociales<\/h3>\n\n\n\n<p>Adem\u00e1s del apoyo en vacunas, el presidente de la ANTAD insisti\u00f3 en que los apoyos sociales brindados por el Gobierno mexicano vuelvan a tener candado y se puedan cobrar \u00fanicamente en el sector formal.<\/p>\n\n\n\n<p>\u201cAlgo que hemos ofrecido es que los apoyos sociales se rediman en el comercio formal, y que esos recursos fiscales, tan escasos, se reciclen en la formalidad, donde todos aportemos, cooperemos al gasto p\u00fablico y tengamos un mejor presupuesto. No es posible que en un pa\u00eds solo cuatro de 10 est\u00e1n en la formalidad, eso no es sostenible en el tiempo\u201d, refiri\u00f3 Y\u00e1\u00f1ez.<\/p>\n\n\n\n<p>Asimismo, hizo un llamado porque el sem\u00e1foro epidemiol\u00f3gico hable de actividades seguras y no esenciales, como apoyo al sector restaurantero, que desde mediados de diciembre volvi\u00f3 a cerrar su servicio en mesa.<\/p>\n\n\n\n<p>Fuente: https:\/\/www.elfinanciero.com.mx\/empresas\/antad-se-apunta-para-comercializar-vacunas-contra-el-covid-busca-permisos-para-importarlas<\/p>\n","protected":false},"excerpt":{"rendered":"<p>Queremos comprarla para ofrecerlas a los clientes que las quieran pagar&#8217;, dijo Vicente Y\u00e1\u00f1ez, presidente de la Asociaci\u00f3n Nacional de [&hellip;]<\/p>\n","protected":false},"author":1,"featured_media":3299,"comment_status":"open","ping_status":"open","sticky":false,"template":"","format":"standard","meta":{"site-sidebar-layout":"default","site-content-layout":"","ast-site-content-layout":"default","site-content-style":"default","site-sidebar-style":"default","ast-global-header-display":"","ast-banner-title-visibility":"","ast-main-header-display":"","ast-hfb-above-header-display":"","ast-hfb-below-header-display":"","ast-hfb-mobile-header-display":"","site-post-title":"","ast-breadcrumbs-content":"","ast-featured-img":"","footer-sml-layout":"","theme-transparent-header-meta":"","adv-header-id-meta":"","stick-header-meta":"","header-above-stick-meta":"","header-main-stick-meta":"","header-below-stick-meta":"","astra-migrate-meta-layouts":"default","ast-page-background-enabled":"default","ast-page-background-meta":{"desktop":{"background-color":"var(--ast-global-color-4)","background-image":"","background-repeat":"repeat","background-position":"center center","background-size":"auto","background-attachment":"scroll","background-type":"","background-media":"","overlay-type":"","overlay-color":"","overlay-opacity":"","overlay-gradient":""},"tablet":{"background-color":"","background-image":"","background-repeat":"repeat","background-position":"center center","background-size":"auto","background-attachment":"scroll","background-type":"","background-media":"","overlay-type":"","overlay-color":"","overlay-opacity":"","overlay-gradient":""},"mobile":{"background-color":"","background-image":"","background-repeat":"repeat","background-position":"center center","background-size":"auto","background-attachment":"scroll","background-type":"","background-media":"","overlay-type":"","overlay-color":"","overlay-opacity":"","overlay-gradient":""}},"ast-content-background-meta":{"desktop":{"background-color":"var(--ast-global-color-5)","background-image":"","background-repeat":"repeat","background-position":"center center","background-size":"auto","background-attachment":"scroll","background-type":"","background-media":"","overlay-type":"","overlay-color":"","overlay-opacity":"","overlay-gradient":""},"tablet":{"background-color":"var(--ast-global-color-5)","background-image":"","background-repeat":"repeat","background-position":"center center","background-size":"auto","background-attachment":"scroll","background-type":"","background-media":"","overlay-type":"","overlay-color":"","overlay-opacity":"","overlay-gradient":""},"mobile":{"background-color":"var(--ast-global-color-5)","background-image":"","background-repeat":"repeat","background-position":"center center","background-size":"auto","background-attachment":"scroll","background-type":"","background-media":"","overlay-type":"","overlay-color":"","overlay-opacity":"","overlay-gradient":""}},"footnotes":""},"categories":[8],"tags":[],"class_list":["post-3298","post","type-post","status-publish","format-standard","has-post-thumbnail","hentry","category-noticias"],"_links":{"self":[{"href":"https:\/\/losperiodistas.com.mx\/portal\/wp-json\/wp\/v2\/posts\/3298","targetHints":{"allow":["GET"]}}],"collection":[{"href":"https:\/\/losperiodistas.com.mx\/portal\/wp-json\/wp\/v2\/posts"}],"about":[{"href":"https:\/\/losperiodistas.com.mx\/portal\/wp-json\/wp\/v2\/types\/post"}],"author":[{"embeddable":true,"href":"https:\/\/losperiodistas.com.mx\/portal\/wp-json\/wp\/v2\/users\/1"}],"replies":[{"embeddable":true,"href":"https:\/\/losperiodistas.com.mx\/portal\/wp-json\/wp\/v2\/comments?post=3298"}],"version-history":[{"count":1,"href":"https:\/\/losperiodistas.com.mx\/portal\/wp-json\/wp\/v2\/posts\/3298\/revisions"}],"predecessor-version":[{"id":3300,"href":"https:\/\/losperiodistas.com.mx\/portal\/wp-json\/wp\/v2\/posts\/3298\/revisions\/3300"}],"wp:featuredmedia":[{"embeddable":true,"href":"https:\/\/losperiodistas.com.mx\/portal\/wp-json\/wp\/v2\/media\/3299"}],"wp:attachment":[{"href":"https:\/\/losperiodistas.com.mx\/portal\/wp-json\/wp\/v2\/media?parent=3298"}],"wp:term":[{"taxonomy":"category","embeddable":true,"href":"https:\/\/losperiodistas.com.mx\/portal\/wp-json\/wp\/v2\/categories?post=3298"},{"taxonomy":"post_tag","embeddable":true,"href":"https:\/\/losperiodistas.com.mx\/portal\/wp-json\/wp\/v2\/tags?post=3298"}],"curies":[{"name":"wp","href":"https:\/\/api.w.org\/{rel}","templated":true}]}}