{"id":3292,"date":"2021-01-13T08:49:19","date_gmt":"2021-01-13T14:49:19","guid":{"rendered":"http:\/\/losperiodistas.com.mx\/portal\/?p=3292"},"modified":"2021-01-13T08:49:19","modified_gmt":"2021-01-13T14:49:19","slug":"fallece-david-barclay-el-magnate-de-los-medios-este-es-el-vasto-y-polemico-imperio-que-heredara-su-familia-el-confidencial","status":"publish","type":"post","link":"https:\/\/losperiodistas.com.mx\/portal\/fallece-david-barclay-el-magnate-de-los-medios-este-es-el-vasto-y-polemico-imperio-que-heredara-su-familia-el-confidencial\/","title":{"rendered":"Fallece David Barclay, el magnate de los medios: este es el vasto y pol\u00e9mico imperio que heredar\u00e1 su familia | El Confidencial"},"content":{"rendered":"\n<p style=\"font-size:18px\"><em>Junto a su hermano gemelo fund\u00f3 un grupo empresarial que le granje\u00f3 una fortuna valorada en 7.840 millones de euros<\/em><\/p>\n\n\n\n<p class=\"has-vivid-cyan-blue-color has-text-color has-medium-font-size\">JORGE C. PARCERO \/ EL CONFIDENCIAL<\/p>\n\n\n\n<p>El multimillonario&nbsp;<strong>David Barclay<\/strong>, uno de los propietarios del peri\u00f3dico&nbsp;<strong>&#8216;Daily Telegraph&#8217;<\/strong>, ha fallecido a los 86 a\u00f1os tras una corta enfermedad, inform\u00f3 este mi\u00e9rcoles el rotativo. Junto a&nbsp;<strong>su hermano gemelo Frederick<\/strong>, construy\u00f3 un imperio empresarial formado por hoteles, tiendas minoristas y, desde el 2004, se hizo con la propiedad del grupo del que forma parte el rotativo ingl\u00e9s a cambio de&nbsp;<strong>744 millones de euros.<\/strong><\/p>\n\n\n\n<p>De origen humilde,&nbsp;<strong>hijos de un vendedor ambulante fallecido cuando ambos ten\u00edan tan solo doce a\u00f1os<\/strong>, los hermanos Barclay, condecorados con el t\u00edtulo de &#8216;sir&#8217; por la reina&nbsp;<strong><a href=\"https:\/\/www.vanitatis.elconfidencial.com\/casas-reales\/2020-12-06\/isabel-ii-felipe-de-edimburgo-vacuna-covid_2862275\/\">Isabel II<\/a><\/strong>, alcanzaron una fortuna estimada en 7.000 millones de libras (7.840 millones de euros) y compart\u00edan una pasi\u00f3n por la prensa que chocaba frontalmente con su&nbsp;<strong>aversi\u00f3n a la publicidad y a la exposici\u00f3n medi\u00e1tica.<\/strong><\/p>\n\n\n\n<figure class=\"wp-block-image\"><img decoding=\"async\" src=\"https:\/\/www.ecestaticos.com\/image\/clipping\/6634c2883b5d929e3697d214e2e64e6f\/imagen-sin-titulo.jpg\" alt=\" Un ingl\u00e9s leyendo el 'Daily Telegraph' de los hermanos Barclay. (Getty)\"\/><figcaption>Un ingl\u00e9s leyendo el &#8216;Daily Telegraph&#8217; de los hermanos Barclay. (Getty)<\/figcaption><\/figure>\n\n\n\n<p>Tan es as\u00ed que ambos&nbsp;<strong>viv\u00edan en un castillo de estilo g\u00f3tico situado en una isla en el Canal de la Mancha llamada Brecqhou<\/strong>, que gobernaban con leyes casi feudales y desde donde raramente daban entrevistas.<\/p>\n\n\n\n<p>David Barclay se cas\u00f3 con la modelo&nbsp;<strong>Zoe Newton<\/strong>&nbsp;en 1955, con quien tuvo tres hijos,&nbsp;<strong>Aidan, Howard y Duncan.<\/strong>&nbsp;Despu\u00e9s de divorciarse, tuvo otro hijo,&nbsp;<strong>Alistair<\/strong>, con&nbsp;<strong>Reyna Oropeza<\/strong>, su segunda esposa, y lleg\u00f3 a tener nueve nietos.<\/p>\n\n\n\n<figure class=\"wp-block-image\"><img decoding=\"async\" src=\"https:\/\/www.ecestaticos.com\/image\/clipping\/9b0eb458e1c5ab61736b24375479702d\/el-cunado-del-emir-de-catar-es-el-comprador-secreto-del-ritz-de-londres.jpg\" alt=\"Foto:  El Ritz de Londres. (Getty)\"\/><\/figure>\n\n\n\n<p><a href=\"https:\/\/www.vanitatis.elconfidencial.com\/celebrities\/2020-04-24\/ritz-londres-emir-qatar-venta-secreta_2564407\/\">El cu\u00f1ado del emir de Catar es el comprador secreto del Ritz de Londres<\/a>Jorge C. Parcero<\/p>\n\n\n\n<p>Newton fue una modelo muy conocida en los a\u00f1os 50, cuando&nbsp;<strong>encabez\u00f3 una muy popular campa\u00f1a de popularizaci\u00f3n de la leche en Inglaterra<\/strong>, con el memorable eslogan &#8216;Drinka pinta milka day&#8217;, y fue seguida a menudo por los fot\u00f3grafos, lo que podr\u00eda explicar la aversi\u00f3n de David a airear su vida privada. Frederick, por su parte, se cas\u00f3 con&nbsp;<strong>una rica heredera japonesa<\/strong>&nbsp;cuya familia abri\u00f3 algunos de los primeros restaurantes nipones en Londres.<\/p>\n\n\n\n<p>La cartera de hoteles que ten\u00edan los hermanos lleg\u00f3 a incluir al&nbsp;<strong><a href=\"https:\/\/www.vanitatis.elconfidencial.com\/celebrities\/2020-04-24\/ritz-londres-emir-qatar-venta-secreta_2564407\/\">hotel Ritz de Londres<\/a><\/strong>, que vendieron en marzo del a\u00f1o pasado, despu\u00e9s de una pol\u00e9mica cuando el programa &#8216;Panorama&#8217; de la BBC lleg\u00f3 a desvelar que&nbsp;<strong>el legendario establecimiento no hab\u00eda pagado impuestos&nbsp;<\/strong>corporativos desde que hab\u00eda ca\u00eddo en manos de los Barclay en 1995.<\/p>\n\n\n\n<figure class=\"wp-block-image\"><img decoding=\"async\" src=\"https:\/\/www.ecestaticos.com\/image\/clipping\/f9b9cb574a19823c38a96c694c0d4923\/imagen-sin-titulo.jpg\" alt=\" El Ritz de Londres en 1912. (Getty)\"\/><figcaption>El Ritz de Londres en 1912. (Getty)<\/figcaption><\/figure>\n\n\n\n<p>Pero la controversia sobre el Ritz lleg\u00f3 a\u00fan m\u00e1s lejos cuando se descubri\u00f3 que&nbsp;<strong>dos de los hijos de Sir David hab\u00edan estado grabando en secreto las conversaciones privadas de su t\u00edo Frederick&nbsp;<\/strong>durante varios meses. El millonario denunci\u00f3 ante la justicia inglesa el uso indebido de informaci\u00f3n privada y la violaci\u00f3n de la confianza, ya que, seg\u00fan su abogado, \u00ablos acusados sab\u00edan que las conversaciones eran privadas y confidenciales\u00bb.<\/p>\n\n\n\n<p>Finalmente, termin\u00f3 saliendo a la luz el pasado mes de abril que el cu\u00f1ado del emir de Catar fue el comprador secreto del hotel. El empresario\u00a0<strong>Abdulhadi Mana al-Hajri<\/strong>\u00a0se hizo con el emblem\u00e1tico edificio, el favorito de\u00a0<strong>Winston Churchill<\/strong>, por la cantidad de 920 millones de euros.<\/p>\n\n\n\n<p>Fuente: https:\/\/www.vanitatis.elconfidencial.com\/celebrities\/2021-01-13\/fallece-millonario-david-barclay-ritz-telegraph_2904748\/<\/p>\n","protected":false},"excerpt":{"rendered":"<p>Junto a su hermano gemelo fund\u00f3 un grupo empresarial que le granje\u00f3 una fortuna valorada en 7.840 millones de euros [&hellip;]<\/p>\n","protected":false},"author":1,"featured_media":3293,"comment_status":"open","ping_status":"open","sticky":false,"template":"","format":"standard","meta":{"site-sidebar-layout":"default","site-content-layout":"","ast-site-content-layout":"default","site-content-style":"default","site-sidebar-style":"default","ast-global-header-display":"","ast-banner-title-visibility":"","ast-main-header-display":"","ast-hfb-above-header-display":"","ast-hfb-below-header-display":"","ast-hfb-mobile-header-display":"","site-post-title":"","ast-breadcrumbs-content":"","ast-featured-img":"","footer-sml-layout":"","theme-transparent-header-meta":"","adv-header-id-meta":"","stick-header-meta":"","header-above-stick-meta":"","header-main-stick-meta":"","header-below-stick-meta":"","astra-migrate-meta-layouts":"default","ast-page-background-enabled":"default","ast-page-background-meta":{"desktop":{"background-color":"var(--ast-global-color-4)","background-image":"","background-repeat":"repeat","background-position":"center center","background-size":"auto","background-attachment":"scroll","background-type":"","background-media":"","overlay-type":"","overlay-color":"","overlay-opacity":"","overlay-gradient":""},"tablet":{"background-color":"","background-image":"","background-repeat":"repeat","background-position":"center center","background-size":"auto","background-attachment":"scroll","background-type":"","background-media":"","overlay-type":"","overlay-color":"","overlay-opacity":"","overlay-gradient":""},"mobile":{"background-color":"","background-image":"","background-repeat":"repeat","background-position":"center center","background-size":"auto","background-attachment":"scroll","background-type":"","background-media":"","overlay-type":"","overlay-color":"","overlay-opacity":"","overlay-gradient":""}},"ast-content-background-meta":{"desktop":{"background-color":"var(--ast-global-color-5)","background-image":"","background-repeat":"repeat","background-position":"center center","background-size":"auto","background-attachment":"scroll","background-type":"","background-media":"","overlay-type":"","overlay-color":"","overlay-opacity":"","overlay-gradient":""},"tablet":{"background-color":"var(--ast-global-color-5)","background-image":"","background-repeat":"repeat","background-position":"center center","background-size":"auto","background-attachment":"scroll","background-type":"","background-media":"","overlay-type":"","overlay-color":"","overlay-opacity":"","overlay-gradient":""},"mobile":{"background-color":"var(--ast-global-color-5)","background-image":"","background-repeat":"repeat","background-position":"center center","background-size":"auto","background-attachment":"scroll","background-type":"","background-media":"","overlay-type":"","overlay-color":"","overlay-opacity":"","overlay-gradient":""}},"footnotes":""},"categories":[8],"tags":[],"class_list":["post-3292","post","type-post","status-publish","format-standard","has-post-thumbnail","hentry","category-noticias"],"_links":{"self":[{"href":"https:\/\/losperiodistas.com.mx\/portal\/wp-json\/wp\/v2\/posts\/3292","targetHints":{"allow":["GET"]}}],"collection":[{"href":"https:\/\/losperiodistas.com.mx\/portal\/wp-json\/wp\/v2\/posts"}],"about":[{"href":"https:\/\/losperiodistas.com.mx\/portal\/wp-json\/wp\/v2\/types\/post"}],"author":[{"embeddable":true,"href":"https:\/\/losperiodistas.com.mx\/portal\/wp-json\/wp\/v2\/users\/1"}],"replies":[{"embeddable":true,"href":"https:\/\/losperiodistas.com.mx\/portal\/wp-json\/wp\/v2\/comments?post=3292"}],"version-history":[{"count":1,"href":"https:\/\/losperiodistas.com.mx\/portal\/wp-json\/wp\/v2\/posts\/3292\/revisions"}],"predecessor-version":[{"id":3294,"href":"https:\/\/losperiodistas.com.mx\/portal\/wp-json\/wp\/v2\/posts\/3292\/revisions\/3294"}],"wp:featuredmedia":[{"embeddable":true,"href":"https:\/\/losperiodistas.com.mx\/portal\/wp-json\/wp\/v2\/media\/3293"}],"wp:attachment":[{"href":"https:\/\/losperiodistas.com.mx\/portal\/wp-json\/wp\/v2\/media?parent=3292"}],"wp:term":[{"taxonomy":"category","embeddable":true,"href":"https:\/\/losperiodistas.com.mx\/portal\/wp-json\/wp\/v2\/categories?post=3292"},{"taxonomy":"post_tag","embeddable":true,"href":"https:\/\/losperiodistas.com.mx\/portal\/wp-json\/wp\/v2\/tags?post=3292"}],"curies":[{"name":"wp","href":"https:\/\/api.w.org\/{rel}","templated":true}]}}