{"id":32871,"date":"2022-07-24T13:22:48","date_gmt":"2022-07-24T18:22:48","guid":{"rendered":"http:\/\/losperiodistas.com.mx\/portal\/?p=32871"},"modified":"2022-07-24T13:22:50","modified_gmt":"2022-07-24T18:22:50","slug":"sembrando-candidatos","status":"publish","type":"post","link":"https:\/\/losperiodistas.com.mx\/portal\/sembrando-candidatos\/","title":{"rendered":"Sembrando candidatos"},"content":{"rendered":"\n<p><\/p>\n\n\n\n<p class=\"has-medium-font-size\"><em>Morena pondr\u00e1 en pr\u00e1ctica los viejos estilos del PRI, refinados por el morenovallismo, para retener el poder en Puebla.<\/em><\/p>\n\n\n\n<p><\/p>\n\n\n\n<figure class=\"wp-block-embed is-type-video is-provider-youtube wp-block-embed-youtube wp-embed-aspect-16-9 wp-has-aspect-ratio\"><div class=\"wp-block-embed__wrapper\">\n<iframe title=\"Sembrando candidatos\" width=\"500\" height=\"281\" src=\"https:\/\/www.youtube.com\/embed\/BY77Ein3b3k?feature=oembed\" frameborder=\"0\" allow=\"accelerometer; autoplay; clipboard-write; encrypted-media; gyroscope; picture-in-picture; web-share\" referrerpolicy=\"strict-origin-when-cross-origin\" allowfullscreen><\/iframe>\n<\/div><\/figure>\n\n\n\n<p><\/p>\n\n\n\n<p class=\"has-vivid-cyan-blue-color has-text-color\" style=\"font-size:26px\"><strong><em>Por Jes\u00fas Manuel Hern\u00e1ndez<\/em><\/strong><\/p>\n\n\n\n<p>En Puebla estamos viviendo una temporada no solo de chiles en nogada, aut\u00e9nticos y falsos, seg\u00fan se le quiera ver, donde el gremio restaurantero se observa con claras diferencias con el sector oficial, el estatal claro est\u00e1, y quiz\u00e1 la explicaci\u00f3n no se encuentre en la pretendida Denominaci\u00f3n de Origen del barroco platillo derivado de la visita imperial.<\/p>\n\n\n\n<p>Y es que, al tiempo, se ir\u00e1 viendo c\u00f3mo, desde el gremio de prestadores de servicios tur\u00edsticos se pretende influir en la sucesi\u00f3n, no en la estatal, en la de Puebla Capital. Ya saldr\u00e1 el tema.<\/p>\n\n\n\n<p>Pero tambi\u00e9n los poblanos est\u00e1n viviendo, sufriendo, padeciendo, otra temporada, la de \u201csembrando candidatos\u201d y no precisamente para Casa Aguayo, m\u00e1s bien se trata de una enorme convocatoria para ir colocando a los nombres en el entorno de los cargos que garanticen las posiciones de poder.<\/p>\n\n\n\n<p>Por eso no es de extra\u00f1ar que los antiguos militantes del PRI, hoy vestidos de guinda se acerquen a sus ex correligionarios en busca de sumar activos con miras al 2024; el pragmatismo, el funcionalismo priista est\u00e1 bien acomodado a ciertos grupos y la prueba se ver\u00e1 el 30 de julio.<\/p>\n\n\n\n<p>Los cr\u00edticos huelen ese estilo morenovallista que acordaba, sumaba, cooptaba a todos para vencer al marinismo, el objetivo era sacar al PRI de Casa Puebla, dec\u00edan, y lo lograron. Y si a ellos les funcion\u00f3 \u00bfpor qu\u00e9 no habr\u00eda de funcionar ahora para retener el poder?<\/p>\n\n\n\n<p>El silogismo es simple, de dos premisas afirmativas no puede obtenerse una conclusi\u00f3n negativa.<\/p>\n\n\n\n<p>La siembra de candidatos tiene un efecto de carambola, no hay un favorito o favorita, todos tienen cabida, menos los enemigos, todos pueden competir, pero no para gobernador espec\u00edficamente, en cambio sus nombres est\u00e1n y estar\u00e1n siendo medidos por los encuestadores para ocupar las posiciones claves del pr\u00f3ximo sexenio.<\/p>\n\n\n\n<p>\u201cA ojo de buen cubero\u201d&nbsp; de los nombres anunciados y promovidos dentro de Morena para suceder a Miguel Barbosa, pocos, muy pocos dan la talla para el cargo, alguno incluso parece de broma, s\u00f3lo Ignacio Mier y Alejandro Armenta tienen pinta de candidatos, pero hay muchos asegunes en sus pretensiones, la primera de ellas es que salieron a caminar sin la bendici\u00f3n de Casa Aguayo, un asunto que no s\u00f3lo molest\u00f3, enoj\u00f3 al principal inquilino.<\/p>\n\n\n\n<p>Hubo muchas se\u00f1ales en las ma\u00f1aneras locales para ambos neomorenistas acusados de tener relaciones con priistas, por ejemplo Armenta se acerc\u00f3 con el grupo de Chucho Morales y el gobernador reaccion\u00f3 furiosamente, no por el hecho en s\u00ed, m\u00e1s bien porque lo hizo sin su consentimiento, pues a todas luces el gobernador y Morena necesitar\u00e1n de los grupos de pol\u00edticos tradicionales del Estado de Puebla para ganar las elecciones.<\/p>\n\n\n\n<p>Insisto la prueba m\u00e1s cercana se dar\u00e1 el 30 de julio.<\/p>\n\n\n\n<p>\u00bfO acaso se imagina alguien al poderoso Jorge Estefan pelearse con Barbosa? Por supuesto que no, ser\u00e1 uno m\u00e1s de los operadores en la complicada maniobra para retener el poder.<\/p>\n\n\n\n<p>Los entendidos consideran que no hay m\u00e1s cartas en Morena, o Nacho o Alejandro, todos los dem\u00e1s se ir\u00e1n a las posiciones que consoliden los intereses y necesidades del gobernador, a Olivia por ejemplo se le va m\u00e1s cerca de presidir alguna de las Cholulas; Melit\u00f3n bien podr\u00eda ser el l\u00edder del Congreso. \u00bfO acaso alguien se imagina a Biestro o a C\u00e9spedes como gobernador? Como que les queda grande la candidatura.<\/p>\n\n\n\n<p>Al gobernador no debe obsesionarle qui\u00e9n gobierne la capital, m\u00e1s bien, qui\u00e9n tendr\u00e1 mayor\u00eda en el Congreso del Estado. Y es en ese escenario que se cruzan los intereses al interior de Morena.<\/p>\n\n\n\n<p>El verano promete climas extremos condimentados de lluvias torrenciales y algunas granizadas eventuales, de hecho el 30 de julio se pondr\u00e1n en pr\u00e1ctica los viejos m\u00e9todos del PRI, refinados por el morenovallismo y seguramente rectificados por lo que promete ser el nuevo triunvirato del poder en Puebla.<\/p>\n\n\n\n<p>O por lo menos, as\u00ed me lo parece.<\/p>\n\n\n\n<p>losperiodistas.com.mx@gmail.com<\/p>\n\n\n\n<p><\/p>\n","protected":false},"excerpt":{"rendered":"<p>Morena pondr\u00e1 en pr\u00e1ctica los viejos estilos del PRI, refinados por el morenovallismo, para retener el poder en Puebla. Por [&hellip;]<\/p>\n","protected":false},"author":1,"featured_media":32872,"comment_status":"open","ping_status":"open","sticky":false,"template":"","format":"standard","meta":{"site-sidebar-layout":"default","site-content-layout":"","ast-site-content-layout":"default","site-content-style":"default","site-sidebar-style":"default","ast-global-header-display":"","ast-banner-title-visibility":"","ast-main-header-display":"","ast-hfb-above-header-display":"","ast-hfb-below-header-display":"","ast-hfb-mobile-header-display":"","site-post-title":"","ast-breadcrumbs-content":"","ast-featured-img":"","footer-sml-layout":"","theme-transparent-header-meta":"","adv-header-id-meta":"","stick-header-meta":"","header-above-stick-meta":"","header-main-stick-meta":"","header-below-stick-meta":"","astra-migrate-meta-layouts":"default","ast-page-background-enabled":"default","ast-page-background-meta":{"desktop":{"background-color":"var(--ast-global-color-4)","background-image":"","background-repeat":"repeat","background-position":"center center","background-size":"auto","background-attachment":"scroll","background-type":"","background-media":"","overlay-type":"","overlay-color":"","overlay-opacity":"","overlay-gradient":""},"tablet":{"background-color":"","background-image":"","background-repeat":"repeat","background-position":"center center","background-size":"auto","background-attachment":"scroll","background-type":"","background-media":"","overlay-type":"","overlay-color":"","overlay-opacity":"","overlay-gradient":""},"mobile":{"background-color":"","background-image":"","background-repeat":"repeat","background-position":"center center","background-size":"auto","background-attachment":"scroll","background-type":"","background-media":"","overlay-type":"","overlay-color":"","overlay-opacity":"","overlay-gradient":""}},"ast-content-background-meta":{"desktop":{"background-color":"var(--ast-global-color-5)","background-image":"","background-repeat":"repeat","background-position":"center center","background-size":"auto","background-attachment":"scroll","background-type":"","background-media":"","overlay-type":"","overlay-color":"","overlay-opacity":"","overlay-gradient":""},"tablet":{"background-color":"var(--ast-global-color-5)","background-image":"","background-repeat":"repeat","background-position":"center center","background-size":"auto","background-attachment":"scroll","background-type":"","background-media":"","overlay-type":"","overlay-color":"","overlay-opacity":"","overlay-gradient":""},"mobile":{"background-color":"var(--ast-global-color-5)","background-image":"","background-repeat":"repeat","background-position":"center center","background-size":"auto","background-attachment":"scroll","background-type":"","background-media":"","overlay-type":"","overlay-color":"","overlay-opacity":"","overlay-gradient":""}},"footnotes":""},"categories":[8,5],"tags":[3642,8711,3873,725,9641],"class_list":["post-32871","post","type-post","status-publish","format-standard","has-post-thumbnail","hentry","category-noticias","category-por-soleares","tag-alejandro-armenta","tag-elecciones-puebla-2024","tag-ignacio-mier","tag-morena-puebla","tag-pri-puebla"],"_links":{"self":[{"href":"https:\/\/losperiodistas.com.mx\/portal\/wp-json\/wp\/v2\/posts\/32871","targetHints":{"allow":["GET"]}}],"collection":[{"href":"https:\/\/losperiodistas.com.mx\/portal\/wp-json\/wp\/v2\/posts"}],"about":[{"href":"https:\/\/losperiodistas.com.mx\/portal\/wp-json\/wp\/v2\/types\/post"}],"author":[{"embeddable":true,"href":"https:\/\/losperiodistas.com.mx\/portal\/wp-json\/wp\/v2\/users\/1"}],"replies":[{"embeddable":true,"href":"https:\/\/losperiodistas.com.mx\/portal\/wp-json\/wp\/v2\/comments?post=32871"}],"version-history":[{"count":1,"href":"https:\/\/losperiodistas.com.mx\/portal\/wp-json\/wp\/v2\/posts\/32871\/revisions"}],"predecessor-version":[{"id":32873,"href":"https:\/\/losperiodistas.com.mx\/portal\/wp-json\/wp\/v2\/posts\/32871\/revisions\/32873"}],"wp:featuredmedia":[{"embeddable":true,"href":"https:\/\/losperiodistas.com.mx\/portal\/wp-json\/wp\/v2\/media\/32872"}],"wp:attachment":[{"href":"https:\/\/losperiodistas.com.mx\/portal\/wp-json\/wp\/v2\/media?parent=32871"}],"wp:term":[{"taxonomy":"category","embeddable":true,"href":"https:\/\/losperiodistas.com.mx\/portal\/wp-json\/wp\/v2\/categories?post=32871"},{"taxonomy":"post_tag","embeddable":true,"href":"https:\/\/losperiodistas.com.mx\/portal\/wp-json\/wp\/v2\/tags?post=32871"}],"curies":[{"name":"wp","href":"https:\/\/api.w.org\/{rel}","templated":true}]}}