{"id":32868,"date":"2022-07-24T13:04:07","date_gmt":"2022-07-24T18:04:07","guid":{"rendered":"http:\/\/losperiodistas.com.mx\/portal\/?p=32868"},"modified":"2022-07-24T13:04:09","modified_gmt":"2022-07-24T18:04:09","slug":"la-primera-clinica-legal-para-abortar-abre-en-la-frontera-de-mexico-con-eeuu-publico","status":"publish","type":"post","link":"https:\/\/losperiodistas.com.mx\/portal\/la-primera-clinica-legal-para-abortar-abre-en-la-frontera-de-mexico-con-eeuu-publico\/","title":{"rendered":"La primera cl\u00ednica legal para abortar abre en la frontera de M\u00e9xico con EEUU | P\u00fablico"},"content":{"rendered":"\n<p>La cl\u00ednica refleja el avance de es<em>te derecho reproductivo en M\u00e9xico, donde ahora nueve estados permiten la interrupci\u00f3n del embarazo hasta las 12 semanas de gestaci\u00f3n por cualquier motivo.<\/em><\/p>\n\n\n\n<p><\/p>\n\n\n\n<figure class=\"wp-block-image size-full is-style-default\"><img fetchpriority=\"high\" decoding=\"async\" width=\"990\" height=\"660\" src=\"https:\/\/losperiodistas.com.mx\/portal\/wp-content\/uploads\/2022\/07\/62dc4379c9fab.r_1658609791600.0-0-1200-800.jpeg\" alt=\"\" class=\"wp-image-32869\" srcset=\"https:\/\/losperiodistas.com.mx\/portal\/wp-content\/uploads\/2022\/07\/62dc4379c9fab.r_1658609791600.0-0-1200-800.jpeg 990w, https:\/\/losperiodistas.com.mx\/portal\/wp-content\/uploads\/2022\/07\/62dc4379c9fab.r_1658609791600.0-0-1200-800-300x200.jpeg 300w, https:\/\/losperiodistas.com.mx\/portal\/wp-content\/uploads\/2022\/07\/62dc4379c9fab.r_1658609791600.0-0-1200-800-768x512.jpeg 768w\" sizes=\"(max-width: 990px) 100vw, 990px\" \/><figcaption>Fotograf\u00eda de un consultorio de la cl\u00ednica de la fundaci\u00f3n Marie Stopes, especializada en abortos, el 22 de julio de 2022, en Tijuana, Baja California.\u00a0<em>\u2014<\/em>\u00a0<em>Joebeth Terriquez<\/em>\u00a0<em>\/<\/em>\u00a0<em>EFE<\/em><\/figcaption><\/figure>\n\n\n\n<p><\/p>\n\n\n\n<p class=\"has-vivid-cyan-blue-color has-text-color has-medium-font-size\">MANUEL AYALA \/ EFE \/ P\u00daBLICO<\/p>\n\n\n\n<p id=\"m295-294-296\">Mientras&nbsp;<strong>Estados Unidos<\/strong>&nbsp;lidia con nuevas restricciones al aborto, ha abierto la primera cl\u00ednica legal para interrumpir el embarazo en la frontera norte de M\u00e9xico con el lema<strong>&nbsp;\u00abhijos por elecci\u00f3n y no por azar\u00bb<\/strong>&nbsp;para mujeres de cualquier nacionalidad.<\/p>\n\n\n\n<p id=\"m300-1-301\">La fundaci\u00f3n&nbsp;<strong>Marie Stopes M\u00e9xico<\/strong>&nbsp;instal\u00f3 la primera cl\u00ednica especializada para la interrupci\u00f3n legal del embarazo en Tijuana, a tan solo unos 10 kil\u00f3metros del puerto fronterizo de San Ysidro, que conduce a California.<\/p>\n\n\n\n<p id=\"m305-2-306\">Se trata de la novena cl\u00ednica que instalan en territorio mexicano y llega despu\u00e9s de la reforma que en octubre de 2021 convirti\u00f3 a\u00a0<strong>Baja California<\/strong>\u00a0en el primer y \u00fanico estado mexicano de la frontera con Estados Unidos en despenalizar el aborto.<\/p>\n\n\n\n<p id=\"m310-3-311\">El director m\u00e9dico de la fundaci\u00f3n Marie Stopes M\u00e9xico, Alfonso Gerardo Carrera Riva Palacio, expone este s\u00e1bado que la organizaci\u00f3n busca&nbsp;<strong>\u00abapoyar a las mujeres para que puedan ejercer sus derechos\u00bb<\/strong>.<\/p>\n\n\n\n<p id=\"m315-4-316\">La cl\u00ednica refleja el avance de este derecho reproductivo en M\u00e9xico, donde ahora nueve estados permiten la interrupci\u00f3n del embarazo hasta las 12 semanas de gestaci\u00f3n por cualquier motivo: Ciudad de M\u00e9xico, Oaxaca, Veracruz, Hidalgo, Baja California y Colima, Sinaloa (hasta la semana 13), Guerrero y Baja California Sur.<\/p>\n\n\n\n<p id=\"m320-5-321\">\u00abAdem\u00e1s de estar apegados a lo que se\u00f1al\u00f3 la Suprema Corte de Justicia sobre que todas las mujeres deben tener acceso (a la interrupci\u00f3n del embarazo) y no deben ser penalizadas en el pa\u00eds\u00bb, comenta\u00a0<strong>Carrera Riva Palacio<\/strong>\u00a0sobre el fallo que en septiembre pasado declar\u00f3 inconstitucional la prohibici\u00f3n total del aborto.<\/p>\n\n\n\n<h2 class=\"wp-block-heading\" id=\"m325-6-326\">Alineados a los protocolos de la OMS<\/h2>\n\n\n\n<p id=\"m330-7-331\">El m\u00e9dico afirm\u00f3 que los procesos del aborto que ellos implementan est\u00e1n alineados a los protocolos de la&nbsp;<strong>Organizaci\u00f3n Mundial de la Salud<\/strong>&nbsp;(OMS), as\u00ed como al lineamiento mexicano emitido en junio del a\u00f1o pasado por el Centro Nacional de Equidad de G\u00e9nero.<\/p>\n\n\n\n<p id=\"m335-8-336\">\u00abEsto quiere decir que existe una directriz y una gu\u00eda cl\u00ednica para poder ofertarlo de manera segura y legal\u00bb, recalc\u00f3.<\/p>\n\n\n\n<p id=\"m340-9-341\">El experto asever\u00f3 que&nbsp;<strong>este proceso \u00abes muy seguro\u00bb<\/strong>, pues la tasa de falla es menor al 3 %, lo que garantiza que se recupere el estado de salud de la persona que se lo realiza, ya que el proceso lleva de unas horas a un par de d\u00edas.<\/p>\n\n\n\n<p id=\"m345-10-346\">Primero, se toma primero una tableta de un medicamento y 36 horas despu\u00e9s se toma el segundo para inhibir el proceso de avance del embarazo.<\/p>\n\n\n\n<h2 class=\"wp-block-heading\" id=\"m350-11-351\">Derecho a decidir<\/h2>\n\n\n\n<p id=\"m355-12-356\">Desde los primeros d\u00edas que abri\u00f3 la cl\u00ednica a principios de julio, acudieron mujeres para realizar sus citas y practicarse el aborto.<\/p>\n\n\n\n<p id=\"m360-13-361\">Carrera Riva Palacio refiri\u00f3 que el perfil de las pacientes son mujeres, en general, mayores de 26 a\u00f1os de edad, y que&nbsp;<strong>\u00abel 80 % de ellas tienen hijos, son cabeza de familia y son cat\u00f3licas\u00bb<\/strong>.<\/p>\n\n\n\n<p id=\"m365-14-366\">En la cl\u00ednica citan que uno de cada tres embarazos es no deseado e incluso forzado en M\u00e9xico, donde el acceso al aborto por violaci\u00f3n es legal en todos los estados con plazos flexibles.<\/p>\n\n\n\n<p id=\"m370-15-371\">Sin embargo, en el marco normativo actual se estipula que para el aborto voluntario el plazo es solamente hasta las 12 semanas de gestaci\u00f3n, a lo que la cl\u00ednica se est\u00e1 apegando.<\/p>\n\n\n\n<h2 class=\"wp-block-heading\" id=\"m375-16-376\">Abierto para todas<\/h2>\n\n\n\n<p id=\"m380-17-381\">El especialista expuso que la respuesta en Tijuana ha sido buena porque las mujeres que consideran que no est\u00e1n en un momento ideal para tener hijos, pueden interrumpir el embarazo de forma segura y legal.<\/p>\n\n\n\n<p id=\"m385-18-386\">Adem\u00e1s, ante el fallo del Supremo estadounidense que en junio elimin\u00f3 el derecho constitucional al aborto, espera que puedan acudir tambi\u00e9n mujeres estadounidenses, mexicanas y de otros pa\u00edses que est\u00e1n inmigrando a esta frontera.<\/p>\n\n\n\n<p id=\"m390-19-391\">El especialista pidi\u00f3 respetar la autonom\u00eda para que cada una de las mujeres tome sus propias decisiones. \u00abEl estigma sobre el aborto ha existido y seguir\u00e1 existiendo porque&nbsp;<strong>hay gente que quiere controlar las decisiones de las mujeres<\/strong>\u00ab, lament\u00f3.<\/p>\n\n\n\n<p id=\"m395-20-396\">\u00abNosotros tenemos como visi\u00f3n \u2018hijos por elecci\u00f3n y no por azar\u2019 y nuestra misi\u00f3n es que en M\u00e9xico cada nacimiento sea deseado, entonces estaremos en un nivel de desarrollo como deber\u00eda ser, siempre para otorgarle a las mujeres\u00bb, concluy\u00f3.<\/p>\n\n\n\n<p>Fuente: https:\/\/www.publico.es\/internacional\/primera-clinica-legal-abortar-abre-frontera-mexico-eeuu.html#analytics-seccion:listado<\/p>\n","protected":false},"excerpt":{"rendered":"<p>La cl\u00ednica refleja el avance de este derecho reproductivo en M\u00e9xico, donde ahora nueve estados permiten la interrupci\u00f3n del embarazo [&hellip;]<\/p>\n","protected":false},"author":1,"featured_media":32869,"comment_status":"open","ping_status":"open","sticky":false,"template":"","format":"standard","meta":{"site-sidebar-layout":"default","site-content-layout":"","ast-site-content-layout":"default","site-content-style":"default","site-sidebar-style":"default","ast-global-header-display":"","ast-banner-title-visibility":"","ast-main-header-display":"","ast-hfb-above-header-display":"","ast-hfb-below-header-display":"","ast-hfb-mobile-header-display":"","site-post-title":"","ast-breadcrumbs-content":"","ast-featured-img":"","footer-sml-layout":"","theme-transparent-header-meta":"","adv-header-id-meta":"","stick-header-meta":"","header-above-stick-meta":"","header-main-stick-meta":"","header-below-stick-meta":"","astra-migrate-meta-layouts":"default","ast-page-background-enabled":"default","ast-page-background-meta":{"desktop":{"background-color":"var(--ast-global-color-4)","background-image":"","background-repeat":"repeat","background-position":"center center","background-size":"auto","background-attachment":"scroll","background-type":"","background-media":"","overlay-type":"","overlay-color":"","overlay-opacity":"","overlay-gradient":""},"tablet":{"background-color":"","background-image":"","background-repeat":"repeat","background-position":"center center","background-size":"auto","background-attachment":"scroll","background-type":"","background-media":"","overlay-type":"","overlay-color":"","overlay-opacity":"","overlay-gradient":""},"mobile":{"background-color":"","background-image":"","background-repeat":"repeat","background-position":"center center","background-size":"auto","background-attachment":"scroll","background-type":"","background-media":"","overlay-type":"","overlay-color":"","overlay-opacity":"","overlay-gradient":""}},"ast-content-background-meta":{"desktop":{"background-color":"var(--ast-global-color-5)","background-image":"","background-repeat":"repeat","background-position":"center center","background-size":"auto","background-attachment":"scroll","background-type":"","background-media":"","overlay-type":"","overlay-color":"","overlay-opacity":"","overlay-gradient":""},"tablet":{"background-color":"var(--ast-global-color-5)","background-image":"","background-repeat":"repeat","background-position":"center center","background-size":"auto","background-attachment":"scroll","background-type":"","background-media":"","overlay-type":"","overlay-color":"","overlay-opacity":"","overlay-gradient":""},"mobile":{"background-color":"var(--ast-global-color-5)","background-image":"","background-repeat":"repeat","background-position":"center center","background-size":"auto","background-attachment":"scroll","background-type":"","background-media":"","overlay-type":"","overlay-color":"","overlay-opacity":"","overlay-gradient":""}},"footnotes":""},"categories":[8],"tags":[4369,11560,11559],"class_list":["post-32868","post","type-post","status-publish","format-standard","has-post-thumbnail","hentry","category-noticias","tag-aborto-legal","tag-marie-stopes-mexico","tag-tijuana"],"_links":{"self":[{"href":"https:\/\/losperiodistas.com.mx\/portal\/wp-json\/wp\/v2\/posts\/32868","targetHints":{"allow":["GET"]}}],"collection":[{"href":"https:\/\/losperiodistas.com.mx\/portal\/wp-json\/wp\/v2\/posts"}],"about":[{"href":"https:\/\/losperiodistas.com.mx\/portal\/wp-json\/wp\/v2\/types\/post"}],"author":[{"embeddable":true,"href":"https:\/\/losperiodistas.com.mx\/portal\/wp-json\/wp\/v2\/users\/1"}],"replies":[{"embeddable":true,"href":"https:\/\/losperiodistas.com.mx\/portal\/wp-json\/wp\/v2\/comments?post=32868"}],"version-history":[{"count":1,"href":"https:\/\/losperiodistas.com.mx\/portal\/wp-json\/wp\/v2\/posts\/32868\/revisions"}],"predecessor-version":[{"id":32870,"href":"https:\/\/losperiodistas.com.mx\/portal\/wp-json\/wp\/v2\/posts\/32868\/revisions\/32870"}],"wp:featuredmedia":[{"embeddable":true,"href":"https:\/\/losperiodistas.com.mx\/portal\/wp-json\/wp\/v2\/media\/32869"}],"wp:attachment":[{"href":"https:\/\/losperiodistas.com.mx\/portal\/wp-json\/wp\/v2\/media?parent=32868"}],"wp:term":[{"taxonomy":"category","embeddable":true,"href":"https:\/\/losperiodistas.com.mx\/portal\/wp-json\/wp\/v2\/categories?post=32868"},{"taxonomy":"post_tag","embeddable":true,"href":"https:\/\/losperiodistas.com.mx\/portal\/wp-json\/wp\/v2\/tags?post=32868"}],"curies":[{"name":"wp","href":"https:\/\/api.w.org\/{rel}","templated":true}]}}