{"id":32852,"date":"2022-07-24T11:50:33","date_gmt":"2022-07-24T16:50:33","guid":{"rendered":"http:\/\/losperiodistas.com.mx\/portal\/?p=32852"},"modified":"2022-07-24T11:50:39","modified_gmt":"2022-07-24T16:50:39","slug":"max-verstappen-triunfa-en-el-gran-premio-de-francia-checo-perez-queda-cuarto-la-lista","status":"publish","type":"post","link":"https:\/\/losperiodistas.com.mx\/portal\/max-verstappen-triunfa-en-el-gran-premio-de-francia-checo-perez-queda-cuarto-la-lista\/","title":{"rendered":"Max Verstappen triunfa en el Gran Premio de Francia; \u2018Checo\u2019 P\u00e9rez queda cuarto | La-Lista"},"content":{"rendered":"\n<p>&#8216;<em>Checo&#8217; P\u00e9rez qued\u00f3 fuera del podio en las \u00faltimas vueltas de la carrera.<\/em><\/p>\n\n\n\n<p><\/p>\n\n\n\n<figure class=\"wp-block-image size-large is-style-default\"><img fetchpriority=\"high\" decoding=\"async\" width=\"1024\" height=\"682\" src=\"https:\/\/losperiodistas.com.mx\/portal\/wp-content\/uploads\/2022\/07\/verstappen-gran-premio-francia-1024x682.jpg\" alt=\"\" class=\"wp-image-32855\" srcset=\"https:\/\/losperiodistas.com.mx\/portal\/wp-content\/uploads\/2022\/07\/verstappen-gran-premio-francia-1024x682.jpg 1024w, https:\/\/losperiodistas.com.mx\/portal\/wp-content\/uploads\/2022\/07\/verstappen-gran-premio-francia-300x200.jpg 300w, https:\/\/losperiodistas.com.mx\/portal\/wp-content\/uploads\/2022\/07\/verstappen-gran-premio-francia-768x512.jpg 768w, https:\/\/losperiodistas.com.mx\/portal\/wp-content\/uploads\/2022\/07\/verstappen-gran-premio-francia.jpg 1280w\" sizes=\"(max-width: 1024px) 100vw, 1024px\" \/><\/figure>\n\n\n\n<p><\/p>\n\n\n\n<p class=\"has-vivid-cyan-blue-color has-text-color has-medium-font-size\">JUAN PEDRO SALAZAR \/ LA-LISTA<\/p>\n\n\n\n<p>El neerland\u00e9s Max Verstappen (Red Bull) aument\u00f3 su ventaja al frente del Mundial de F\u00f3rmula 1 al ganar este domingo el Gran Premio de Francia, el n\u00famero 12 del campeonato y que se disput\u00f3 en el circuito Paul Ricard, donde el monegasco Charles Leclerc (Ferrari), que arranc\u00f3 desde la \u2018pole\u2019, abandon\u00f3 al accidentarse sin consecuencias f\u00edsicas en la decimoctava de las 53 vueltas.<\/p>\n\n\n\n<p>Verstappen, de 24 a\u00f1os, logr\u00f3 su s\u00e9ptima victoria del a\u00f1o -la vig\u00e9sima s\u00e9ptima en la F1- al ganar en la pista de Le Castellet por delante de los dos Mercedes, el del s\u00e9ptuple campe\u00f3n mundial ingl\u00e9s Lewis Hamilton (Mercedes) y el de su compatriota y compa\u00f1ero George Russell.<\/p>\n\n\n\n<figure class=\"wp-block-embed is-type-rich is-provider-twitter wp-block-embed-twitter\"><div class=\"wp-block-embed__wrapper\">\n<blockquote class=\"twitter-tweet\" data-width=\"500\" data-dnt=\"true\"><p lang=\"en\" dir=\"ltr\">WINNER \ud83c\udfc6 WINNER \ud83c\udfc6<br><br>Well done <a href=\"https:\/\/twitter.com\/Max33Verstappen?ref_src=twsrc%5Etfw\">@Max33Verstappen<\/a> \ud83d\udc4a<a href=\"https:\/\/twitter.com\/hashtag\/FrenchGP?src=hash&amp;ref_src=twsrc%5Etfw\">#FrenchGP<\/a> <a href=\"https:\/\/twitter.com\/hashtag\/F1?src=hash&amp;ref_src=twsrc%5Etfw\">#F1<\/a> <a href=\"https:\/\/t.co\/ANWctfAYoQ\">pic.twitter.com\/ANWctfAYoQ<\/a><\/p>&mdash; Formula 1 (@F1) <a href=\"https:\/\/twitter.com\/F1\/status\/1551215663880060929?ref_src=twsrc%5Etfw\">July 24, 2022<\/a><\/blockquote><script async src=\"https:\/\/platform.twitter.com\/widgets.js\" charset=\"utf-8\"><\/script>\n<\/div><\/figure>\n\n\n\n<p>El mexicano Sergio P\u00e9rez (Red Bull), acab\u00f3 cuarto, por delante de los dos espa\u00f1oles, Carlos Sainz (Ferrari) y Fernando Alonso (Alpine), que concluy\u00f3 sexto.No te pierdas:<a href=\"https:\/\/la-lista.com\/deportes\/2022\/06\/30\/pilotos-mexicanos-triunfando-en-el-automovilismo\">Personaje del mes | Los pilotos mexicanos que triunfan en el automovilismo<\/a><\/p>\n\n\n\n<p>El ingl\u00e9s Lando Norris (McLaren) fue s\u00e9ptimo, justo por delante del franc\u00e9s Esteban Ocon, compa\u00f1ero de Alonso en Alpine.<\/p>\n\n\n\n<p>El australiano Daniel Ricciardo (McLaren) acab\u00f3 noveno y tambi\u00e9n entr\u00f3 en los puntos el canadiense Lance Stroll (Aston Martin), que ocup\u00f3 la d\u00e9cima plaza final en el Paul Ricard.<\/p>\n\n\n\n<p>Con su victoria en el Gran Premio de Francia, Verstappen ampli\u00f3 su ventaja en el campeonato de pilotos, el cual lidera con 233 puntos, 63 m\u00e1s que Leclerc y con 70 de ventaja sobre su compa\u00f1ero \u2018Checo\u2019.<\/p>\n\n\n\n<figure class=\"wp-block-embed is-type-rich is-provider-twitter wp-block-embed-twitter\"><div class=\"wp-block-embed__wrapper\">\n<blockquote class=\"twitter-tweet\" data-width=\"500\" data-dnt=\"true\"><p lang=\"en\" dir=\"ltr\">Another win to add to the CV for <a href=\"https:\/\/twitter.com\/Max33Verstappen?ref_src=twsrc%5Etfw\">@Max33Verstappen<\/a> \ud83d\ude09<br><br>That&#39;s race win no. 27 for the Dutchman \ud83d\udc4a<a href=\"https:\/\/twitter.com\/hashtag\/FrenchGP?src=hash&amp;ref_src=twsrc%5Etfw\">#FrenchGP<\/a> <a href=\"https:\/\/twitter.com\/hashtag\/F1?src=hash&amp;ref_src=twsrc%5Etfw\">#F1<\/a> <a href=\"https:\/\/twitter.com\/redbullracing?ref_src=twsrc%5Etfw\">@redbullracing<\/a> <a href=\"https:\/\/t.co\/MPv7bknnVD\">pic.twitter.com\/MPv7bknnVD<\/a><\/p>&mdash; Formula 1 (@F1) <a href=\"https:\/\/twitter.com\/F1\/status\/1551231481015664641?ref_src=twsrc%5Etfw\">July 24, 2022<\/a><\/blockquote><script async src=\"https:\/\/platform.twitter.com\/widgets.js\" charset=\"utf-8\"><\/script>\n<\/div><\/figure>\n\n\n\n<p>Sainz, que complet\u00f3 un sensacional fin de semana, que hubiese sido a\u00fan mucho mejor sin la penalizaci\u00f3n por cambiar motor, remont\u00f3 desde la decimonovena hasta la quinta plaza final, lo que le sirvi\u00f3 para ascender al cuarto puesto en el Mundial, una plaza que ocupa con 144 puntos, 89 menos que \u2018Mad Max\u2019.<\/p>\n\n\n\n<p>Red Bull, la escuder\u00eda de Verstappen y \u2018Checo\u2019, tambi\u00e9n reforz\u00f3 su liderato en el Mundial de constructores, que encabeza con 396 unidades, 82 m\u00e1s que Ferrari y con 126 sobre Mercedes.<\/p>\n\n\n\n<p>El circuito de Hungaroring, en las afueras de Budapest, albergar\u00e1 el pr\u00f3ximo fin de semana el Gran Premio de Hungr\u00eda, el decimotercero del campeonato y el \u00faltimo antes del par\u00f3n vacacional.<\/p>\n\n\n\n<p>-Con informaci\u00f3n de EFE<\/p>\n\n\n\n<p>Fuente: https:\/\/la-lista.com\/entretenimiento\/2022\/07\/24\/quien-salio-expulsado-de-la-academia-este-sabado-23-de-julio<\/p>\n","protected":false},"excerpt":{"rendered":"<p>&#8216;Checo&#8217; P\u00e9rez qued\u00f3 fuera del podio en las \u00faltimas vueltas de la carrera. JUAN PEDRO SALAZAR \/ LA-LISTA El neerland\u00e9s [&hellip;]<\/p>\n","protected":false},"author":1,"featured_media":32855,"comment_status":"open","ping_status":"open","sticky":false,"template":"","format":"standard","meta":{"site-sidebar-layout":"default","site-content-layout":"","ast-site-content-layout":"default","site-content-style":"default","site-sidebar-style":"default","ast-global-header-display":"","ast-banner-title-visibility":"","ast-main-header-display":"","ast-hfb-above-header-display":"","ast-hfb-below-header-display":"","ast-hfb-mobile-header-display":"","site-post-title":"","ast-breadcrumbs-content":"","ast-featured-img":"","footer-sml-layout":"","theme-transparent-header-meta":"","adv-header-id-meta":"","stick-header-meta":"","header-above-stick-meta":"","header-main-stick-meta":"","header-below-stick-meta":"","astra-migrate-meta-layouts":"default","ast-page-background-enabled":"default","ast-page-background-meta":{"desktop":{"background-color":"var(--ast-global-color-4)","background-image":"","background-repeat":"repeat","background-position":"center center","background-size":"auto","background-attachment":"scroll","background-type":"","background-media":"","overlay-type":"","overlay-color":"","overlay-opacity":"","overlay-gradient":""},"tablet":{"background-color":"","background-image":"","background-repeat":"repeat","background-position":"center center","background-size":"auto","background-attachment":"scroll","background-type":"","background-media":"","overlay-type":"","overlay-color":"","overlay-opacity":"","overlay-gradient":""},"mobile":{"background-color":"","background-image":"","background-repeat":"repeat","background-position":"center center","background-size":"auto","background-attachment":"scroll","background-type":"","background-media":"","overlay-type":"","overlay-color":"","overlay-opacity":"","overlay-gradient":""}},"ast-content-background-meta":{"desktop":{"background-color":"var(--ast-global-color-5)","background-image":"","background-repeat":"repeat","background-position":"center center","background-size":"auto","background-attachment":"scroll","background-type":"","background-media":"","overlay-type":"","overlay-color":"","overlay-opacity":"","overlay-gradient":""},"tablet":{"background-color":"var(--ast-global-color-5)","background-image":"","background-repeat":"repeat","background-position":"center center","background-size":"auto","background-attachment":"scroll","background-type":"","background-media":"","overlay-type":"","overlay-color":"","overlay-opacity":"","overlay-gradient":""},"mobile":{"background-color":"var(--ast-global-color-5)","background-image":"","background-repeat":"repeat","background-position":"center center","background-size":"auto","background-attachment":"scroll","background-type":"","background-media":"","overlay-type":"","overlay-color":"","overlay-opacity":"","overlay-gradient":""}},"footnotes":""},"categories":[8],"tags":[276,11556,465,1634],"class_list":["post-32852","post","type-post","status-publish","format-standard","has-post-thumbnail","hentry","category-noticias","tag-checo-perez","tag-circuito-paul-ricard","tag-f1","tag-max-verstappen"],"_links":{"self":[{"href":"https:\/\/losperiodistas.com.mx\/portal\/wp-json\/wp\/v2\/posts\/32852","targetHints":{"allow":["GET"]}}],"collection":[{"href":"https:\/\/losperiodistas.com.mx\/portal\/wp-json\/wp\/v2\/posts"}],"about":[{"href":"https:\/\/losperiodistas.com.mx\/portal\/wp-json\/wp\/v2\/types\/post"}],"author":[{"embeddable":true,"href":"https:\/\/losperiodistas.com.mx\/portal\/wp-json\/wp\/v2\/users\/1"}],"replies":[{"embeddable":true,"href":"https:\/\/losperiodistas.com.mx\/portal\/wp-json\/wp\/v2\/comments?post=32852"}],"version-history":[{"count":1,"href":"https:\/\/losperiodistas.com.mx\/portal\/wp-json\/wp\/v2\/posts\/32852\/revisions"}],"predecessor-version":[{"id":32856,"href":"https:\/\/losperiodistas.com.mx\/portal\/wp-json\/wp\/v2\/posts\/32852\/revisions\/32856"}],"wp:featuredmedia":[{"embeddable":true,"href":"https:\/\/losperiodistas.com.mx\/portal\/wp-json\/wp\/v2\/media\/32855"}],"wp:attachment":[{"href":"https:\/\/losperiodistas.com.mx\/portal\/wp-json\/wp\/v2\/media?parent=32852"}],"wp:term":[{"taxonomy":"category","embeddable":true,"href":"https:\/\/losperiodistas.com.mx\/portal\/wp-json\/wp\/v2\/categories?post=32852"},{"taxonomy":"post_tag","embeddable":true,"href":"https:\/\/losperiodistas.com.mx\/portal\/wp-json\/wp\/v2\/tags?post=32852"}],"curies":[{"name":"wp","href":"https:\/\/api.w.org\/{rel}","templated":true}]}}