{"id":3285,"date":"2021-01-13T07:54:41","date_gmt":"2021-01-13T13:54:41","guid":{"rendered":"http:\/\/losperiodistas.com.mx\/portal\/?p=3285"},"modified":"2021-01-13T07:54:41","modified_gmt":"2021-01-13T13:54:41","slug":"felix-salgado-sin-impunidad-ni-linchamiento","status":"publish","type":"post","link":"https:\/\/losperiodistas.com.mx\/portal\/felix-salgado-sin-impunidad-ni-linchamiento\/","title":{"rendered":"F\u00e9lix Salgado, sin impunidad, ni linchamiento"},"content":{"rendered":"\n<p class=\"has-vivid-cyan-blue-color has-text-color\" style=\"font-size:26px\"><em>Por Dr. Carlos Figueroa Ibarra<\/em><\/p>\n\n\n\n<p>&nbsp;individuos capaces de cometer cr\u00edmenes deleznables como los que se le achacan al hoy candidato de &nbsp;Morena a la gubernatura de Guerrero. Como Secretario Nacional de Derechos Humanos he recibido denuncias de actos cometidos por militantes del partido y que fungen como servidores p\u00fablicos que tienen que ver con violaciones&nbsp; hechas con ayuda de drogas. Desgraciadamente estas denuncias ya no siguen su curso, porque las v\u00edctimas, generalmente mujeres, son presas del p\u00e1nico que provoca la impunidad con que tales oprobiosos actos se cometen en M\u00e9xico y en todas partes del mundo. Prefieren guardar silencio y tratar de olvidar en lugar de afrontar un esc\u00e1ndalo de imprevisibles consecuencias.<\/p>\n\n\n\n<p>Habiendo presenciado la impunidad que provoca el temor a figuras empoderadas, tambi\u00e9n puedo agregar que mi paso por la pol\u00edtica tambi\u00e9n me ha hecho presenciar fabricaci\u00f3n de calumnias que tienen prop\u00f3sitos pol\u00edticos y electorales. Por ello, en relaci\u00f3n al caso de F\u00e9lix Salgado Macedonio es necesario exigir que no haya impunidad pero tampoco linchamiento. El senador con licencia est\u00e1 bien posicionado en las encuestas y &nbsp;no ser\u00eda raro un se\u00f1alamiento ignominioso con el prop\u00f3sito de sacarlo de la contienda. En el tinglado&nbsp; operativo contra Salgado Macedonio ha aparecido el ex Fiscal de la entidad, Xavier Olea Pel\u00e1ez, quien sin ambages ha confesado que a petici\u00f3n del gobernador H\u00e9ctor Astudillo engavet\u00f3 el expediente que conten\u00eda las graves acusaciones ya mencionadas. Olea de manera injustificable ha justificado su an\u00f3mala conducta &nbsp;diciendo que quien manda en la entidad es Astudillo. \u00bfQui\u00e9n saldr\u00eda beneficiado con&nbsp; un esc\u00e1ndalo que abatiera el posicionamiento de Morena en Guerrero? Todo parece indicar que ser\u00eda el PRI, hoy una lejana segunda fuerza en la entidad. El PRI &nbsp;ya ha designado a Mario Moreno Arcos como su candidato. Informaciones period\u00edsticas&nbsp; le imputan a Moreno, quien fue &nbsp;alcalde de Chilpancingo, &nbsp;relaciones con el narcotr\u00e1fico.<\/p>\n\n\n\n<p>Hablando con franqueza, a quien yo ve\u00eda como candidato de Morena a la gubernatura&nbsp; en Guerrero, era a Pablo Am\u00edlcar Sandoval. Acaso sea esto porque lo trat\u00e9 personalmente en ocasi\u00f3n de una gira que hicimos por los pueblos de la monta\u00f1a de Guerrero haciendo solidaridad con &nbsp;la entonces prisionera pol\u00edtica Nestora Salgado. Tambi\u00e9n me simpatiza Pablo porque proviene de una tradici\u00f3n&nbsp; familiar de lucha que comprende a su abuelo Don Pablo Sandoval &nbsp;Cruz un gran luchador social y a su padre, Pablo Sandoval Ram\u00edrez un esforzado y ejemplar dirigente comunista. Tambi\u00e9n tuve relaci\u00f3n con su extinto t\u00edo, el inolvidable y solidario Cuauht\u00e9moc Sandoval. En la contienda interna por la gubernatura, tambi\u00e9n particip\u00f3 una mujer, Adela Rom\u00e1n Ocampo, presidenta municipal de Acapulco. No la conozco, pero los informes que tengo de ella tambi\u00e9n la credencializan como una buena candidata a la gubernatura.<\/p>\n\n\n\n<p>En suma, ante acusaciones&nbsp; tan graves como las que se le han hecho a F\u00e9lix Salgado Macedonio, el propio senador con licencia est\u00e1 obligado a ser asertivo, no guardar silencio, &nbsp;con respecto a su inocencia. Morena no puede pecar de omisi\u00f3n o negligencia y contentarse con la explicaci\u00f3n de que se trata de \u201cpropaganda negra en tiempos electorales\u201d. Se trata pues. de mantener el delicado equilibrio entre el combate a la impunidad y estar en guardia contra el linchamiento.<\/p>\n","protected":false},"excerpt":{"rendered":"<p>Por Dr. Carlos Figueroa Ibarra &nbsp;individuos capaces de cometer cr\u00edmenes deleznables como los que se le achacan al hoy candidato [&hellip;]<\/p>\n","protected":false},"author":1,"featured_media":3286,"comment_status":"open","ping_status":"open","sticky":false,"template":"","format":"standard","meta":{"site-sidebar-layout":"default","site-content-layout":"","ast-site-content-layout":"default","site-content-style":"default","site-sidebar-style":"default","ast-global-header-display":"","ast-banner-title-visibility":"","ast-main-header-display":"","ast-hfb-above-header-display":"","ast-hfb-below-header-display":"","ast-hfb-mobile-header-display":"","site-post-title":"","ast-breadcrumbs-content":"","ast-featured-img":"","footer-sml-layout":"","theme-transparent-header-meta":"","adv-header-id-meta":"","stick-header-meta":"","header-above-stick-meta":"","header-main-stick-meta":"","header-below-stick-meta":"","astra-migrate-meta-layouts":"default","ast-page-background-enabled":"default","ast-page-background-meta":{"desktop":{"background-color":"var(--ast-global-color-4)","background-image":"","background-repeat":"repeat","background-position":"center center","background-size":"auto","background-attachment":"scroll","background-type":"","background-media":"","overlay-type":"","overlay-color":"","overlay-opacity":"","overlay-gradient":""},"tablet":{"background-color":"","background-image":"","background-repeat":"repeat","background-position":"center center","background-size":"auto","background-attachment":"scroll","background-type":"","background-media":"","overlay-type":"","overlay-color":"","overlay-opacity":"","overlay-gradient":""},"mobile":{"background-color":"","background-image":"","background-repeat":"repeat","background-position":"center center","background-size":"auto","background-attachment":"scroll","background-type":"","background-media":"","overlay-type":"","overlay-color":"","overlay-opacity":"","overlay-gradient":""}},"ast-content-background-meta":{"desktop":{"background-color":"var(--ast-global-color-5)","background-image":"","background-repeat":"repeat","background-position":"center center","background-size":"auto","background-attachment":"scroll","background-type":"","background-media":"","overlay-type":"","overlay-color":"","overlay-opacity":"","overlay-gradient":""},"tablet":{"background-color":"var(--ast-global-color-5)","background-image":"","background-repeat":"repeat","background-position":"center center","background-size":"auto","background-attachment":"scroll","background-type":"","background-media":"","overlay-type":"","overlay-color":"","overlay-opacity":"","overlay-gradient":""},"mobile":{"background-color":"var(--ast-global-color-5)","background-image":"","background-repeat":"repeat","background-position":"center center","background-size":"auto","background-attachment":"scroll","background-type":"","background-media":"","overlay-type":"","overlay-color":"","overlay-opacity":"","overlay-gradient":""}},"footnotes":""},"categories":[21],"tags":[],"class_list":["post-3285","post","type-post","status-publish","format-standard","has-post-thumbnail","hentry","category-opinion"],"_links":{"self":[{"href":"https:\/\/losperiodistas.com.mx\/portal\/wp-json\/wp\/v2\/posts\/3285","targetHints":{"allow":["GET"]}}],"collection":[{"href":"https:\/\/losperiodistas.com.mx\/portal\/wp-json\/wp\/v2\/posts"}],"about":[{"href":"https:\/\/losperiodistas.com.mx\/portal\/wp-json\/wp\/v2\/types\/post"}],"author":[{"embeddable":true,"href":"https:\/\/losperiodistas.com.mx\/portal\/wp-json\/wp\/v2\/users\/1"}],"replies":[{"embeddable":true,"href":"https:\/\/losperiodistas.com.mx\/portal\/wp-json\/wp\/v2\/comments?post=3285"}],"version-history":[{"count":1,"href":"https:\/\/losperiodistas.com.mx\/portal\/wp-json\/wp\/v2\/posts\/3285\/revisions"}],"predecessor-version":[{"id":3287,"href":"https:\/\/losperiodistas.com.mx\/portal\/wp-json\/wp\/v2\/posts\/3285\/revisions\/3287"}],"wp:featuredmedia":[{"embeddable":true,"href":"https:\/\/losperiodistas.com.mx\/portal\/wp-json\/wp\/v2\/media\/3286"}],"wp:attachment":[{"href":"https:\/\/losperiodistas.com.mx\/portal\/wp-json\/wp\/v2\/media?parent=3285"}],"wp:term":[{"taxonomy":"category","embeddable":true,"href":"https:\/\/losperiodistas.com.mx\/portal\/wp-json\/wp\/v2\/categories?post=3285"},{"taxonomy":"post_tag","embeddable":true,"href":"https:\/\/losperiodistas.com.mx\/portal\/wp-json\/wp\/v2\/tags?post=3285"}],"curies":[{"name":"wp","href":"https:\/\/api.w.org\/{rel}","templated":true}]}}