{"id":32849,"date":"2022-07-24T11:10:48","date_gmt":"2022-07-24T16:10:48","guid":{"rendered":"http:\/\/losperiodistas.com.mx\/portal\/?p=32849"},"modified":"2022-07-24T11:10:49","modified_gmt":"2022-07-24T16:10:49","slug":"escritores-estan-empezando-a-utilizar-inteligencia-artificial-para-producir-novelas-rapidamente","status":"publish","type":"post","link":"https:\/\/losperiodistas.com.mx\/portal\/escritores-estan-empezando-a-utilizar-inteligencia-artificial-para-producir-novelas-rapidamente\/","title":{"rendered":"Escritores est\u00e1n empezando a utilizar inteligencia artificial para producir novelas r\u00e1pidamente"},"content":{"rendered":"\n<p><em>Cu\u00e1ntos escritores aceptar\u00e1n la IA y c\u00f3mo afectar\u00eda a la industria es una pregunta sin respuesta, pero una cosa es segura: la narraci\u00f3n con IA est\u00e1 aqu\u00ed, independientemente de lo que pensemos al respecto.<\/em><\/p>\n\n\n\n<p><\/p>\n\n\n\n<figure class=\"wp-block-image size-full is-style-default\"><img fetchpriority=\"high\" decoding=\"async\" width=\"700\" height=\"394\" src=\"https:\/\/losperiodistas.com.mx\/portal\/wp-content\/uploads\/2022\/07\/62335087_303-1.jpeg\" alt=\"\" class=\"wp-image-32850\" srcset=\"https:\/\/losperiodistas.com.mx\/portal\/wp-content\/uploads\/2022\/07\/62335087_303-1.jpeg 700w, https:\/\/losperiodistas.com.mx\/portal\/wp-content\/uploads\/2022\/07\/62335087_303-1-300x169.jpeg 300w\" sizes=\"(max-width: 700px) 100vw, 700px\" \/><figcaption>Para su novela, la autora trabaj\u00f3 con Sudowrite, un programa basado en el modelo de aprendizaje autom\u00e1tico GPT-3 de OpenAI.<\/figcaption><\/figure>\n\n\n\n<p class=\"has-vivid-cyan-blue-color has-text-color has-medium-font-size\">DW<\/p>\n\n\n\n<p>A medida que nuestro mundo se digitaliza cada vez m\u00e1s, y la informaci\u00f3n y el consumo aumentan de velocidad, quienes la producen se ven m\u00e1s y m\u00e1s presionados para suplir la creciente demanda. Este es el caso de los escritores independientes, quienes est\u00e1n produciendo libros m\u00e1s r\u00e1pidamente que nunca.&nbsp;<\/p>\n\n\n\n<p>Aunque resulte dif\u00edcil imaginar que un solo autor pueda producir una novela completa cada nueve semanas, hay quienes lo hacen. La escritora Jennifer Lepp es uno de estos.&nbsp;<a href=\"https:\/\/www.theverge.com\/c\/23194235\/ai-fiction-writing-amazon-kindle-sudowrite-jasper\" target=\"_blank\" rel=\"noreferrer noopener\">En entrevista con&nbsp;<em>The Verge<\/em>,<\/a>&nbsp;Lepp asegur\u00f3 que tarda el sorprendente n\u00famero reducido de 49 d\u00edas en escribir una novela completa. \u00bfC\u00f3mo lo hace?<\/p>\n\n\n\n<h2 class=\"wp-block-heading\"><strong>\u00ab\u00bfY qu\u00e9 pasa si las escribi\u00f3 un ordenador?\u00bb<\/strong><\/h2>\n\n\n\n<p>Lepp, autora independiente que comercializa sus obras bajo el seud\u00f3nimo de Leanne Leeds en el subg\u00e9nero de \u00abmisterio paranormal acogedor\u00bb, dijo que incluso ha empezado a utilizar un programa de inteligencia artificial (IA) como herramienta de ayuda para escribir y terminar m\u00e1s r\u00e1pido. El programa le ayuda a optimizar secciones individuales del texto, pero tambi\u00e9n le sirve de inspiraci\u00f3n para pasajes concretos, los cuales, en casos, solo tiene que afinar.<\/p>\n\n\n\n<p>\u00abSon solo palabras\u00bb, dijo Lepp a\u00a0<em>The Verge<\/em>. \u00abEs mi historia, mis personajes, mi mundo. Se me ocurri\u00f3 a m\u00ed. \u00bfY qu\u00e9 pasa si las escribi\u00f3 un ordenador?\u00bb.<\/p>\n\n\n\n<figure class=\"wp-block-embed is-type-rich is-provider-twitter wp-block-embed-twitter\"><div class=\"wp-block-embed__wrapper\">\n<blockquote class=\"twitter-tweet\" data-width=\"500\" data-dnt=\"true\"><p lang=\"en\" dir=\"ltr\">Can AI write good novels? <a href=\"https:\/\/t.co\/XTAwzmH9rd\">https:\/\/t.co\/XTAwzmH9rd<\/a> <a href=\"https:\/\/t.co\/00AY2mXHgM\">pic.twitter.com\/00AY2mXHgM<\/a><\/p>&mdash; The Verge (@verge) <a href=\"https:\/\/twitter.com\/verge\/status\/1549942249613574144?ref_src=twsrc%5Etfw\">July 21, 2022<\/a><\/blockquote><script async src=\"https:\/\/platform.twitter.com\/widgets.js\" charset=\"utf-8\"><\/script>\n<\/div><\/figure>\n\n\n\n<h2 class=\"wp-block-heading\"><strong>Sudowrite: inteligencia artificial como apoyo<\/strong><\/h2>\n\n\n\n<p>El programa que utiliza Lepp se llama Sudowrite, un programa basado en el modelo de aprendizaje autom\u00e1tico GPT-3 de OpenAI y que los escritores pueden probar antes de comprarlo.&nbsp;<\/p>\n\n\n\n<p>La IA depende especialmente de las aportaciones del usuario. As\u00ed que tambi\u00e9n se necesita un poco de pr\u00e1ctica para conseguir trozos que la IA haya creado y convertirlo en texto utilizables. En un proceso parecido a una colaboraci\u00f3n entre m\u00e1quinas y humanos, los usuarios tienen que aprender a comunicar sus ideas con la IA.<\/p>\n\n\n\n<h2 class=\"wp-block-heading\"><strong>Los textos de IA carecen de la expresi\u00f3n del yo<\/strong><\/h2>\n\n\n\n<p>A pesar de la apertura de Lepp sobre su uso de la herramienta de IA, hay muchos que seguramente preferir\u00e1n permanecer en silencio. Y es que las voces cr\u00edticas de tal pr\u00e1ctica no son pocas. Por ejemplo, una profesora y escritora entrevistada por&nbsp;<em>The Verge<\/em>&nbsp;incluso abandon\u00f3 las redes sociales durante un tiempo debido a las protestas contra su aceptaci\u00f3n de la escritura con IA.<\/p>\n\n\n\n<p>\u00abLa IA creativa no es una expresi\u00f3n del yo. Se trata m\u00e1s bien de la permutaci\u00f3n, recombinaci\u00f3n y encuadre de otras identidades. No es, ni ser\u00e1, ni puede ser, una representaci\u00f3n de una generaci\u00f3n o de una identidad o de un tiempo. No es una &#8216;voz'\u00bb,&nbsp;<a href=\"https:\/\/lithub.com\/the-imitation-of-consciousness-on-the-present-and-future-of-natural-language-processing\/\" target=\"_blank\" rel=\"noreferrer noopener\">escribe en<em>&nbsp;Literary Hub<\/em><\/a>&nbsp;el novelista, ensayista y comentarista cultural Stephen March\u00e9, quien tambi\u00e9n ha experimentado con Sudowrite.<\/p>\n\n\n\n<p>Cu\u00e1ntos escritores aceptar\u00e1n la IA y c\u00f3mo podr\u00eda afectar a las ventas de libros en el futuro es una pregunta sin respuesta, lo \u00fanico cierto es que la narraci\u00f3n con IA es un tema que tambi\u00e9n acompa\u00f1ar\u00e1 a la industria del libro en el futuro.<\/p>\n\n\n\n<p><em>Editado por Felipe Espinosa Wang.<\/em><\/p>\n\n\n\n<p>Fuente: https:\/\/www.dw.com\/es\/escritores-est%C3%A1n-empezando-a-utilizar-inteligencia-artificial-para-producir-novelas-r%C3%A1pidamente\/a-62569707<\/p>\n","protected":false},"excerpt":{"rendered":"<p>Cu\u00e1ntos escritores aceptar\u00e1n la IA y c\u00f3mo afectar\u00eda a la industria es una pregunta sin respuesta, pero una cosa es [&hellip;]<\/p>\n","protected":false},"author":1,"featured_media":32850,"comment_status":"open","ping_status":"open","sticky":false,"template":"","format":"standard","meta":{"site-sidebar-layout":"default","site-content-layout":"","ast-site-content-layout":"default","site-content-style":"default","site-sidebar-style":"default","ast-global-header-display":"","ast-banner-title-visibility":"","ast-main-header-display":"","ast-hfb-above-header-display":"","ast-hfb-below-header-display":"","ast-hfb-mobile-header-display":"","site-post-title":"","ast-breadcrumbs-content":"","ast-featured-img":"","footer-sml-layout":"","theme-transparent-header-meta":"","adv-header-id-meta":"","stick-header-meta":"","header-above-stick-meta":"","header-main-stick-meta":"","header-below-stick-meta":"","astra-migrate-meta-layouts":"default","ast-page-background-enabled":"default","ast-page-background-meta":{"desktop":{"background-color":"var(--ast-global-color-4)","background-image":"","background-repeat":"repeat","background-position":"center center","background-size":"auto","background-attachment":"scroll","background-type":"","background-media":"","overlay-type":"","overlay-color":"","overlay-opacity":"","overlay-gradient":""},"tablet":{"background-color":"","background-image":"","background-repeat":"repeat","background-position":"center center","background-size":"auto","background-attachment":"scroll","background-type":"","background-media":"","overlay-type":"","overlay-color":"","overlay-opacity":"","overlay-gradient":""},"mobile":{"background-color":"","background-image":"","background-repeat":"repeat","background-position":"center center","background-size":"auto","background-attachment":"scroll","background-type":"","background-media":"","overlay-type":"","overlay-color":"","overlay-opacity":"","overlay-gradient":""}},"ast-content-background-meta":{"desktop":{"background-color":"var(--ast-global-color-5)","background-image":"","background-repeat":"repeat","background-position":"center center","background-size":"auto","background-attachment":"scroll","background-type":"","background-media":"","overlay-type":"","overlay-color":"","overlay-opacity":"","overlay-gradient":""},"tablet":{"background-color":"var(--ast-global-color-5)","background-image":"","background-repeat":"repeat","background-position":"center center","background-size":"auto","background-attachment":"scroll","background-type":"","background-media":"","overlay-type":"","overlay-color":"","overlay-opacity":"","overlay-gradient":""},"mobile":{"background-color":"var(--ast-global-color-5)","background-image":"","background-repeat":"repeat","background-position":"center center","background-size":"auto","background-attachment":"scroll","background-type":"","background-media":"","overlay-type":"","overlay-color":"","overlay-opacity":"","overlay-gradient":""}},"footnotes":""},"categories":[8],"tags":[4720,11555,4891],"class_list":["post-32849","post","type-post","status-publish","format-standard","has-post-thumbnail","hentry","category-noticias","tag-inteligencia-artificial","tag-suwrite","tag-the-verge"],"_links":{"self":[{"href":"https:\/\/losperiodistas.com.mx\/portal\/wp-json\/wp\/v2\/posts\/32849","targetHints":{"allow":["GET"]}}],"collection":[{"href":"https:\/\/losperiodistas.com.mx\/portal\/wp-json\/wp\/v2\/posts"}],"about":[{"href":"https:\/\/losperiodistas.com.mx\/portal\/wp-json\/wp\/v2\/types\/post"}],"author":[{"embeddable":true,"href":"https:\/\/losperiodistas.com.mx\/portal\/wp-json\/wp\/v2\/users\/1"}],"replies":[{"embeddable":true,"href":"https:\/\/losperiodistas.com.mx\/portal\/wp-json\/wp\/v2\/comments?post=32849"}],"version-history":[{"count":1,"href":"https:\/\/losperiodistas.com.mx\/portal\/wp-json\/wp\/v2\/posts\/32849\/revisions"}],"predecessor-version":[{"id":32851,"href":"https:\/\/losperiodistas.com.mx\/portal\/wp-json\/wp\/v2\/posts\/32849\/revisions\/32851"}],"wp:featuredmedia":[{"embeddable":true,"href":"https:\/\/losperiodistas.com.mx\/portal\/wp-json\/wp\/v2\/media\/32850"}],"wp:attachment":[{"href":"https:\/\/losperiodistas.com.mx\/portal\/wp-json\/wp\/v2\/media?parent=32849"}],"wp:term":[{"taxonomy":"category","embeddable":true,"href":"https:\/\/losperiodistas.com.mx\/portal\/wp-json\/wp\/v2\/categories?post=32849"},{"taxonomy":"post_tag","embeddable":true,"href":"https:\/\/losperiodistas.com.mx\/portal\/wp-json\/wp\/v2\/tags?post=32849"}],"curies":[{"name":"wp","href":"https:\/\/api.w.org\/{rel}","templated":true}]}}