{"id":32845,"date":"2022-07-24T08:29:05","date_gmt":"2022-07-24T13:29:05","guid":{"rendered":"http:\/\/losperiodistas.com.mx\/portal\/?p=32845"},"modified":"2022-07-24T11:01:04","modified_gmt":"2022-07-24T16:01:04","slug":"angelus-en-el-vuelo-el-papa-los-abuelos-nuestra-historia-vatican-news","status":"publish","type":"post","link":"https:\/\/losperiodistas.com.mx\/portal\/angelus-en-el-vuelo-el-papa-los-abuelos-nuestra-historia-vatican-news\/","title":{"rendered":"\u00c1ngelus en el vuelo. El Papa: los abuelos, nuestra historia | Vatican News"},"content":{"rendered":"\n<p><em>Un viaje que hay que hacer con esp\u00edritu penitencial y una oraci\u00f3n por los abuelos, incluidos los religiosos. Este fue el tema central del habitual saludo del Papa a los periodistas que lo acompa\u00f1an y que informar\u00e1n sobre su larga \u00abperegrinaci\u00f3n\u00bb a Canad\u00e1 desde hoy hasta el 30 de julio, fecha de su regres<\/em>o<\/p>\n\n\n\n<figure class=\"wp-block-image size-large is-style-default\"><img fetchpriority=\"high\" decoding=\"async\" width=\"1024\" height=\"614\" src=\"https:\/\/losperiodistas.com.mx\/portal\/wp-content\/uploads\/2022\/07\/Captura-de-Pantalla-2022-07-24-a-las-8.26.50-1024x614.jpg\" alt=\"\" class=\"wp-image-32847\" srcset=\"https:\/\/losperiodistas.com.mx\/portal\/wp-content\/uploads\/2022\/07\/Captura-de-Pantalla-2022-07-24-a-las-8.26.50-1024x614.jpg 1024w, https:\/\/losperiodistas.com.mx\/portal\/wp-content\/uploads\/2022\/07\/Captura-de-Pantalla-2022-07-24-a-las-8.26.50-300x180.jpg 300w, https:\/\/losperiodistas.com.mx\/portal\/wp-content\/uploads\/2022\/07\/Captura-de-Pantalla-2022-07-24-a-las-8.26.50-768x460.jpg 768w, https:\/\/losperiodistas.com.mx\/portal\/wp-content\/uploads\/2022\/07\/Captura-de-Pantalla-2022-07-24-a-las-8.26.50.jpg 1508w\" sizes=\"(max-width: 1024px) 100vw, 1024px\" \/><\/figure>\n\n\n\n<p><\/p>\n\n\n\n<p class=\"has-vivid-cyan-blue-color has-text-color has-medium-font-size\">GABRIELA CERASO \/ VATICAN NEWS<\/p>\n\n\n\n<p>Buen domingo, bienvenidos y gracias por su compa\u00f1\u00eda y servicio\u201d. Estas fueron las primeras palabras que el Papa intercambi\u00f3 con unos ochenta periodistas y camar\u00f3grafos entre los que no escatim\u00f3 pasar a saludarlos. Ser\u00e1n ellos los que lo acompa\u00f1en y los que informen de cada etapa de este largo viaje a Canad\u00e1 que acaba de comenzar.<\/p>\n\n\n\n<h2 class=\"wp-block-heading\"><a href=\"https:\/\/www.vaticannews.va\/es\/vaticano\/news\/2022-07\/de-donatis-los-mayores-nos-ensenan-a-llamar-a-la-puerta-de-dios.html\">De Donatis: Los mayores nos ense\u00f1an a llamar a la puerta de Dios<\/a><\/h2>\n\n\n\n<p>Francisco se apresur\u00f3 a recomendar que se trata de una peregrinaci\u00f3n \u00abpenitencial\u00bb que realizar\u00e1 con este esp\u00edritu. Luego, el pensamiento al \u00c1ngelus que rez\u00f3 en el vuelo, al no poder hacerlo este domingo en la Plaza de San Pedro y que dedic\u00f3 a la&nbsp;<em><a href=\"https:\/\/www.vatican.va\/content\/francesco\/es\/messages\/nonni\/documents\/20220503-messaggio-nonni-anziani.html\" target=\"_blank\" rel=\"noreferrer noopener\">II Jornada Mundial de los Abuelos y Ancianos<\/a><\/em>&nbsp;que se celebra hoy, este a\u00f1o sobre el tema del Salmo 92: \u00abEn la vejez todav\u00eda dar\u00e1n fruto\u00bb.<\/p>\n\n\n\n<p>\u00abLos abuelos y las abuelas son los que han transmitido la historia, las tradiciones, las costumbres: volver a ellos con el pensamiento de hoy es importante, un &#8216;leitmotiv&#8217; en el sentido de que \u2013 explic\u00f3 el Papa \u2013 los j\u00f3venes deben tener contacto con sus abuelos, volver a ellos, volver a sus ra\u00edces, no para quedarse ah\u00ed, no, sino para llevarlas adelante, como el \u00e1rbol que toma fuerza de sus ra\u00edces y la lleva adelante en las flores, en los frutos\u201d.LEA TAMBI\u00c9N<a href=\"https:\/\/www.vaticannews.va\/es\/vaticano\/news\/2022-07\/segundajornadaabuelos-informacionutil.html\"><\/a>14\/07\/2022<\/p>\n\n\n\n<h2 class=\"wp-block-heading\"><a href=\"https:\/\/www.vaticannews.va\/es\/vaticano\/news\/2022-07\/segundajornadaabuelos-informacionutil.html\">24 de julio: II Jornada Mundial de los Abuelos y Ancianos<\/a><\/h2>\n\n\n\n<h2 class=\"wp-block-heading\"><strong>La riqueza de los abuelos tambi\u00e9n en las familias de los religiosos<\/strong><\/h2>\n\n\n\n<p>A este respecto, Francisco cit\u00f3 las palabras del poema de Francisco Luis Bern\u00e1rdez:<\/p>\n\n\n\n<p><em><strong>\u00abTodo lo que tiene el \u00e1rbol de florecido le viene de lo que tiene enterrado, que son los abuelos\u00bb.<\/strong><\/em>LEA TAMBI\u00c9N<a href=\"https:\/\/www.vaticannews.va\/es\/papa\/news\/2022-07\/francisco-inicio-viajeapostolico-canada.html\"><\/a>24\/07\/2022<\/p>\n\n\n\n<h2 class=\"wp-block-heading\"><a href=\"https:\/\/www.vaticannews.va\/es\/papa\/news\/2022-07\/francisco-inicio-viajeapostolico-canada.html\">Francisco parti\u00f3 hacia Canad\u00e1, inici\u00f3 su \u00abperegrinaci\u00f3n penitencial\u00bb<\/a><\/h2>\n\n\n\n<p>En el recuerdo del Papa en esta Jornada en la que, en su nombre, el cardenal Vicario Angelo De Donatis celebr\u00f3 la Misa en San Pedro, est\u00e1n en particular \u00ablos religiosos y religiosas ancianos, los abuelos de la vida consagrada\u00bb.<\/p>\n\n\n\n<p>Para ellos la doble recomendaci\u00f3n de \u00abno esconderlos\u00bb, porque son \u00abla sabidur\u00eda de una familia religiosa\u00bb y a los novatos y nuevos religiosos de \u00abtener contacto con ellos\u00bb:LEA TAMBI\u00c9N<a href=\"https:\/\/www.vaticannews.va\/es\/papa\/news\/2022-07\/papafrancisco-catequesis-vejez.html\"><\/a>06\/07\/2022<\/p>\n\n\n\n<h2 class=\"wp-block-heading\"><a href=\"https:\/\/www.vaticannews.va\/es\/papa\/news\/2022-07\/papafrancisco-catequesis-vejez.html\">Los ancianos, un regalo para el futuro de la humanidad<\/a><\/h2>\n\n\n\n<p>\u201cEllos nos dar\u00e1n toda la experiencia de vida que nos ayudar\u00e1 tanto, tanto a seguir adelante&#8230; Por eso&#8230; cada uno de nosotros tiene abuelos y abuelas, algunos ya no est\u00e1n, otros est\u00e1n vivos, pero record\u00e9moslos hoy de manera especial: de ellos hemos recibido tantas cosas, en primer lugar, la historia\u201d.<\/p>\n\n\n\n<p>Fuente: https:\/\/www.vaticannews.va\/es\/papa\/news\/2022-07\/angelus-en-el-vuelo-el-papa-los-abuelos-nuestra-historia.html<\/p>\n","protected":false},"excerpt":{"rendered":"<p>Un viaje que hay que hacer con esp\u00edritu penitencial y una oraci\u00f3n por los abuelos, incluidos los religiosos. Este fue [&hellip;]<\/p>\n","protected":false},"author":1,"featured_media":32846,"comment_status":"open","ping_status":"open","sticky":false,"template":"","format":"standard","meta":{"site-sidebar-layout":"default","site-content-layout":"","ast-site-content-layout":"default","site-content-style":"default","site-sidebar-style":"default","ast-global-header-display":"","ast-banner-title-visibility":"","ast-main-header-display":"","ast-hfb-above-header-display":"","ast-hfb-below-header-display":"","ast-hfb-mobile-header-display":"","site-post-title":"","ast-breadcrumbs-content":"","ast-featured-img":"","footer-sml-layout":"","theme-transparent-header-meta":"","adv-header-id-meta":"","stick-header-meta":"","header-above-stick-meta":"","header-main-stick-meta":"","header-below-stick-meta":"","astra-migrate-meta-layouts":"default","ast-page-background-enabled":"default","ast-page-background-meta":{"desktop":{"background-color":"var(--ast-global-color-4)","background-image":"","background-repeat":"repeat","background-position":"center center","background-size":"auto","background-attachment":"scroll","background-type":"","background-media":"","overlay-type":"","overlay-color":"","overlay-opacity":"","overlay-gradient":""},"tablet":{"background-color":"","background-image":"","background-repeat":"repeat","background-position":"center center","background-size":"auto","background-attachment":"scroll","background-type":"","background-media":"","overlay-type":"","overlay-color":"","overlay-opacity":"","overlay-gradient":""},"mobile":{"background-color":"","background-image":"","background-repeat":"repeat","background-position":"center center","background-size":"auto","background-attachment":"scroll","background-type":"","background-media":"","overlay-type":"","overlay-color":"","overlay-opacity":"","overlay-gradient":""}},"ast-content-background-meta":{"desktop":{"background-color":"var(--ast-global-color-5)","background-image":"","background-repeat":"repeat","background-position":"center center","background-size":"auto","background-attachment":"scroll","background-type":"","background-media":"","overlay-type":"","overlay-color":"","overlay-opacity":"","overlay-gradient":""},"tablet":{"background-color":"var(--ast-global-color-5)","background-image":"","background-repeat":"repeat","background-position":"center center","background-size":"auto","background-attachment":"scroll","background-type":"","background-media":"","overlay-type":"","overlay-color":"","overlay-opacity":"","overlay-gradient":""},"mobile":{"background-color":"var(--ast-global-color-5)","background-image":"","background-repeat":"repeat","background-position":"center center","background-size":"auto","background-attachment":"scroll","background-type":"","background-media":"","overlay-type":"","overlay-color":"","overlay-opacity":"","overlay-gradient":""}},"footnotes":""},"categories":[8],"tags":[4686,196,11554],"class_list":["post-32845","post","type-post","status-publish","format-standard","has-post-thumbnail","hentry","category-noticias","tag-canada","tag-papa-francisco","tag-peregrinacion-penitencial"],"_links":{"self":[{"href":"https:\/\/losperiodistas.com.mx\/portal\/wp-json\/wp\/v2\/posts\/32845","targetHints":{"allow":["GET"]}}],"collection":[{"href":"https:\/\/losperiodistas.com.mx\/portal\/wp-json\/wp\/v2\/posts"}],"about":[{"href":"https:\/\/losperiodistas.com.mx\/portal\/wp-json\/wp\/v2\/types\/post"}],"author":[{"embeddable":true,"href":"https:\/\/losperiodistas.com.mx\/portal\/wp-json\/wp\/v2\/users\/1"}],"replies":[{"embeddable":true,"href":"https:\/\/losperiodistas.com.mx\/portal\/wp-json\/wp\/v2\/comments?post=32845"}],"version-history":[{"count":1,"href":"https:\/\/losperiodistas.com.mx\/portal\/wp-json\/wp\/v2\/posts\/32845\/revisions"}],"predecessor-version":[{"id":32848,"href":"https:\/\/losperiodistas.com.mx\/portal\/wp-json\/wp\/v2\/posts\/32845\/revisions\/32848"}],"wp:featuredmedia":[{"embeddable":true,"href":"https:\/\/losperiodistas.com.mx\/portal\/wp-json\/wp\/v2\/media\/32846"}],"wp:attachment":[{"href":"https:\/\/losperiodistas.com.mx\/portal\/wp-json\/wp\/v2\/media?parent=32845"}],"wp:term":[{"taxonomy":"category","embeddable":true,"href":"https:\/\/losperiodistas.com.mx\/portal\/wp-json\/wp\/v2\/categories?post=32845"},{"taxonomy":"post_tag","embeddable":true,"href":"https:\/\/losperiodistas.com.mx\/portal\/wp-json\/wp\/v2\/tags?post=32845"}],"curies":[{"name":"wp","href":"https:\/\/api.w.org\/{rel}","templated":true}]}}