{"id":32840,"date":"2022-07-24T08:13:01","date_gmt":"2022-07-24T13:13:01","guid":{"rendered":"http:\/\/losperiodistas.com.mx\/portal\/?p=32840"},"modified":"2022-07-24T08:13:03","modified_gmt":"2022-07-24T13:13:03","slug":"the-washington-post-desmintio-version-de-amlo-grupo-secreto-de-la-dea-llevo-a-la-captura-de-caro-quintero-infobae","status":"publish","type":"post","link":"https:\/\/losperiodistas.com.mx\/portal\/the-washington-post-desmintio-version-de-amlo-grupo-secreto-de-la-dea-llevo-a-la-captura-de-caro-quintero-infobae\/","title":{"rendered":"The Washington Post desminti\u00f3 versi\u00f3n de AMLO: grupo secreto de la DEA llev\u00f3 a la captura de Caro Quintero | Infobae"},"content":{"rendered":"\n<p><em>De 2013 a 2022 se desplegaron 12 operativos fallidos de captura, por lo que EEUU sospech\u00f3 que alguien del gobierno proteg\u00eda al capo<\/em><\/p>\n\n\n\n<p><\/p>\n\n\n\n<figure class=\"wp-block-image size-large is-style-default\"><img fetchpriority=\"high\" decoding=\"async\" width=\"1024\" height=\"683\" src=\"https:\/\/losperiodistas.com.mx\/portal\/wp-content\/uploads\/2022\/07\/ELQAKDCWVFHHBILLXHETBESGAY-1024x683.jpg\" alt=\"\" class=\"wp-image-32841\" srcset=\"https:\/\/losperiodistas.com.mx\/portal\/wp-content\/uploads\/2022\/07\/ELQAKDCWVFHHBILLXHETBESGAY-1024x683.jpg 1024w, https:\/\/losperiodistas.com.mx\/portal\/wp-content\/uploads\/2022\/07\/ELQAKDCWVFHHBILLXHETBESGAY-300x200.jpg 300w, https:\/\/losperiodistas.com.mx\/portal\/wp-content\/uploads\/2022\/07\/ELQAKDCWVFHHBILLXHETBESGAY-768x512.jpg 768w, https:\/\/losperiodistas.com.mx\/portal\/wp-content\/uploads\/2022\/07\/ELQAKDCWVFHHBILLXHETBESGAY.jpg 1440w\" sizes=\"(max-width: 1024px) 100vw, 1024px\" \/><\/figure>\n\n\n\n<p><\/p>\n\n\n\n<p class=\"has-vivid-cyan-blue-color has-text-color has-medium-font-size\">INFOBAE<\/p>\n\n\n\n<p><strong>The Washington Post (TWP)<\/strong>&nbsp;revel\u00f3 este s\u00e1bado 23 de julio que&nbsp;<strong>un grupo secreto de la Agencia Antidrogas Estadounidense (DEA)&nbsp;<\/strong>persigui\u00f3 durante varios a\u00f1os al narcotraficante mexicano,&nbsp;<a href=\"https:\/\/www.infobae.com\/america\/mexico\/2022\/07\/15\/detuvieron-de-nueva-cuenta-a-rafael-caro-quintero-fundador-del-cartel-de-guadalajara\/\" target=\"_blank\" rel=\"noreferrer noopener\"><strong>Rafael Caro Quintero<\/strong><\/a>&nbsp;por la<strong>&nbsp;Sierra Madre Occidental, e<\/strong>&nbsp;incluso, los agentes llegaron a conocer todos los caminos de terracer\u00eda por los que se desplazaba el capo, quien constantemente sal\u00eda a visitar a sus novias.<\/p>\n\n\n\n<p>De acuerdo con las fuentes de este medio,&nbsp;<strong>entre 2013 y 2022, Estados Unidos y M\u00e9xico realizaron 12 operativos fallidos para atrapar a Caro Quintero<\/strong>. Muchas de esas operaciones no fueron reportadas de manera p\u00fablica.<\/p>\n\n\n\n<p>De acuerdo con TWP, para los\u00a0<strong>agentes de la DEA<\/strong>\u00a0<strong>resulta absurdo<\/strong>\u00a0que\u00a0<a href=\"https:\/\/www.infobae.com\/america\/mexico\/2022\/07\/18\/lopez-obrador-nego-participacion-de-eeuu-en-la-captura-de-caro-quintero\/\" target=\"_blank\" rel=\"noreferrer noopener\">el gobierno mexicano se adjudique como una victoria particular la captura de\u00a0<strong>Rafael Caro Quintero<\/strong><\/a>, cuando esa agencia\u00a0<strong>proporcion\u00f3 durante nueve a\u00f1os informaci\u00f3n actualizada al Ej\u00e9rcito y la Marina de M\u00e9xico<\/strong>, solo que estas instituciones estuvieron limitadas por los intereses pol\u00edticos.<\/p>\n\n\n\n<p><img decoding=\"async\" height=\"1080\" width=\"1920\" srcset=\"https:\/\/www.infobae.com\/new-resizer\/8OweWirYvR0-GWDVR4WeMTSfz5I=\/420x236\/filters:format(webp):quality(85)\/cloudfront-us-east-1.images.arcpublishing.com\/infobae\/LFGX2MCFAGRXPSD6FTP27SVNPI.jpg 420w,https:\/\/www.infobae.com\/new-resizer\/f1NE4Ma14aSf_Y2DBdpSircib3c=\/768x432\/filters:format(webp):quality(85)\/cloudfront-us-east-1.images.arcpublishing.com\/infobae\/LFGX2MCFAGRXPSD6FTP27SVNPI.jpg 768w,https:\/\/www.infobae.com\/new-resizer\/E2_rKACdv2iJCTSYA2bH53s1JPc=\/992x558\/filters:format(webp):quality(85)\/cloudfront-us-east-1.images.arcpublishing.com\/infobae\/LFGX2MCFAGRXPSD6FTP27SVNPI.jpg 992w,https:\/\/www.infobae.com\/new-resizer\/LVwly6LPoNHyID1WpbV1Z8Ii25w=\/1200x675\/filters:format(webp):quality(85)\/cloudfront-us-east-1.images.arcpublishing.com\/infobae\/LFGX2MCFAGRXPSD6FTP27SVNPI.jpg 1200w,https:\/\/www.infobae.com\/new-resizer\/Gr69BrV6NALtjeeNckRQHikGXno=\/1440x810\/filters:format(webp):quality(85)\/cloudfront-us-east-1.images.arcpublishing.com\/infobae\/LFGX2MCFAGRXPSD6FTP27SVNPI.jpg 1440w\" class=\"\" src=\"https:\/\/cloudfront-us-east-1.images.arcpublishing.com\/infobae\/LFGX2MCFAGRXPSD6FTP27SVNPI.jpg\" alt=\"La defensa del veterano narcotraficante mexicano Rafael Caro Quintero, capturado el viernes y pedido en extradici\u00f3n por Estados Unidos, promueve amparos legales para conseguir su liberaci\u00f3n, inform\u00f3 el lunes el presidente Andr\u00e9s Manuel L\u00f3pez Obrador.\">La defensa del veterano narcotraficante mexicano Rafael Caro Quintero, capturado el viernes y pedido en extradici\u00f3n por Estados Unidos, promueve amparos legales para conseguir su liberaci\u00f3n, inform\u00f3 el lunes el presidente Andr\u00e9s Manuel L\u00f3pez Obrador.<\/p>\n\n\n\n<p><a href=\"https:\/\/www.infobae.com\/america\/mexico\/2022\/07\/15\/rafael-caro-quintero-fue-capturado-con-ayuda-de-un-perro-en-la-sierra-despues-tomo-agua-y-converso\/\" target=\"_blank\" rel=\"noreferrer noopener\">Tras concretar la captura el 15 de julio de 2022<\/a>,<strong>&nbsp;Timothy Shea<\/strong>, quien condujo de manera interina a la DEA de 2020 a 2021, declar\u00f3: \u201cEsto deber\u00eda haber sucedido hace a\u00f1os para evitar que Caro Quintero continuara con su tr\u00e1fico de drogas hacia los Estados Unidos\u201d, y explic\u00f3 que&nbsp;<strong>\u201cel gobierno de M\u00e9xico act\u00faa solo cuando es de su inter\u00e9s pol\u00edtico actuar\u201d<\/strong>.<\/p>\n\n\n\n<p>Esta semana,&nbsp;<strong>L\u00f3pez Obrador<\/strong>&nbsp;asegur\u00f3 que&nbsp;<a href=\"https:\/\/www.infobae.com\/america\/mexico\/2022\/07\/18\/lopez-obrador-nego-participacion-de-eeuu-en-la-captura-de-caro-quintero\/\" target=\"_blank\" rel=\"noreferrer noopener\">la DEA no tuvo ninguna participaci\u00f3n en el operativo que culmin\u00f3 con la detenci\u00f3n de Caro Quintero<\/a>&nbsp;y se limit\u00f3 a decir que en el pasado existi\u00f3 alg\u00fan tipo de coordinaci\u00f3n.<\/p>\n\n\n\n<h2 class=\"wp-block-heading\">Caro Quintero no era un fantasma, EEUU y M\u00e9xico sab\u00edan d\u00f3nde se ocultaba<\/h2>\n\n\n\n<p>En M\u00e9xico se extendi\u00f3 la idea que luego de salir de prisi\u00f3n en 2013,&nbsp;<strong>Caro Quintero<\/strong>&nbsp;se esfum\u00f3 como un fantasma, sin embargo, durante esos a\u00f1os<strong>&nbsp;la DEA pudo seguir su pista<\/strong>&nbsp;y sus socios mexicanos estaban al tanto de esa persecuci\u00f3n por las espesas monta\u00f1as del norte.<\/p>\n\n\n\n<p>Fue una operaci\u00f3n delicada para la DEA pues\u00a0<strong>los hombres de\u00a0<\/strong><em><strong>El Pr\u00edncipe<\/strong><\/em><strong>\u00a0\u201ccontrolaban todo<\/strong>. Ten\u00edan informantes en todos los poblados y guardias en las monta\u00f1as para vigilar a los drones. \u201cSon muy cuidadosos\u201d, expres\u00f3 un antiguo funcionario al Washington Post.<\/p>\n\n\n\n<p>Detenci\u00f3n Caro Quintero <\/p>\n\n\n\n<p>https:\/\/imasdk.googleapis.com\/js\/core\/bridge3.522.0_es.html#goog_19720680510 seconds of 13 secondsVolume 0%&nbsp;<\/p>\n\n\n\n<p>Una y otra vez se planearon incursiones a\u00e9reas para sacarlo de su escondite, pero las autoridades mexicanas parec\u00edan no cooperar demasiado.<\/p>\n\n\n\n<p>En cada intento frustrado, EEUU se qued\u00f3 con la impresi\u00f3n que&nbsp;<strong>desde el gobierno mexicano se filtraba la informaci\u00f3n para alertar al capo<\/strong>, una se\u00f1al que este contaba con protecci\u00f3n de alto nivel.<\/p>\n\n\n\n<p>De acuerdo con el art\u00edculo publicado este s\u00e1bado por el prestigiado medio, el equipo de inteligencia proporcionaba constantemente informaci\u00f3n sobre la ubicaci\u00f3n del \u201cNarco de narcos\u201d a las fuerzas de seguridad locales, sin embargo, e<strong>l gobierno mexicano no mostraba voluntad pol\u00edtica<\/strong>&nbsp;para capturarlo.<img decoding=\"async\" alt=\"Rafael Caro Quintero viv\u00eda sin lujos en San sim\u00f3n, localidad de Choix, estado de Sinaloa (Foto: Semar \/ AFP)\" height=\"1080\" width=\"1920\" class=\"\" src=\"https:\/\/cloudfront-us-east-1.images.arcpublishing.com\/infobae\/J7KYE77RORC3XE7DHRDGSIU6BM.jpg\" srcset=\"https:\/\/www.infobae.com\/new-resizer\/GLxx1ErbQpT6p7RlojfjEWe4piQ=\/420x236\/filters:format(webp):quality(85)\/cloudfront-us-east-1.images.arcpublishing.com\/infobae\/J7KYE77RORC3XE7DHRDGSIU6BM.jpg 420w,https:\/\/www.infobae.com\/new-resizer\/jqlyghWdSHAkeWEjtqt-e6MiS0Q=\/768x432\/filters:format(webp):quality(85)\/cloudfront-us-east-1.images.arcpublishing.com\/infobae\/J7KYE77RORC3XE7DHRDGSIU6BM.jpg 768w,https:\/\/www.infobae.com\/new-resizer\/lbB-ZxGEyXKNEyeZl1PD1sE0JwE=\/992x558\/filters:format(webp):quality(85)\/cloudfront-us-east-1.images.arcpublishing.com\/infobae\/J7KYE77RORC3XE7DHRDGSIU6BM.jpg 992w,https:\/\/www.infobae.com\/new-resizer\/BYJxsDIfjwXVZFeUk9Z38HoMl00=\/1200x675\/filters:format(webp):quality(85)\/cloudfront-us-east-1.images.arcpublishing.com\/infobae\/J7KYE77RORC3XE7DHRDGSIU6BM.jpg 1200w,https:\/\/www.infobae.com\/new-resizer\/umRBTlyc9NelOuTmCwaXYD3K1Hg=\/1440x810\/filters:format(webp):quality(85)\/cloudfront-us-east-1.images.arcpublishing.com\/infobae\/J7KYE77RORC3XE7DHRDGSIU6BM.jpg 1440w\">Rafael Caro Quintero viv\u00eda sin lujos en San sim\u00f3n, localidad de Choix, estado de Sinaloa (Foto: Semar \/ AFP)<\/p>\n\n\n\n<p><strong>The Washington Post<\/strong>&nbsp;expuso que&nbsp;<strong>en enero de 2021, los dos pa\u00edses comenzaron a planificar una operaci\u00f3n para capturar a Caro Quinter<\/strong>o, se trataba del d\u00e9cimo intento.<\/p>\n\n\n\n<p>Los norteamericanos cre\u00edan que con la&nbsp;<strong>aprobaci\u00f3n del presidente Andr\u00e9s Manuel L\u00f3pez Obrador<\/strong>, las posibilidades de \u00e9xito eran altas. La inteligencia provino principalmente de la agencias de ese pa\u00eds, sin embargo, ocurri\u00f3 lo mismo que en el pasado y una nueva filtraci\u00f3n del lado mexicano puso en alerta&nbsp;<a href=\"https:\/\/www.infobae.com\/america\/mexico\/2022\/07\/17\/cartel-de-guadalajara-entre-el-ascenso-la-corrupcion-un-agente-de-la-dea-asesinado-y-sus-fundadores-y-presos\/\" target=\"_blank\" rel=\"noreferrer noopener\">al ex fundador del&nbsp;<strong>C\u00e1rtel de Guadalajara<\/strong><\/a>.<\/p>\n\n\n\n<p>Un equipo especial de la Marina abord\u00f3 varios helic\u00f3pteros hacia el \u201c<a href=\"https:\/\/www.infobae.com\/america\/mexico\/2020\/02\/24\/el-triangulo-dorado-es-una-region-estigmatizada-lopez-obrador-va-al-rescate-de-la-tierra-del-chapo-guzman\/\" target=\"_blank\" rel=\"noreferrer noopener\">Tri\u00e1ngulo Dorado<\/a>\u201d, en la parte que corresponde a Sinaloa. Pero cuando&nbsp;<strong>los Blackhawks aterrizaron en el pueblo de Babunica<\/strong>, el lugar de nacimiento de Caro Quintero, el fugitivo simplemente ya no estaba.<\/p>\n\n\n\n<h2 class=\"wp-block-heading\">Familiares de Rafael Caro Quintero se volvieron informantes<\/h2>\n\n\n\n<p>Desde hace mucho tiempo, las autoridades estadounidenses lograron identificaron d\u00f3nde viv\u00eda&nbsp;<strong>Caro Quintero<\/strong>&nbsp;en la zona rural de Sinaloa, a solo unas pocos kil\u00f3metros de una base militar, la cual estaba asentada en un pueblo que tambi\u00e9n estaba bajo el poder del \u201c<a href=\"https:\/\/www.infobae.com\/america\/mexico\/2022\/07\/16\/caro-quintero-a-cuanto-asciende-la-fortuna-del-narco-de-narcos\/\" target=\"_blank\" rel=\"noreferrer noopener\">Narco de Narcos<\/a>\u201d.<\/p>\n\n\n\n<p><strong>Caro Quintero&nbsp;<\/strong>se mov\u00eda en motocicleta y cuatrimoto, siempre custodiado por equipos de seguridad que rotaban cada semana.<\/p>\n\n\n\n<p>Adem\u00e1s,\u00a0<a href=\"https:\/\/www.infobae.com\/america\/mexico\/2022\/07\/23\/caro-quintero-fue-traicionado-por-sus-familiares-reclutados-por-la-dea\/\" target=\"_blank\" rel=\"noreferrer noopener\">la DEA pudo convertir en informantes a algunos de los familiares del l\u00edder criminal<\/a>, seg\u00fan las declaraciones de un ex alto funcionario de EEUU, e incluso sab\u00edan qu\u00e9 caminos de terracer\u00eda tomaba para visitar a sus parejas sentimentales.<\/p>\n\n\n\n<p>Fuente: https:\/\/www.infobae.com\/america\/mexico\/2022\/07\/23\/the-washington-post-desmintio-version-de-amlo-grupo-secreto-de-la-dea-llevo-a-la-captura-de-rafael-caro-quintero\/<\/p>\n","protected":false},"excerpt":{"rendered":"<p>De 2013 a 2022 se desplegaron 12 operativos fallidos de captura, por lo que EEUU sospech\u00f3 que alguien del gobierno [&hellip;]<\/p>\n","protected":false},"author":1,"featured_media":32841,"comment_status":"open","ping_status":"open","sticky":false,"template":"","format":"standard","meta":{"site-sidebar-layout":"default","site-content-layout":"","ast-site-content-layout":"default","site-content-style":"default","site-sidebar-style":"default","ast-global-header-display":"","ast-banner-title-visibility":"","ast-main-header-display":"","ast-hfb-above-header-display":"","ast-hfb-below-header-display":"","ast-hfb-mobile-header-display":"","site-post-title":"","ast-breadcrumbs-content":"","ast-featured-img":"","footer-sml-layout":"","theme-transparent-header-meta":"","adv-header-id-meta":"","stick-header-meta":"","header-above-stick-meta":"","header-main-stick-meta":"","header-below-stick-meta":"","astra-migrate-meta-layouts":"default","ast-page-background-enabled":"default","ast-page-background-meta":{"desktop":{"background-color":"var(--ast-global-color-4)","background-image":"","background-repeat":"repeat","background-position":"center center","background-size":"auto","background-attachment":"scroll","background-type":"","background-media":"","overlay-type":"","overlay-color":"","overlay-opacity":"","overlay-gradient":""},"tablet":{"background-color":"","background-image":"","background-repeat":"repeat","background-position":"center center","background-size":"auto","background-attachment":"scroll","background-type":"","background-media":"","overlay-type":"","overlay-color":"","overlay-opacity":"","overlay-gradient":""},"mobile":{"background-color":"","background-image":"","background-repeat":"repeat","background-position":"center center","background-size":"auto","background-attachment":"scroll","background-type":"","background-media":"","overlay-type":"","overlay-color":"","overlay-opacity":"","overlay-gradient":""}},"ast-content-background-meta":{"desktop":{"background-color":"var(--ast-global-color-5)","background-image":"","background-repeat":"repeat","background-position":"center center","background-size":"auto","background-attachment":"scroll","background-type":"","background-media":"","overlay-type":"","overlay-color":"","overlay-opacity":"","overlay-gradient":""},"tablet":{"background-color":"var(--ast-global-color-5)","background-image":"","background-repeat":"repeat","background-position":"center center","background-size":"auto","background-attachment":"scroll","background-type":"","background-media":"","overlay-type":"","overlay-color":"","overlay-opacity":"","overlay-gradient":""},"mobile":{"background-color":"var(--ast-global-color-5)","background-image":"","background-repeat":"repeat","background-position":"center center","background-size":"auto","background-attachment":"scroll","background-type":"","background-media":"","overlay-type":"","overlay-color":"","overlay-opacity":"","overlay-gradient":""}},"footnotes":""},"categories":[8],"tags":[11402,244],"class_list":["post-32840","post","type-post","status-publish","format-standard","has-post-thumbnail","hentry","category-noticias","tag-caro-quintero","tag-dea-mexico"],"_links":{"self":[{"href":"https:\/\/losperiodistas.com.mx\/portal\/wp-json\/wp\/v2\/posts\/32840","targetHints":{"allow":["GET"]}}],"collection":[{"href":"https:\/\/losperiodistas.com.mx\/portal\/wp-json\/wp\/v2\/posts"}],"about":[{"href":"https:\/\/losperiodistas.com.mx\/portal\/wp-json\/wp\/v2\/types\/post"}],"author":[{"embeddable":true,"href":"https:\/\/losperiodistas.com.mx\/portal\/wp-json\/wp\/v2\/users\/1"}],"replies":[{"embeddable":true,"href":"https:\/\/losperiodistas.com.mx\/portal\/wp-json\/wp\/v2\/comments?post=32840"}],"version-history":[{"count":1,"href":"https:\/\/losperiodistas.com.mx\/portal\/wp-json\/wp\/v2\/posts\/32840\/revisions"}],"predecessor-version":[{"id":32842,"href":"https:\/\/losperiodistas.com.mx\/portal\/wp-json\/wp\/v2\/posts\/32840\/revisions\/32842"}],"wp:featuredmedia":[{"embeddable":true,"href":"https:\/\/losperiodistas.com.mx\/portal\/wp-json\/wp\/v2\/media\/32841"}],"wp:attachment":[{"href":"https:\/\/losperiodistas.com.mx\/portal\/wp-json\/wp\/v2\/media?parent=32840"}],"wp:term":[{"taxonomy":"category","embeddable":true,"href":"https:\/\/losperiodistas.com.mx\/portal\/wp-json\/wp\/v2\/categories?post=32840"},{"taxonomy":"post_tag","embeddable":true,"href":"https:\/\/losperiodistas.com.mx\/portal\/wp-json\/wp\/v2\/tags?post=32840"}],"curies":[{"name":"wp","href":"https:\/\/api.w.org\/{rel}","templated":true}]}}