{"id":32837,"date":"2022-07-24T07:58:15","date_gmt":"2022-07-24T12:58:15","guid":{"rendered":"http:\/\/losperiodistas.com.mx\/portal\/?p=32837"},"modified":"2022-07-24T07:58:17","modified_gmt":"2022-07-24T12:58:17","slug":"covid-en-mexico-ssa-reporta-28-mil-539-mil-contagios-en-24-horas-unotv","status":"publish","type":"post","link":"https:\/\/losperiodistas.com.mx\/portal\/covid-en-mexico-ssa-reporta-28-mil-539-mil-contagios-en-24-horas-unotv\/","title":{"rendered":"COVID en M\u00e9xico: SSa reporta 28 mil 539 mil contagios en 24 horas\u00a0| UnoTv"},"content":{"rendered":"\n<figure class=\"wp-block-image size-large is-style-default\"><img fetchpriority=\"high\" decoding=\"async\" width=\"1024\" height=\"576\" src=\"https:\/\/losperiodistas.com.mx\/portal\/wp-content\/uploads\/2022\/07\/mexico-contagios-covid-195744-1024x576.jpeg\" alt=\"\" class=\"wp-image-32838\" srcset=\"https:\/\/losperiodistas.com.mx\/portal\/wp-content\/uploads\/2022\/07\/mexico-contagios-covid-195744-1024x576.jpeg 1024w, https:\/\/losperiodistas.com.mx\/portal\/wp-content\/uploads\/2022\/07\/mexico-contagios-covid-195744-300x169.jpeg 300w, https:\/\/losperiodistas.com.mx\/portal\/wp-content\/uploads\/2022\/07\/mexico-contagios-covid-195744-768x432.jpeg 768w, https:\/\/losperiodistas.com.mx\/portal\/wp-content\/uploads\/2022\/07\/mexico-contagios-covid-195744.jpeg 1200w\" sizes=\"(max-width: 1024px) 100vw, 1024px\" \/><figcaption>La Secretar\u00eda de Salud pide a la poblaci\u00f3n mantener las medidas b\u00e1sicas de prevenci\u00f3n. Foto: Cuartoscurotwi<\/figcaption><\/figure>\n\n\n\n<p><\/p>\n\n\n\n<p class=\"has-vivid-cyan-blue-color has-text-color has-medium-font-size\">UNO TV<\/p>\n\n\n\n<p>De acuerdo con el\u00a0<strong>Informe T\u00e9cnico diario\u00a0<\/strong>emitido por la<strong>\u00a0Secretar\u00eda de Salud federal<\/strong>, en las \u00faltimas 24 horas fueron notificados 28 mil 539 mil\u00a0<a href=\"https:\/\/www.unotv.com\/nacional\/quinta-ola-de-covid-cifras-del-20-de-julio-de-2022-hay-107-muertes-ve-estados-con-mas-casos\/\" target=\"_blank\" rel=\"noreferrer noopener\">contagios<\/a>.<\/p>\n\n\n\n<p>En lo que va de la pandemia, han sido notificados m\u00e1s\u00a0<strong>de 6 millones 617 mil 393 casos totales y 327 mil 073 defunciones<\/strong>\u00a0por COVID.<\/p>\n\n\n\n<figure class=\"wp-block-embed is-type-rich is-provider-twitter wp-block-embed-twitter\"><div class=\"wp-block-embed__wrapper\">\n<blockquote class=\"twitter-tweet\" data-width=\"500\" data-dnt=\"true\"><p lang=\"es\" dir=\"ltr\">Comunicado T\u00e9cnico Diario <a href=\"https:\/\/twitter.com\/hashtag\/COVID19?src=hash&amp;ref_src=twsrc%5Etfw\">#COVID19<\/a> | 23 de julio del 2022 <br><br>\u27a1\ufe0f <a href=\"https:\/\/t.co\/1thZT0jWwQ\">https:\/\/t.co\/1thZT0jWwQ<\/a> <a href=\"https:\/\/t.co\/HpsajThVXq\">pic.twitter.com\/HpsajThVXq<\/a><\/p>&mdash; SALUD M\u00e9xico (@SSalud_mx) <a href=\"https:\/\/twitter.com\/SSalud_mx\/status\/1550973084538134528?ref_src=twsrc%5Etfw\">July 23, 2022<\/a><\/blockquote><script async src=\"https:\/\/platform.twitter.com\/widgets.js\" charset=\"utf-8\"><\/script>\n<\/div><\/figure>\n\n\n\n<h2 class=\"wp-block-heading\" id=\"h-entidades-con-mayor-numero-de-casos-activos-por-covid\">Entidades con mayor n\u00famero de casos activos por COVID&nbsp;<\/h2>\n\n\n\n<p>La dependencia federal enlist\u00f3 las 10 entidades federativas con el\u00a0<a href=\"https:\/\/www.unotv.com\/estados\/tamaulipas\/tamaulipas-vuelve-al-color-rojo-en-semaforo-de-covid-19\/\" target=\"_blank\" rel=\"noreferrer noopener\">mayor n\u00famero de casos activos<\/a>, que son:<\/p>\n\n\n\n<ul class=\"wp-block-list\"><li>Ciudad de M\u00e9xico<\/li><li>Colima<\/li><li>Baja California Sur<\/li><li>Quer\u00e9taro<\/li><li>San Luis Potos\u00ed<\/li><li>Sinaloa<\/li><li>Coahuila<\/li><li>Tabasco<\/li><li>Tlaxcala<\/li><li>Nuevo Le\u00f3n<\/li><\/ul>\n\n\n\n<h2 class=\"wp-block-heading\">Ocupaci\u00f3n de camas para pacientes cr\u00edticos se mantiene en 5%<\/h2>\n\n\n\n<p>En los \u00faltimos seis d\u00edas se ha mantenido en cinco por ciento la ocupaci\u00f3n de camas con ventilador mec\u00e1nico para pacientes en\u00a0<strong>estado cr\u00edtico por COVID-19<\/strong>, mientras que la demanda de camas generales se ubica en 19 por ciento, inform\u00f3 la Secretar\u00eda de Salud.<\/p>\n\n\n\n<p>La\u00a0<strong>semana epidemiol\u00f3gica 28,<\/strong>\u00a0que abarca del 10 al 16 julio, cierra con un promedio diario de 24 mil 284 personas contagiadas por COVID-19 y 42 defunciones.<\/p>\n\n\n\n<figure class=\"wp-block-embed is-type-rich is-provider-twitter wp-block-embed-twitter\"><div class=\"wp-block-embed__wrapper\">\n<blockquote class=\"twitter-tweet\" data-width=\"500\" data-dnt=\"true\"><p lang=\"es\" dir=\"ltr\"><a href=\"https:\/\/twitter.com\/hashtag\/ComunicadoSalud?src=hash&amp;ref_src=twsrc%5Etfw\">#ComunicadoSalud<\/a><br><br>Durante esta semana, ocupaci\u00f3n de camas para pacientes cr\u00edticos COVID-19 se mantiene en 5%<br><br>\u27a1\ufe0f <a href=\"https:\/\/t.co\/XvXRCdWVN4\">https:\/\/t.co\/XvXRCdWVN4<\/a> <a href=\"https:\/\/t.co\/eHAcYSDbHr\">pic.twitter.com\/eHAcYSDbHr<\/a><\/p>&mdash; SALUD M\u00e9xico (@SSalud_mx) <a href=\"https:\/\/twitter.com\/SSalud_mx\/status\/1550990152700411907?ref_src=twsrc%5Etfw\">July 23, 2022<\/a><\/blockquote><script async src=\"https:\/\/platform.twitter.com\/widgets.js\" charset=\"utf-8\"><\/script>\n<\/div><\/figure>\n\n\n\n<p>La dependencia recomienda a la poblaci\u00f3n que, en caso de presentar s\u00edntomas de COVID-19, debe aislarse por al menos siete d\u00edas y estar pendiente de la evoluci\u00f3n de la enfermedad.<\/p>\n\n\n\n<h2 class=\"wp-block-heading\">Medidas contra el coronavirus<\/h2>\n\n\n\n<p>La Secretar\u00eda de Salud pide a la poblaci\u00f3n mantener las&nbsp;<a href=\"https:\/\/www.unotv.com\/nacional\/por-aumento-de-covid-19-estados-del-pais-cambian-sus-medidas\/\" target=\"_blank\" rel=\"noreferrer noopener\">medidas b\u00e1sicas de prevenci\u00f3n<\/a>:<strong>&nbsp;uso correcto de cubrebocas<\/strong>&nbsp;donde sea necesario y de acuerdo con las medidas dispuestas en cada localidad, as\u00ed como sana distancia, lavado frecuente de manos con agua y jab\u00f3n o aplicaci\u00f3n de alcohol-gel y ventilaci\u00f3n de espacios.<\/p>\n\n\n\n<h2 class=\"wp-block-heading\">Vacuna contra COVID-19<\/h2>\n\n\n\n<p>En el sitio mivacuna.salud.gob.mx, contin\u00faa abierto el registro para la vacunaci\u00f3n universal contra<a href=\"https:\/\/www.unotv.com\/estados\/ciudad-de-mexico\/segunda-dosis-de-vacuna-covid-19-a-ninos-de-12-a-14-anos-en-cdmx\/\" target=\"_blank\" rel=\"noreferrer noopener\">\u00a0COVID-19 de ni\u00f1as y ni\u00f1os<\/a>\u00a0de 5 a 11 a\u00f1os,\u00a0 adolescentes, as\u00ed como personas adultas que a\u00fan faltan de iniciar o completar esquemas o refuerzo.<\/p>\n\n\n\n<p>Fuente: https:\/\/www.unotv.com\/nacional\/covid-en-mexico-ssa-reporta-28-mil-539-mil-contagios-en-24-horas-23-julio-2022\/<\/p>\n","protected":false},"excerpt":{"rendered":"<p>UNO TV De acuerdo con el\u00a0Informe T\u00e9cnico diario\u00a0emitido por la\u00a0Secretar\u00eda de Salud federal, en las \u00faltimas 24 horas fueron notificados [&hellip;]<\/p>\n","protected":false},"author":1,"featured_media":32838,"comment_status":"open","ping_status":"open","sticky":false,"template":"","format":"standard","meta":{"site-sidebar-layout":"default","site-content-layout":"","ast-site-content-layout":"default","site-content-style":"default","site-sidebar-style":"default","ast-global-header-display":"","ast-banner-title-visibility":"","ast-main-header-display":"","ast-hfb-above-header-display":"","ast-hfb-below-header-display":"","ast-hfb-mobile-header-display":"","site-post-title":"","ast-breadcrumbs-content":"","ast-featured-img":"","footer-sml-layout":"","theme-transparent-header-meta":"","adv-header-id-meta":"","stick-header-meta":"","header-above-stick-meta":"","header-main-stick-meta":"","header-below-stick-meta":"","astra-migrate-meta-layouts":"default","ast-page-background-enabled":"default","ast-page-background-meta":{"desktop":{"background-color":"var(--ast-global-color-4)","background-image":"","background-repeat":"repeat","background-position":"center center","background-size":"auto","background-attachment":"scroll","background-type":"","background-media":"","overlay-type":"","overlay-color":"","overlay-opacity":"","overlay-gradient":""},"tablet":{"background-color":"","background-image":"","background-repeat":"repeat","background-position":"center center","background-size":"auto","background-attachment":"scroll","background-type":"","background-media":"","overlay-type":"","overlay-color":"","overlay-opacity":"","overlay-gradient":""},"mobile":{"background-color":"","background-image":"","background-repeat":"repeat","background-position":"center center","background-size":"auto","background-attachment":"scroll","background-type":"","background-media":"","overlay-type":"","overlay-color":"","overlay-opacity":"","overlay-gradient":""}},"ast-content-background-meta":{"desktop":{"background-color":"var(--ast-global-color-5)","background-image":"","background-repeat":"repeat","background-position":"center center","background-size":"auto","background-attachment":"scroll","background-type":"","background-media":"","overlay-type":"","overlay-color":"","overlay-opacity":"","overlay-gradient":""},"tablet":{"background-color":"var(--ast-global-color-5)","background-image":"","background-repeat":"repeat","background-position":"center center","background-size":"auto","background-attachment":"scroll","background-type":"","background-media":"","overlay-type":"","overlay-color":"","overlay-opacity":"","overlay-gradient":""},"mobile":{"background-color":"var(--ast-global-color-5)","background-image":"","background-repeat":"repeat","background-position":"center center","background-size":"auto","background-attachment":"scroll","background-type":"","background-media":"","overlay-type":"","overlay-color":"","overlay-opacity":"","overlay-gradient":""}},"footnotes":""},"categories":[8],"tags":[1536,10714],"class_list":["post-32837","post","type-post","status-publish","format-standard","has-post-thumbnail","hentry","category-noticias","tag-covid-19-mexico","tag-quinta-ola"],"_links":{"self":[{"href":"https:\/\/losperiodistas.com.mx\/portal\/wp-json\/wp\/v2\/posts\/32837","targetHints":{"allow":["GET"]}}],"collection":[{"href":"https:\/\/losperiodistas.com.mx\/portal\/wp-json\/wp\/v2\/posts"}],"about":[{"href":"https:\/\/losperiodistas.com.mx\/portal\/wp-json\/wp\/v2\/types\/post"}],"author":[{"embeddable":true,"href":"https:\/\/losperiodistas.com.mx\/portal\/wp-json\/wp\/v2\/users\/1"}],"replies":[{"embeddable":true,"href":"https:\/\/losperiodistas.com.mx\/portal\/wp-json\/wp\/v2\/comments?post=32837"}],"version-history":[{"count":1,"href":"https:\/\/losperiodistas.com.mx\/portal\/wp-json\/wp\/v2\/posts\/32837\/revisions"}],"predecessor-version":[{"id":32839,"href":"https:\/\/losperiodistas.com.mx\/portal\/wp-json\/wp\/v2\/posts\/32837\/revisions\/32839"}],"wp:featuredmedia":[{"embeddable":true,"href":"https:\/\/losperiodistas.com.mx\/portal\/wp-json\/wp\/v2\/media\/32838"}],"wp:attachment":[{"href":"https:\/\/losperiodistas.com.mx\/portal\/wp-json\/wp\/v2\/media?parent=32837"}],"wp:term":[{"taxonomy":"category","embeddable":true,"href":"https:\/\/losperiodistas.com.mx\/portal\/wp-json\/wp\/v2\/categories?post=32837"},{"taxonomy":"post_tag","embeddable":true,"href":"https:\/\/losperiodistas.com.mx\/portal\/wp-json\/wp\/v2\/tags?post=32837"}],"curies":[{"name":"wp","href":"https:\/\/api.w.org\/{rel}","templated":true}]}}