{"id":3282,"date":"2021-01-13T07:43:48","date_gmt":"2021-01-13T13:43:48","guid":{"rendered":"http:\/\/losperiodistas.com.mx\/portal\/?p=3282"},"modified":"2021-01-13T07:43:48","modified_gmt":"2021-01-13T13:43:48","slug":"amlo-versus-trump-forbes","status":"publish","type":"post","link":"https:\/\/losperiodistas.com.mx\/portal\/amlo-versus-trump-forbes\/","title":{"rendered":"AMLO versus Trump | Forbes"},"content":{"rendered":"\n<p style=\"font-size:18px\"><em>De cara a la elecci\u00f3n del 6 de junio, hay quienes equiparan la gesti\u00f3n y el destino de ambos pol\u00edticos incluyendo el fracaso en las urnas. \u00bfPero qu\u00e9 tan ciertas son tales afirmaciones?<\/em><\/p>\n\n\n\n<p class=\"has-vivid-cyan-blue-color has-text-color has-medium-font-size\">PALMIRA TAPIA PALACIOS \/ FORBES<\/p>\n\n\n\n<p>La relaci\u00f3n entre los presidentes de M\u00e9xico y Estados Unidos puede ser narrada desde dos visiones absolutamente opuestas. La primera gira en torno a la relaci\u00f3n de respeto, incluso de amistad, que el mandatario mexicano logr\u00f3 construir desde su llegada a la presidencia, uno de cuyos actos m\u00e1s simb\u00f3licos fue la visita de L\u00f3pez Obrador a la Casa Blanca, en medio de la pandemia y a unos meses de la decisiva elecci\u00f3n norteamericana. La segunda visi\u00f3n habla de excesiva complacencia, claudicaci\u00f3n, complicidad y otros adjetivos poco afortunados para describir la relaci\u00f3n entre ambos pol\u00edticos, en cuyo relato es tomado como ep\u00edtome la no felicitaci\u00f3n o la felicitaci\u00f3n tard\u00eda al dem\u00f3crata Joe Biden por parte de los Pinos.<\/p>\n\n\n\n<p>A la luz de la elecci\u00f3n del pr\u00f3ximo 6 de junio es f\u00e1cil decir que AMLO y Trump son esencialmente el mismo tipo de pol\u00edticos y que el espejo del \u00faltimo ser\u00e1 el mismo o muy cercano con el que se mirar\u00e1 el presidente mexicano al final de su administraci\u00f3n. Incluso, los asaltos perpetrados en los \u00faltimos d\u00edas al Capitolio han sido tomados para augurar que as\u00ed veremos a Palacio Nacional en 2024, ante un eventual fracaso del proyecto del Presidente en las urnas.<\/p>\n\n\n\n<p>Sin embargo, son varias las cr\u00edticas que podemos hacer a este tipo de conclusiones. La primera tiene que ver con la premisa de equiparar al Presidente L\u00f3pez Obrador con Donald Trump por considerar que ambos son&nbsp;<em>populistas<\/em>. El problema es que esta categor\u00eda es tan amplia e ideol\u00f3gicamente tan ricamente vers\u00e1til, que no puede ser tomada como argumento suficiente para igualar ambos personajes, con lo que se deja de lado sus proyectos pol\u00edticos, ambos tan distantes que, en un primer momento, sirvieron para auspiciar una fracasada y peligrosa relaci\u00f3n entre ambos presidentes. Curiosamente, quienes hac\u00edan tan ominosos vaticinios son los mismos que hoy ya vislumbran una relaci\u00f3n fracasada del presidente mexicano con el presidente electo n\u00famero 46 de los Estados Unidos.<\/p>\n\n\n\n<p>Y es que hablar de gobernantes populistas parece estar de moda. Y las m\u00e1s de las veces el concepto es usado para conjurar los peligros de cualquier alternativa pol\u00edtica que se declare contraria a una pol\u00edtica de corte neoliberal.<\/p>\n\n\n\n<p>En segundo lugar, en los intentos de poner en la misma categor\u00eda de pol\u00edticos a Trump y AMLO hay m\u00e1s sentimiento que rigor anal\u00edtico, al querer ver ya en cuenta regresiva el futuro de L\u00f3pez Obrador y el proyecto de la Cuarta Transformaci\u00f3n. Si hay un piso com\u00fan entre ambos pol\u00edticos es el tipo de pa\u00edses que ambos gobiernan: sociedades marcadas con profundas \u201cgrietas\u201d sociales, las cuales tienen su propia explicaci\u00f3n hist\u00f3rica que solo de manera falaz puede reducirse a que ambos pol\u00edticos son los creadores de la crisis social y la polarizaci\u00f3n pol\u00edtica por la que pasan ambas naciones.<\/p>\n\n\n\n<p><a href=\"https:\/\/www.forbes.com.mx\/tag\/coronavirus\"><em>Sigue en esta secci\u00f3n el avance contra la pandemia en M\u00e9xico y el mundo<\/em><\/a><\/p>\n\n\n\n<p>Trump dejar\u00e1 de ser presidente en solo unos d\u00edas. Para M\u00e9xico continua el reto hist\u00f3rico de llevar una relaci\u00f3n conveniente con su vecino del norte. Veremos cambios en la relaci\u00f3n bilateral pero quiz\u00e1 \u00e9stos sean m\u00e1s de forma que de fondo, pues por encima del factor Trump, dem\u00f3cratas y republicanos son partidos que se han alternado en el poder, en tanto que Joe Biden estar\u00e1 m\u00e1s ocupado en gobernar su pa\u00eds en el que 74.2 millones de votos fueron a favor de Trump.<\/p>\n\n\n\n<p>Con los costos de la gesti\u00f3n de la pandemia a cuestas y a unos meses de que se juegue el apoyo legislativo en la C\u00e1mara de Diputados, podemos esperar que AMLO siga administrando sus relaciones con el Presidente de Estados Unidos de manera pragm\u00e1tica. Y en ello el secretario de Relaciones Exteriores, Marcelo Ebrard, seguir\u00e1 siendo un actor clave.<\/p>\n\n\n\n<p><a href=\"http:\/\/bit.ly\/2smr5VR\"><em>S\u00edguenos en Google Noticias para mantenerte siempre informado<\/em><\/a><\/p>\n\n\n\n<p><strong>Contacto:<\/strong><\/p>\n\n\n\n<p><em>Maestra en Pol\u00edticas P\u00fablicas por la Universidad de Oxford y Licenciada en Ciencia Pol\u00edticas y Relaciones Internacionales, por el Centro de Investigaci\u00f3n y Docencia Econ\u00f3micas (CIDE).<\/em><\/p>\n\n\n\n<p><strong>Twitter:&nbsp;<\/strong><a href=\"https:\/\/twitter.com\/palmiratapia?lang=es\" target=\"_blank\" rel=\"noreferrer noopener\"><strong>@palmiratapia<\/strong><\/a><\/p>\n\n\n\n<p><em><strong>Las opiniones expresadas son s\u00f3lo responsabilidad de sus autores y son completamente independientes de la postura y la l\u00ednea editorial de\u00a0Forbes M\u00e9xico.<\/strong><\/em><\/p>\n\n\n\n<p>Fuente: https:\/\/www.forbes.com.mx\/red-forbes-amlo-versus-trump\/<\/p>\n","protected":false},"excerpt":{"rendered":"<p>De cara a la elecci\u00f3n del 6 de junio, hay quienes equiparan la gesti\u00f3n y el destino de ambos pol\u00edticos [&hellip;]<\/p>\n","protected":false},"author":1,"featured_media":3283,"comment_status":"open","ping_status":"open","sticky":false,"template":"","format":"standard","meta":{"site-sidebar-layout":"default","site-content-layout":"","ast-site-content-layout":"default","site-content-style":"default","site-sidebar-style":"default","ast-global-header-display":"","ast-banner-title-visibility":"","ast-main-header-display":"","ast-hfb-above-header-display":"","ast-hfb-below-header-display":"","ast-hfb-mobile-header-display":"","site-post-title":"","ast-breadcrumbs-content":"","ast-featured-img":"","footer-sml-layout":"","theme-transparent-header-meta":"","adv-header-id-meta":"","stick-header-meta":"","header-above-stick-meta":"","header-main-stick-meta":"","header-below-stick-meta":"","astra-migrate-meta-layouts":"default","ast-page-background-enabled":"default","ast-page-background-meta":{"desktop":{"background-color":"var(--ast-global-color-4)","background-image":"","background-repeat":"repeat","background-position":"center center","background-size":"auto","background-attachment":"scroll","background-type":"","background-media":"","overlay-type":"","overlay-color":"","overlay-opacity":"","overlay-gradient":""},"tablet":{"background-color":"","background-image":"","background-repeat":"repeat","background-position":"center center","background-size":"auto","background-attachment":"scroll","background-type":"","background-media":"","overlay-type":"","overlay-color":"","overlay-opacity":"","overlay-gradient":""},"mobile":{"background-color":"","background-image":"","background-repeat":"repeat","background-position":"center center","background-size":"auto","background-attachment":"scroll","background-type":"","background-media":"","overlay-type":"","overlay-color":"","overlay-opacity":"","overlay-gradient":""}},"ast-content-background-meta":{"desktop":{"background-color":"var(--ast-global-color-5)","background-image":"","background-repeat":"repeat","background-position":"center center","background-size":"auto","background-attachment":"scroll","background-type":"","background-media":"","overlay-type":"","overlay-color":"","overlay-opacity":"","overlay-gradient":""},"tablet":{"background-color":"var(--ast-global-color-5)","background-image":"","background-repeat":"repeat","background-position":"center center","background-size":"auto","background-attachment":"scroll","background-type":"","background-media":"","overlay-type":"","overlay-color":"","overlay-opacity":"","overlay-gradient":""},"mobile":{"background-color":"var(--ast-global-color-5)","background-image":"","background-repeat":"repeat","background-position":"center center","background-size":"auto","background-attachment":"scroll","background-type":"","background-media":"","overlay-type":"","overlay-color":"","overlay-opacity":"","overlay-gradient":""}},"footnotes":""},"categories":[8],"tags":[],"class_list":["post-3282","post","type-post","status-publish","format-standard","has-post-thumbnail","hentry","category-noticias"],"_links":{"self":[{"href":"https:\/\/losperiodistas.com.mx\/portal\/wp-json\/wp\/v2\/posts\/3282","targetHints":{"allow":["GET"]}}],"collection":[{"href":"https:\/\/losperiodistas.com.mx\/portal\/wp-json\/wp\/v2\/posts"}],"about":[{"href":"https:\/\/losperiodistas.com.mx\/portal\/wp-json\/wp\/v2\/types\/post"}],"author":[{"embeddable":true,"href":"https:\/\/losperiodistas.com.mx\/portal\/wp-json\/wp\/v2\/users\/1"}],"replies":[{"embeddable":true,"href":"https:\/\/losperiodistas.com.mx\/portal\/wp-json\/wp\/v2\/comments?post=3282"}],"version-history":[{"count":1,"href":"https:\/\/losperiodistas.com.mx\/portal\/wp-json\/wp\/v2\/posts\/3282\/revisions"}],"predecessor-version":[{"id":3284,"href":"https:\/\/losperiodistas.com.mx\/portal\/wp-json\/wp\/v2\/posts\/3282\/revisions\/3284"}],"wp:featuredmedia":[{"embeddable":true,"href":"https:\/\/losperiodistas.com.mx\/portal\/wp-json\/wp\/v2\/media\/3283"}],"wp:attachment":[{"href":"https:\/\/losperiodistas.com.mx\/portal\/wp-json\/wp\/v2\/media?parent=3282"}],"wp:term":[{"taxonomy":"category","embeddable":true,"href":"https:\/\/losperiodistas.com.mx\/portal\/wp-json\/wp\/v2\/categories?post=3282"},{"taxonomy":"post_tag","embeddable":true,"href":"https:\/\/losperiodistas.com.mx\/portal\/wp-json\/wp\/v2\/tags?post=3282"}],"curies":[{"name":"wp","href":"https:\/\/api.w.org\/{rel}","templated":true}]}}