{"id":32809,"date":"2022-07-21T18:00:42","date_gmt":"2022-07-21T23:00:42","guid":{"rendered":"http:\/\/losperiodistas.com.mx\/portal\/?p=32809"},"modified":"2022-07-23T09:54:09","modified_gmt":"2022-07-23T14:54:09","slug":"iturbide-heroe-o-traidor","status":"publish","type":"post","link":"https:\/\/losperiodistas.com.mx\/portal\/iturbide-heroe-o-traidor\/","title":{"rendered":"Iturbide \u00bfh\u00e9roe o traidor?"},"content":{"rendered":"\n<p class=\"has-medium-font-size\">*Se cumplen 200 a\u00f1os de su coronaci\u00f3n como Emperador de M\u00e9xico<\/p>\n\n\n\n<p><\/p>\n\n\n\n<figure class=\"wp-block-image size-full is-style-default\"><img fetchpriority=\"high\" decoding=\"async\" width=\"500\" height=\"333\" src=\"https:\/\/losperiodistas.com.mx\/portal\/wp-content\/uploads\/2022\/07\/JAIME-OLVEDA-HISTORIADOR.jpeg\" alt=\"\" class=\"wp-image-32810\" srcset=\"https:\/\/losperiodistas.com.mx\/portal\/wp-content\/uploads\/2022\/07\/JAIME-OLVEDA-HISTORIADOR.jpeg 500w, https:\/\/losperiodistas.com.mx\/portal\/wp-content\/uploads\/2022\/07\/JAIME-OLVEDA-HISTORIADOR-300x200.jpeg 300w\" sizes=\"(max-width: 500px) 100vw, 500px\" \/><\/figure>\n\n\n\n<p class=\"has-vivid-cyan-blue-color has-text-color\" style=\"font-size:26px\"><strong><em>Por Ra\u00fal Torres Salmer\u00f3n<\/em><\/strong><\/p>\n\n\n\n<p>Este 21 de julio de 2022, se cumplen 200 a\u00f1os de la coronaci\u00f3n como Emperador de M\u00e9xico de Agust\u00edn de Iturbide en la Catedral de M\u00e9xico.<\/p>\n\n\n\n<p>David Carbajal L\u00f3pez, de la Universidad de Guadalajara, realiz\u00f3 un estudio titulado muy largo: Una Liturgia de Ruptura: El Ceremonial de Consagraci\u00f3n y Coronaci\u00f3n de Agust\u00edn I fue una Ceremonia Original por su Novedad y por el Car\u00e1cter Constitucional del Monarca.<\/p>\n\n\n\n<p>Describe que la coronaci\u00f3n, insertada en la tradici\u00f3n hisp\u00e1nica pero la ceremonia romp\u00eda con ella, pues el principal ceremonial de exaltaci\u00f3n del monarca espa\u00f1ol hab\u00eda sido su entrada p\u00fablica en la Corte, reproducida en Am\u00e9rica a trav\u00e9s de la proclamaci\u00f3n y paseo del Real Pend\u00f3n.<\/p>\n\n\n\n<p>Adem\u00e1s, el ceremonial retom\u00f3 ampliamente el utilizado por Napole\u00f3n Bonaparte en 1804, enlaz\u00e1ndose as\u00ed con la tradici\u00f3n francesa de la coronaci\u00f3n de Reims y copiando los gestos que marcaban la distancia entre el emperador y el clero. Los redactores del ceremonial dieron tambi\u00e9n una importante visibilidad al Congreso, representante de la soberan\u00eda nacional.<\/p>\n\n\n\n<p>Jaime Olveda Legaspi es un historiador, acad\u00e9mico, investigador y editor mexicano. Doctor en Historia por la Universidad Nacional Aut\u00f3noma de M\u00e9xico (UNAM), Investigador del Colegio de Jalisco y autor de varios libros.<\/p>\n\n\n\n<p>Siempre ha defendido la postura de Agust\u00edn de Iturbide como Libertador de M\u00e9xico y Consumador de la Independencia. Olveda Legaspi resume as\u00ed su defensa de Iturbide:<\/p>\n\n\n\n<p>-La mayor\u00eda de los mexicanos comparten un error hist\u00f3rico muy grave, el no reconocer a Agust\u00edn de Iturbide (1783-1824), como el Libertador de M\u00e9xico, por prejuicios ideol\u00f3gicos heredados desde el siglo XIX.<\/p>\n\n\n\n<p>-Es justo que se revalore a este militar y pol\u00edtico novohispano como el h\u00e9roe que supo llevar a su fin la Independencia. No podemos leer la historia con los ojos del siglo XIX. Es tiempo de mirar esos acontecimientos desde el siglo XXI. No pasar\u00e1 nada si se corrige ese error hist\u00f3rico.<\/p>\n\n\n\n<p>-Sin demeritar lo que hicieron Miguel Hidalgo, quien inici\u00f3 la Guerra por la Independencia el 16 de septiembre de 1810, Jos\u00e9 Mar\u00eda Morelos y Vicente Guerrero, debemos tener claro que el libertador fue Iturbide, quien consum\u00f3 este movimiento el 27 de septiembre de 1821, que es cuando realmente debemos festejar.<\/p>\n\n\n\n<p>-En tres libros sobre la consumaci\u00f3n de la Independencia trato de explicar c\u00f3mo los liberales de la \u00e9poca que no coincid\u00edan con Iturbide, le crearon una imagen distorsionada, borraron la fecha del calendario c\u00edvico y se nos olvid\u00f3 a los mexicanos.<\/p>\n\n\n\n<p>-En M\u00e9xico no hablamos de Libertador, como en Sudam\u00e9rica, pues esa palabra incomod\u00f3 mucho a los liberales y no se la adjudicaron a nadie, pues no pod\u00edan ver a Iturbide porque defendi\u00f3 la religi\u00f3n, pero tambi\u00e9n lo hicieron Hidalgo y Morelos. Por eso ofrecieron una versi\u00f3n de la historia distorsionada, oscura, pues gobernaron la mayor parte de la segunda mitad del siglo XIX. Lo identificaron como un conservador y un reaccionario.<\/p>\n\n\n\n<p>-Iturbide fue un aguerrido militar realista que combati\u00f3 a la insurgencia, pero cambi\u00f3 porque la guerra ya hab\u00eda cansado a realistas e insurgentes. Las fuentes de abastecimiento de ambos ej\u00e9rcitos se hab\u00edan acabado para 1820, pues la econom\u00eda de la Nueva Espa\u00f1a estaba arruinada.<\/p>\n\n\n\n<p>-Ambos bandos sab\u00edan que esta guerra no tendr\u00eda fin, que era muy desgastante y nadie venc\u00eda a nadie. Era necesario consumar la Independencia por otros medios, no con las armas, sino con el acuerdo, el consenso y las alianzas. Iturbide se percat\u00f3 de que la Independencia se iba a lograr tarde o temprano y que no ten\u00eda caso prolongar una guerra sin sentido.<\/p>\n\n\n\n<p>-Supo ver que para liberarse de la Corona espa\u00f1ola ya no hab\u00eda que invocar al odio y al resentimiento, por lo que proclam\u00f3 la uni\u00f3n de todos, insurgentes, realistas, indios, castas y empez\u00f3 a hacer el Plan de Iguala.<\/p>\n\n\n\n<p>-Mand\u00f3 copias de este documento a todas las provincias, se entrevist\u00f3 con Vicente Guerrero, lo convenci\u00f3 de que se uniera al nuevo ej\u00e9rcito que cre\u00f3, el Trigarante, que defend\u00eda como garant\u00edas la Religi\u00f3n cat\u00f3lica, la Independencia y la Uni\u00f3n. Hizo pr\u00e1cticamente una nueva Revoluci\u00f3n.<\/p>\n\n\n\n<p>Hasta aqu\u00ed la postura del investigador, que ha sido entrevistado por diversos medios. \u00bfUsted qu\u00e9 opina sobre Iturbide?<\/p>\n\n\n\n<p>En fin, como escribieron Jaime Nun\u00f3 y Francisco Gonz\u00e1lez Bocanegra la original Estrofa VII del Himno Nacional Mexicano:<\/p>\n\n\n\n<p>Si a la lid contra hueste enemiga<\/p>\n\n\n\n<p>nos convoca la trompa guerrera,<\/p>\n\n\n\n<p>de Iturbide la sacra bandera,<\/p>\n\n\n\n<p>\u00a1Mexicanos! valientes seguid.<\/p>\n\n\n\n<p>Y a los fieros bridones les sirvan<\/p>\n\n\n\n<p>las vencidas ense\u00f1as de alfombra;<\/p>\n\n\n\n<p>los laureles del triunfo den sombra<\/p>\n\n\n\n<p>a la frente del bravo adalid.<\/p>\n\n\n\n<p>raultorress@hotmail.com<\/p>\n","protected":false},"excerpt":{"rendered":"<p>*Se cumplen 200 a\u00f1os de su coronaci\u00f3n como Emperador de M\u00e9xico Por Ra\u00fal Torres Salmer\u00f3n Este 21 de julio de [&hellip;]<\/p>\n","protected":false},"author":1,"featured_media":32810,"comment_status":"open","ping_status":"open","sticky":false,"template":"","format":"standard","meta":{"site-sidebar-layout":"default","site-content-layout":"","ast-site-content-layout":"default","site-content-style":"default","site-sidebar-style":"default","ast-global-header-display":"","ast-banner-title-visibility":"","ast-main-header-display":"","ast-hfb-above-header-display":"","ast-hfb-below-header-display":"","ast-hfb-mobile-header-display":"","site-post-title":"","ast-breadcrumbs-content":"","ast-featured-img":"","footer-sml-layout":"","theme-transparent-header-meta":"","adv-header-id-meta":"","stick-header-meta":"","header-above-stick-meta":"","header-main-stick-meta":"","header-below-stick-meta":"","astra-migrate-meta-layouts":"default","ast-page-background-enabled":"default","ast-page-background-meta":{"desktop":{"background-color":"var(--ast-global-color-4)","background-image":"","background-repeat":"repeat","background-position":"center center","background-size":"auto","background-attachment":"scroll","background-type":"","background-media":"","overlay-type":"","overlay-color":"","overlay-opacity":"","overlay-gradient":""},"tablet":{"background-color":"","background-image":"","background-repeat":"repeat","background-position":"center center","background-size":"auto","background-attachment":"scroll","background-type":"","background-media":"","overlay-type":"","overlay-color":"","overlay-opacity":"","overlay-gradient":""},"mobile":{"background-color":"","background-image":"","background-repeat":"repeat","background-position":"center center","background-size":"auto","background-attachment":"scroll","background-type":"","background-media":"","overlay-type":"","overlay-color":"","overlay-opacity":"","overlay-gradient":""}},"ast-content-background-meta":{"desktop":{"background-color":"var(--ast-global-color-5)","background-image":"","background-repeat":"repeat","background-position":"center center","background-size":"auto","background-attachment":"scroll","background-type":"","background-media":"","overlay-type":"","overlay-color":"","overlay-opacity":"","overlay-gradient":""},"tablet":{"background-color":"var(--ast-global-color-5)","background-image":"","background-repeat":"repeat","background-position":"center center","background-size":"auto","background-attachment":"scroll","background-type":"","background-media":"","overlay-type":"","overlay-color":"","overlay-opacity":"","overlay-gradient":""},"mobile":{"background-color":"var(--ast-global-color-5)","background-image":"","background-repeat":"repeat","background-position":"center center","background-size":"auto","background-attachment":"scroll","background-type":"","background-media":"","overlay-type":"","overlay-color":"","overlay-opacity":"","overlay-gradient":""}},"footnotes":""},"categories":[8,19],"tags":[11521],"class_list":["post-32809","post","type-post","status-publish","format-standard","has-post-thumbnail","hentry","category-noticias","category-sin-limites-2","tag-iturbide"],"_links":{"self":[{"href":"https:\/\/losperiodistas.com.mx\/portal\/wp-json\/wp\/v2\/posts\/32809","targetHints":{"allow":["GET"]}}],"collection":[{"href":"https:\/\/losperiodistas.com.mx\/portal\/wp-json\/wp\/v2\/posts"}],"about":[{"href":"https:\/\/losperiodistas.com.mx\/portal\/wp-json\/wp\/v2\/types\/post"}],"author":[{"embeddable":true,"href":"https:\/\/losperiodistas.com.mx\/portal\/wp-json\/wp\/v2\/users\/1"}],"replies":[{"embeddable":true,"href":"https:\/\/losperiodistas.com.mx\/portal\/wp-json\/wp\/v2\/comments?post=32809"}],"version-history":[{"count":1,"href":"https:\/\/losperiodistas.com.mx\/portal\/wp-json\/wp\/v2\/posts\/32809\/revisions"}],"predecessor-version":[{"id":32811,"href":"https:\/\/losperiodistas.com.mx\/portal\/wp-json\/wp\/v2\/posts\/32809\/revisions\/32811"}],"wp:featuredmedia":[{"embeddable":true,"href":"https:\/\/losperiodistas.com.mx\/portal\/wp-json\/wp\/v2\/media\/32810"}],"wp:attachment":[{"href":"https:\/\/losperiodistas.com.mx\/portal\/wp-json\/wp\/v2\/media?parent=32809"}],"wp:term":[{"taxonomy":"category","embeddable":true,"href":"https:\/\/losperiodistas.com.mx\/portal\/wp-json\/wp\/v2\/categories?post=32809"},{"taxonomy":"post_tag","embeddable":true,"href":"https:\/\/losperiodistas.com.mx\/portal\/wp-json\/wp\/v2\/tags?post=32809"}],"curies":[{"name":"wp","href":"https:\/\/api.w.org\/{rel}","templated":true}]}}