{"id":32805,"date":"2022-07-23T09:41:39","date_gmt":"2022-07-23T14:41:39","guid":{"rendered":"http:\/\/losperiodistas.com.mx\/portal\/?p=32805"},"modified":"2022-07-23T09:41:41","modified_gmt":"2022-07-23T14:41:41","slug":"centro-historico-de-puebla-estrena-catalogo-de-color-especializado-para-fachadas","status":"publish","type":"post","link":"https:\/\/losperiodistas.com.mx\/portal\/centro-historico-de-puebla-estrena-catalogo-de-color-especializado-para-fachadas\/","title":{"rendered":"Centro Hist\u00f3rico de Puebla estrena cat\u00e1logo de color especializado para fachadas"},"content":{"rendered":"\n<ul class=\"wp-block-list\"><li><em>Esta gu\u00eda se pone al alcance de la ciudadan\u00eda para que intervenga sus inmuebles conforme a una gama de tonos estandarizados que rescatan el valor arquitect\u00f3nico del patrimonio edificado.<\/em><\/li><\/ul>\n\n\n\n<figure class=\"wp-block-image size-large is-style-default\"><img fetchpriority=\"high\" decoding=\"async\" width=\"1024\" height=\"682\" src=\"https:\/\/losperiodistas.com.mx\/portal\/wp-content\/uploads\/2022\/07\/CENTRO-HISTO\u0301RICO-DE-PUEBLA-ESTRENA-CATA\u0301LOGO-DE-COLOR-ESPECILIZADO-PARA-FACHADAS-2-1024x682.jpeg\" alt=\"\" class=\"wp-image-32806\" srcset=\"https:\/\/losperiodistas.com.mx\/portal\/wp-content\/uploads\/2022\/07\/CENTRO-HISTO\u0301RICO-DE-PUEBLA-ESTRENA-CATA\u0301LOGO-DE-COLOR-ESPECILIZADO-PARA-FACHADAS-2-1024x682.jpeg 1024w, https:\/\/losperiodistas.com.mx\/portal\/wp-content\/uploads\/2022\/07\/CENTRO-HISTO\u0301RICO-DE-PUEBLA-ESTRENA-CATA\u0301LOGO-DE-COLOR-ESPECILIZADO-PARA-FACHADAS-2-300x200.jpeg 300w, https:\/\/losperiodistas.com.mx\/portal\/wp-content\/uploads\/2022\/07\/CENTRO-HISTO\u0301RICO-DE-PUEBLA-ESTRENA-CATA\u0301LOGO-DE-COLOR-ESPECILIZADO-PARA-FACHADAS-2-768x512.jpeg 768w, https:\/\/losperiodistas.com.mx\/portal\/wp-content\/uploads\/2022\/07\/CENTRO-HISTO\u0301RICO-DE-PUEBLA-ESTRENA-CATA\u0301LOGO-DE-COLOR-ESPECILIZADO-PARA-FACHADAS-2.jpeg 1280w\" sizes=\"(max-width: 1024px) 100vw, 1024px\" \/><figcaption>Ayuntamiento Puebla<\/figcaption><\/figure>\n\n\n\n<p class=\"has-vivid-cyan-blue-color has-text-color has-medium-font-size\">REDACCI\u00d3N<\/p>\n\n\n\n<p>El Centro INAH Puebla y la Gerencia del Centro Hist\u00f3rico y Patrimonio Cultural presentaron el \u201cCat\u00e1logo de Color. Fachadas del Centro Hist\u00f3rico de la Ciudad de Puebla\u201d, una gu\u00eda digital que brinda los pasos necesarios para pintar sus inmuebles y, de esta manera, contribuir a la preservaci\u00f3n del paisaje urbano hist\u00f3rico de la Zona de Monumentos de la capital.<br><br>Esta gu\u00eda integra el procedimiento y los tr\u00e1mites a seguir ante el Centro INAH Puebla, la Secretar\u00eda de Gesti\u00f3n y Desarrollo Urbano y la Gerencia del Centro Hist\u00f3rico y Patrimonio Cultural del municipio poblano para que propietarios puedan intervenir sus fachadas y, adem\u00e1s, expone la gama de colores autorizados que pueden aplicarse, conforme a la \u00e9poca de construcci\u00f3n de cada inmueble.<\/p>\n\n\n\n<p>\u201cLa armon\u00eda crom\u00e1tica nos permite separar, clasificar y distinguir los edificios de diferentes \u00e9pocas\u201d, expres\u00f3 Manuel Villaruel V\u00e1zquez, Director Del Centro INAH Puebla, por eso el cat\u00e1logo est\u00e1 dividido en dos paletas:<br><br>&#8211; Una para mostrar los colores base que deben aplicarse en los inmuebles del siglo XVI, XVII y XVIII encabezada por el rojo \u00f3xido, el amarillo ocre y el azul a\u00f1il.<br>&#8211; Y otra, por el caf\u00e9, verde olivo y gris, para mostrar los tonos con los que se puede dar mantenimiento a la carpinter\u00eda y herrer\u00eda de los inmuebles.<\/p>\n\n\n\n<p>Los colores que conforman el cat\u00e1logo est\u00e1n estandarizados bajo el sistema Pantone, el cual es un lenguaje universal que ayuda a garantizar la reproducci\u00f3n exacta de los colores, pues para Berenice Vidal Castel\u00e1n, Gerente del Centro Hist\u00f3rico y Patrimonio Cultural, resulta fundamental poner al alcance de todas y todos los recursos necesarios para impulsar el rescate de los valores y atributos arquitect\u00f3nicos que hacen de Puebla un referente patrimonial, los cuales se representan a trav\u00e9s de la fusi\u00f3n crom\u00e1tica con otros elementos como la cantera, las argamasas y la talavera.<\/p>\n\n\n\n<figure class=\"wp-block-image size-large is-style-default\"><img decoding=\"async\" width=\"1024\" height=\"1024\" src=\"https:\/\/losperiodistas.com.mx\/portal\/wp-content\/uploads\/2022\/07\/CENTRO-HISTO\u0301RICO-DE-PUEBLA-ESTRENA-CATA\u0301LOGO-DE-COLOR-ESPECILIZADO-PARA-FACHADAS-3-1024x1024.jpeg\" alt=\"\" class=\"wp-image-32807\" srcset=\"https:\/\/losperiodistas.com.mx\/portal\/wp-content\/uploads\/2022\/07\/CENTRO-HISTO\u0301RICO-DE-PUEBLA-ESTRENA-CATA\u0301LOGO-DE-COLOR-ESPECILIZADO-PARA-FACHADAS-3-1024x1024.jpeg 1024w, https:\/\/losperiodistas.com.mx\/portal\/wp-content\/uploads\/2022\/07\/CENTRO-HISTO\u0301RICO-DE-PUEBLA-ESTRENA-CATA\u0301LOGO-DE-COLOR-ESPECILIZADO-PARA-FACHADAS-3-300x300.jpeg 300w, https:\/\/losperiodistas.com.mx\/portal\/wp-content\/uploads\/2022\/07\/CENTRO-HISTO\u0301RICO-DE-PUEBLA-ESTRENA-CATA\u0301LOGO-DE-COLOR-ESPECILIZADO-PARA-FACHADAS-3-150x150.jpeg 150w, https:\/\/losperiodistas.com.mx\/portal\/wp-content\/uploads\/2022\/07\/CENTRO-HISTO\u0301RICO-DE-PUEBLA-ESTRENA-CATA\u0301LOGO-DE-COLOR-ESPECILIZADO-PARA-FACHADAS-3-768x768.jpeg 768w, https:\/\/losperiodistas.com.mx\/portal\/wp-content\/uploads\/2022\/07\/CENTRO-HISTO\u0301RICO-DE-PUEBLA-ESTRENA-CATA\u0301LOGO-DE-COLOR-ESPECILIZADO-PARA-FACHADAS-3.jpeg 1280w\" sizes=\"(max-width: 1024px) 100vw, 1024px\" \/><\/figure>\n\n\n\n<p>El \u201cCat\u00e1logo de Color. Fachadas del Centro Hist\u00f3rico de la Ciudad de Puebla\u201d, elaborado por el Centro INAH Puebla y la Gerencia del Centro Hist\u00f3rico y Patrimonio Cultural, es un documento \u00fanico a nivel nacional por su especializaci\u00f3n que puede consultarse y descargarse de forma gratuita en este enlace&nbsp;<a href=\"https:\/\/bit.ly\/3z069mr\" target=\"_blank\" rel=\"noreferrer noopener\">https:\/\/bit.ly\/3z069mr<\/a>&nbsp;y desde las redes sociales del Centro INAH Puebla, la Secretar\u00eda de Gesti\u00f3n y Desarrollo Urbano y la Gerencia del Centro Hist\u00f3rico y Patrimonio Cultural.<br><br>Con esta acci\u00f3n, el Gobierno Municipal contin\u00faa generando alianzas con el Gobierno Federal para contribuir a la conservaci\u00f3n del Centro Hist\u00f3rico, el cual alberga un patrimonio cultural de valor universal excepcional reconocido a nivel nacional e internacional.<\/p>\n\n\n\n<p>Por ello, tambi\u00e9n acompa\u00f1aron este acto Jos\u00e9 Eduardo P\u00e9rez y Peredo, Presidente del Consejo Ciudadano del Centro Hist\u00f3rico y Patrimonio Edificado; y Blass Cernicchiaro, integrante de la Asociaci\u00f3n de Emprendedores de los Sapos y Centro Hist\u00f3rico.<\/p>\n","protected":false},"excerpt":{"rendered":"<p>Esta gu\u00eda se pone al alcance de la ciudadan\u00eda para que intervenga sus inmuebles conforme a una gama de tonos [&hellip;]<\/p>\n","protected":false},"author":1,"featured_media":32806,"comment_status":"open","ping_status":"open","sticky":false,"template":"","format":"standard","meta":{"site-sidebar-layout":"default","site-content-layout":"","ast-site-content-layout":"default","site-content-style":"default","site-sidebar-style":"default","ast-global-header-display":"","ast-banner-title-visibility":"","ast-main-header-display":"","ast-hfb-above-header-display":"","ast-hfb-below-header-display":"","ast-hfb-mobile-header-display":"","site-post-title":"","ast-breadcrumbs-content":"","ast-featured-img":"","footer-sml-layout":"","theme-transparent-header-meta":"","adv-header-id-meta":"","stick-header-meta":"","header-above-stick-meta":"","header-main-stick-meta":"","header-below-stick-meta":"","astra-migrate-meta-layouts":"default","ast-page-background-enabled":"default","ast-page-background-meta":{"desktop":{"background-color":"var(--ast-global-color-4)","background-image":"","background-repeat":"repeat","background-position":"center center","background-size":"auto","background-attachment":"scroll","background-type":"","background-media":"","overlay-type":"","overlay-color":"","overlay-opacity":"","overlay-gradient":""},"tablet":{"background-color":"","background-image":"","background-repeat":"repeat","background-position":"center center","background-size":"auto","background-attachment":"scroll","background-type":"","background-media":"","overlay-type":"","overlay-color":"","overlay-opacity":"","overlay-gradient":""},"mobile":{"background-color":"","background-image":"","background-repeat":"repeat","background-position":"center center","background-size":"auto","background-attachment":"scroll","background-type":"","background-media":"","overlay-type":"","overlay-color":"","overlay-opacity":"","overlay-gradient":""}},"ast-content-background-meta":{"desktop":{"background-color":"var(--ast-global-color-5)","background-image":"","background-repeat":"repeat","background-position":"center center","background-size":"auto","background-attachment":"scroll","background-type":"","background-media":"","overlay-type":"","overlay-color":"","overlay-opacity":"","overlay-gradient":""},"tablet":{"background-color":"var(--ast-global-color-5)","background-image":"","background-repeat":"repeat","background-position":"center center","background-size":"auto","background-attachment":"scroll","background-type":"","background-media":"","overlay-type":"","overlay-color":"","overlay-opacity":"","overlay-gradient":""},"mobile":{"background-color":"var(--ast-global-color-5)","background-image":"","background-repeat":"repeat","background-position":"center center","background-size":"auto","background-attachment":"scroll","background-type":"","background-media":"","overlay-type":"","overlay-color":"","overlay-opacity":"","overlay-gradient":""}},"footnotes":""},"categories":[8],"tags":[7279,4243],"class_list":["post-32805","post","type-post","status-publish","format-standard","has-post-thumbnail","hentry","category-noticias","tag-contigoyconrumbo","tag-centro-historico"],"_links":{"self":[{"href":"https:\/\/losperiodistas.com.mx\/portal\/wp-json\/wp\/v2\/posts\/32805","targetHints":{"allow":["GET"]}}],"collection":[{"href":"https:\/\/losperiodistas.com.mx\/portal\/wp-json\/wp\/v2\/posts"}],"about":[{"href":"https:\/\/losperiodistas.com.mx\/portal\/wp-json\/wp\/v2\/types\/post"}],"author":[{"embeddable":true,"href":"https:\/\/losperiodistas.com.mx\/portal\/wp-json\/wp\/v2\/users\/1"}],"replies":[{"embeddable":true,"href":"https:\/\/losperiodistas.com.mx\/portal\/wp-json\/wp\/v2\/comments?post=32805"}],"version-history":[{"count":1,"href":"https:\/\/losperiodistas.com.mx\/portal\/wp-json\/wp\/v2\/posts\/32805\/revisions"}],"predecessor-version":[{"id":32808,"href":"https:\/\/losperiodistas.com.mx\/portal\/wp-json\/wp\/v2\/posts\/32805\/revisions\/32808"}],"wp:featuredmedia":[{"embeddable":true,"href":"https:\/\/losperiodistas.com.mx\/portal\/wp-json\/wp\/v2\/media\/32806"}],"wp:attachment":[{"href":"https:\/\/losperiodistas.com.mx\/portal\/wp-json\/wp\/v2\/media?parent=32805"}],"wp:term":[{"taxonomy":"category","embeddable":true,"href":"https:\/\/losperiodistas.com.mx\/portal\/wp-json\/wp\/v2\/categories?post=32805"},{"taxonomy":"post_tag","embeddable":true,"href":"https:\/\/losperiodistas.com.mx\/portal\/wp-json\/wp\/v2\/tags?post=32805"}],"curies":[{"name":"wp","href":"https:\/\/api.w.org\/{rel}","templated":true}]}}