{"id":32792,"date":"2022-07-23T08:04:11","date_gmt":"2022-07-23T13:04:11","guid":{"rendered":"http:\/\/losperiodistas.com.mx\/portal\/?p=32792"},"modified":"2022-07-23T08:04:13","modified_gmt":"2022-07-23T13:04:13","slug":"queja-comercial-de-estados-unidos-contra-mexico-pone-a-lopez-obrador-en-un-rincon-wsj","status":"publish","type":"post","link":"https:\/\/losperiodistas.com.mx\/portal\/queja-comercial-de-estados-unidos-contra-mexico-pone-a-lopez-obrador-en-un-rincon-wsj\/","title":{"rendered":"Queja comercial de Estados Unidos contra M\u00e9xico pone a L\u00f3pez Obrador en un rinc\u00f3n | WSJ"},"content":{"rendered":"\n<h2 class=\"wp-block-heading\">&#8216;M\u00e9xico est\u00e1 en una situaci\u00f3n bastante seria&#8217;, dijo un exnegociador comercial, a pesar de que su presidente suaviza el caso.<\/h2>\n\n\n\n<figure class=\"wp-block-image is-style-default\"><img decoding=\"async\" src=\"https:\/\/images.wsj.net\/im-588543\/?width=860&amp;height=573\" alt=\"\"\/><\/figure>\n\n\n\n<p>El presidente Andr\u00e9s Manuel L\u00f3pez Obrador dijo el jueves en el Palacio Nacional de la Ciudad de M\u00e9xico que las pol\u00edticas energ\u00e9ticas de M\u00e9xico no violan un acuerdo comercial.FOTO:\u00a0PRESIDENCIA DE M\u00c9XICO\/V\u00cdA REUTERS<\/p>\n\n\n\n<p><\/p>\n\n\n\n<p class=\"has-vivid-cyan-blue-color has-text-color has-medium-font-size\">JUAN MONTES \/ THE WALL STREET JOURNAL<\/p>\n\n\n\n<p>El desaf\u00edo de Estados Unidos a las pol\u00edticas energ\u00e9ticas nacionalistas de M\u00e9xico crea un dilema para el presidente Andr\u00e9s Manuel&nbsp;L\u00f3pez Obrador&nbsp;, que podr\u00eda obligarlo a retirarse de su agenda populista o enfrentar aranceles de represalia del mayor mercado de exportaci\u00f3n de M\u00e9xico.<\/p>\n\n\n\n<p>La Oficina del Representante Comercial de EE . UU.\u00a0<a href=\"https:\/\/www.wsj.com\/amp\/articles\/u-s-initiates-trade-fight-with-mexico-over-energy-policy-11658322032?mod=article_inline\" target=\"_blank\" rel=\"noreferrer noopener\">solicit\u00f3 esta semana consultas de resoluci\u00f3n de disputas<\/a>\u00a0bajo el Acuerdo EE. UU.-M\u00e9xico-Canad\u00e1 con el argumento de que las pol\u00edticas energ\u00e9ticas de M\u00e9xico socavan a las empresas estadounidenses a favor de las empresas estatales, en un caso que cuenta con el apoyo bipartidista y el respaldo de la energ\u00eda. industria en los estados unidos<\/p>\n\n\n\n<p>C\u00e9sar Hern\u00e1ndez, un consultor mexicano de energ\u00eda y comercio, dijo que el caso de EE. UU. es s\u00f3lido, ya que las pol\u00edticas de L\u00f3pez Obrador que favorecen a la compa\u00f1\u00eda el\u00e9ctrica Comisi\u00f3n Federal de Electricidad y la petrolera estatal Petr\u00f3leos Mexicanos van en contra de la igualdad de condiciones exigida por el T-MEC.<\/p>\n\n\n\n<p>\u201cM\u00e9xico tiene muchas posibilidades de perder la disputa\u201d, dijo Hern\u00e1ndez.<\/p>\n\n\n\n<p>Si esa evaluaci\u00f3n es correcta, es probable que L\u00f3pez Obrador tenga que elegir entre suavizar las pol\u00edticas energ\u00e9ticas hist\u00f3ricas, lo que ser\u00eda visto como una gran verg\u00fcenza pol\u00edtica a nivel nacional, o enfrentar medidas punitivas, dijo Kenneth Smith Ramos, quien se desempe\u00f1\u00f3 como jefe negociador de M\u00e9xico en las conversaciones comerciales que llevaron a la firma del T-MEC a finales de 2018.<\/p>\n\n\n\n<p>\u201cM\u00e9xico est\u00e1 en una situaci\u00f3n bastante seria\u201d, dijo Smith Ramos.&nbsp;Agregando m\u00e1s dificultad a una posible soluci\u00f3n, M\u00e9xico tendr\u00eda que modificar varias leyes en el Congreso, dijo.<\/p>\n\n\n\n<figure class=\"wp-block-image is-style-default\"><img decoding=\"async\" src=\"https:\/\/images.wsj.net\/im-588556\/?width=700&amp;height=467\" alt=\"\"\/><\/figure>\n\n\n\n<p>Estados Unidos dice que las pol\u00edticas de M\u00e9xico socavan a las empresas estadounidenses a favor de la estatal Petr\u00f3leos Mexicanos, o Pemex.FOTO:&nbsp;ALEJANDRO CEGARRA\/BLOOMBERG NEWS<\/p>\n\n\n\n<p>L\u00f3pez Obrador desde\u00f1\u00f3 el caso de Estados Unidos, pero hay mucho en juego.<\/p>\n\n\n\n<p>Los aranceles de represalia podr\u00edan poner en riesgo miles de empleos mexicanos.&nbsp;El pa\u00eds env\u00eda alrededor del 80% de sus exportaciones a los EE. UU., lo que representa casi un tercio del producto interno bruto anual de M\u00e9xico.&nbsp;Estados Unidos y M\u00e9xico intercambian m\u00e1s de $1 mill\u00f3n por minuto.<\/p>\n\n\n\n<hr class=\"wp-block-separator\"\/>\n\n\n\n<hr class=\"wp-block-separator\"\/>\n\n\n\n<p>\u201cEn un caso hipot\u00e9tico de represalia, la intenci\u00f3n es que la medida sea lo suficientemente significativa como para forzar cambios, y eso generalmente significa apuntar a productos que son populares en EE. UU. o que tienen un impacto social\u201d en t\u00e9rminos de empleos o costos para los exportadores, dijo.&nbsp;Juan Carlos Baker&nbsp;, quien se desempe\u00f1\u00f3 como viceministro de Comercio de M\u00e9xico durante las negociaciones del T-MEC.<\/p>\n\n\n\n<p>Los funcionarios estadounidenses dicen que no se espera que la disputa comercial afecte las relaciones generales entre Estados Unidos y M\u00e9xico, pero, no obstante, se han sentido frustrados con la administraci\u00f3n de L\u00f3pez Obrador en el tema energ\u00e9tico.<\/p>\n\n\n\n<p>Hicieron hincapi\u00e9 en que la decisi\u00f3n de iniciar el proceso de soluci\u00f3n de controversias se produjo despu\u00e9s de presionar a M\u00e9xico para que abordara sus preocupaciones en repetidas ocasiones.Anuncio &#8211; Despl\u00e1cese hasta Continuar<\/p>\n\n\n\n<figure class=\"wp-block-image is-style-default\"><img decoding=\"async\" src=\"https:\/\/images.wsj.net\/im-588550\/?width=700&amp;height=467\" alt=\"\"\/><\/figure>\n\n\n\n<p>La representante comercial de EE. UU., Katherine Tai, presion\u00f3 a su hom\u00f3logo mexicano a principios de este mes sobre el tema de la energ\u00eda antes de que EE. UU. hiciera una presentaci\u00f3n esta semana en virtud del pacto comercial USMCA.FOTO:&nbsp;MICHAEL BROCHSTEIN\/ZUMA PRESS<\/p>\n\n\n\n<p>The last such occasion came on July 8, when U.S. Trade Representative&nbsp;Katherine Tai&nbsp;raised the energy policy issue with her counterpart, Economy Minister Tatiana Clouthier, during the second ministerial meeting of the USMCA in Vancouver, British Columbia.<\/p>\n\n\n\n<p>\u201cWe\u2019ve expressed our concerns with Mexico\u2019s domestic energy policies in nearly all of our discussions with Mexico over the last 18 months,\u201d a senior U.S. administration official said this week. \u201cFortunately, one of the unique features of USMCA is that when there are disagreements between countries, we have ways in the agreement to facilitate resolutions.\u201d<\/p>\n\n\n\n<p>La Secretar\u00eda de Econom\u00eda de M\u00e9xico dijo que el gobierno espera que se pueda llegar a una soluci\u00f3n \u00abmutuamente satisfactoria\u00bb.&nbsp;Pero la reacci\u00f3n del Sr. L\u00f3pez Obrador al llamado de EE. UU. para conversaciones de resoluci\u00f3n de disputas, \u201cNo pasar\u00e1 nada\u201d, dijo, indica un endurecimiento de su posici\u00f3n que podr\u00eda tensar los lazos y debilitar la cooperaci\u00f3n en&nbsp;<a href=\"https:\/\/www.wsj.com\/articles\/migrant-surge-is-top-concern-ahead-of-biden-meeting-with-mexicos-lopez-obrador-11657627022?mod=article_inline\" rel=\"noreferrer noopener\" target=\"_blank\">\u00e1reas de inter\u00e9s vital para EE. UU., como la migraci\u00f3n<\/a>&nbsp;. cooperaci\u00f3n en materia de seguridad y contenci\u00f3n del contrabando de fentanilo.<\/p>\n\n\n\n<figure class=\"wp-block-image is-style-default\"><img decoding=\"async\" src=\"https:\/\/images.wsj.net\/im-588598\/?width=700&amp;height=467\" alt=\"\"\/><\/figure>\n\n\n\n<p>La disputa podr\u00eda debilitar la cooperaci\u00f3n entre EE. UU. y M\u00e9xico en temas como los migrantes de Am\u00e9rica Central y del Sur que cruzan el R\u00edo Bravo hacia EE. UU.FOTO:&nbsp;ADREES LATIF\/REUTERS<\/p>\n\n\n\n<p><a href=\"https:\/\/www.wsj.com\/articles\/mexican-congress-rejects-more-state-control-over-energy-industry-11650298730?mod=article_inline\" rel=\"noreferrer noopener\" target=\"_blank\">El control estatal de la industria energ\u00e9tica de M\u00e9xico<\/a>&nbsp;ha sido el grito de guerra de L\u00f3pez Obrador durante a\u00f1os, argumentando que la apertura del sector petrolero en 2013 fue \u201cel robo del siglo\u201d perpetrado por pol\u00edticos corruptos.<\/p>\n\n\n\n<p>\u201cEl tema energ\u00e9tico es central en la agenda del presidente y en la concepci\u00f3n de M\u00e9xico como naci\u00f3n.&nbsp;Es poco probable que acceda sin pelear\u201d, dijo&nbsp;Eric Farnsworth&nbsp;, vicepresidente del grupo de expertos Americas Society\/Consejo de las Am\u00e9ricas de Washington.<\/p>\n\n\n\n<p><a href=\"https:\/\/www.wsj.com\/articles\/mexicos-president-elect-balks-at-including-energy-chapter-in-new-nafta-1534882819?mod=article_inline\" rel=\"noreferrer noopener\" target=\"_blank\">Como presidente electo en 2018<\/a>&nbsp;, L\u00f3pez Obrador pudo introducir durante las negociaciones del T-MEC una \u201ccl\u00e1usula de soberan\u00eda\u201d que establece que M\u00e9xico tiene la propiedad directa de sus hidrocarburos.<\/p>\n\n\n\n<p>Pero tambi\u00e9n acord\u00f3 reconocer los derechos de los inversionistas estadounidenses y canadienses al otorgar el mismo acceso al mercado ya otorgado a otros pa\u00edses que ten\u00edan acuerdos de libre comercio con M\u00e9xico, junto con una cl\u00e1usula que especifica que una vez que se elimine una barrera comercial en una industria o sector , no se puede volver a introducir.<\/p>\n\n\n\n<h4 class=\"wp-block-heading\">COMPARTE TUS PENSAMIENTOS<\/h4>\n\n\n\n<p><em>\u00bfCu\u00e1l es su perspectiva sobre la relaci\u00f3n M\u00e9xico-Estados Unidos?&nbsp;\u00danase a la conversaci\u00f3n a continuaci\u00f3n.<\/em><\/p>\n\n\n\n<p>\u201cSu desaf\u00edo es que firm\u00f3 un acuerdo que dice que no puede discriminar al sector privado en beneficio de las empresas estatales y que los inversionistas tienen derechos\u201d, dijo Earl Anthony Wayne, ex embajador de Estados Unidos en M\u00e9xico.<\/p>\n\n\n\n<p>Pol\u00edticamente, el momento es complicado para L\u00f3pez Obrador.&nbsp;La disputa comercial podr\u00eda extenderse hasta el comienzo del ciclo de elecciones presidenciales de M\u00e9xico a fines de 2023. Seg\u00fan la Constituci\u00f3n de M\u00e9xico, los presidentes no pueden postularse para la reelecci\u00f3n, pero es probable que L\u00f3pez Obrador tome en cuenta c\u00f3mo una decisi\u00f3n podr\u00eda afectar al sucesor elegido por su partido.<\/p>\n\n\n\n<p>\u201cEstar\u00e1 tentado a jugar la carta antiestadounidense para reunir a su base de votantes del centro y sur de M\u00e9xico en v\u00edsperas de las elecciones presidenciales de 2024 a expensas de los sectores exportadores de M\u00e9xico y el norte del pa\u00eds\u201d, dijo&nbsp;Shannon O&#8217;Neil .&nbsp;, miembro del Consejo de Relaciones Exteriores de Nueva York.&nbsp;Agreg\u00f3 que es probable que el pr\u00f3ximo presidente de M\u00e9xico sea el que enfrente el desaf\u00edo de alinear al pa\u00eds con sus obligaciones bajo el T-MEC.<\/p>\n\n\n\n<p>Jos\u00e9 de C\u00f3rdoba contribuy\u00f3 a este art\u00edculo.<\/p>\n\n\n\n<p><strong>Escriba a<\/strong>&nbsp;Juan Montes a&nbsp;<a href=\"mailto:juan.montes@wsj.com\" rel=\"noreferrer noopener\" target=\"_blank\">juan.montes@wsj.com<\/a>&nbsp;y a Yuka Hayashi a&nbsp;<a href=\"mailto:yuka.hayashi@wsj.com\" rel=\"noreferrer noopener\" target=\"_blank\">yuka.hayashi@wsj.com<\/a><\/p>\n\n\n\n<p><strong>Correcciones y ampliaciones<\/strong><br>Las exportaciones de M\u00e9xico a los EE. UU. representan casi un tercio del PIB de M\u00e9xico.&nbsp;Una versi\u00f3n anterior de este art\u00edculo dec\u00eda incorrectamente que representan m\u00e1s de un tercio.&nbsp;(Corregido el 22 de julio)<\/p>\n\n\n\n<p>Apareci\u00f3 en la edici\u00f3n impresa del 23 de julio de 2022 como &#8216;Dispute Challenges Mexico&#8217;s Leader&#8217;.<\/p>\n\n\n\n<p>Fuente: https:\/\/www.wsj.com\/articles\/u-s-trade-complaint-against-mexico-puts-lopez-obrador-in-a-corner-11658487780<\/p>\n","protected":false},"excerpt":{"rendered":"<p>&#8216;M\u00e9xico est\u00e1 en una situaci\u00f3n bastante seria&#8217;, dijo un exnegociador comercial, a pesar de que su presidente suaviza el caso. [&hellip;]<\/p>\n","protected":false},"author":1,"featured_media":32793,"comment_status":"open","ping_status":"open","sticky":false,"template":"","format":"standard","meta":{"site-sidebar-layout":"default","site-content-layout":"","ast-site-content-layout":"default","site-content-style":"default","site-sidebar-style":"default","ast-global-header-display":"","ast-banner-title-visibility":"","ast-main-header-display":"","ast-hfb-above-header-display":"","ast-hfb-below-header-display":"","ast-hfb-mobile-header-display":"","site-post-title":"","ast-breadcrumbs-content":"","ast-featured-img":"","footer-sml-layout":"","theme-transparent-header-meta":"","adv-header-id-meta":"","stick-header-meta":"","header-above-stick-meta":"","header-main-stick-meta":"","header-below-stick-meta":"","astra-migrate-meta-layouts":"default","ast-page-background-enabled":"default","ast-page-background-meta":{"desktop":{"background-color":"var(--ast-global-color-4)","background-image":"","background-repeat":"repeat","background-position":"center center","background-size":"auto","background-attachment":"scroll","background-type":"","background-media":"","overlay-type":"","overlay-color":"","overlay-opacity":"","overlay-gradient":""},"tablet":{"background-color":"","background-image":"","background-repeat":"repeat","background-position":"center center","background-size":"auto","background-attachment":"scroll","background-type":"","background-media":"","overlay-type":"","overlay-color":"","overlay-opacity":"","overlay-gradient":""},"mobile":{"background-color":"","background-image":"","background-repeat":"repeat","background-position":"center center","background-size":"auto","background-attachment":"scroll","background-type":"","background-media":"","overlay-type":"","overlay-color":"","overlay-opacity":"","overlay-gradient":""}},"ast-content-background-meta":{"desktop":{"background-color":"var(--ast-global-color-5)","background-image":"","background-repeat":"repeat","background-position":"center center","background-size":"auto","background-attachment":"scroll","background-type":"","background-media":"","overlay-type":"","overlay-color":"","overlay-opacity":"","overlay-gradient":""},"tablet":{"background-color":"var(--ast-global-color-5)","background-image":"","background-repeat":"repeat","background-position":"center center","background-size":"auto","background-attachment":"scroll","background-type":"","background-media":"","overlay-type":"","overlay-color":"","overlay-opacity":"","overlay-gradient":""},"mobile":{"background-color":"var(--ast-global-color-5)","background-image":"","background-repeat":"repeat","background-position":"center center","background-size":"auto","background-attachment":"scroll","background-type":"","background-media":"","overlay-type":"","overlay-color":"","overlay-opacity":"","overlay-gradient":""}},"footnotes":""},"categories":[8],"tags":[199,11547,2799],"class_list":["post-32792","post","type-post","status-publish","format-standard","has-post-thumbnail","hentry","category-noticias","tag-amlo","tag-politica-energetica","tag-t-mec"],"_links":{"self":[{"href":"https:\/\/losperiodistas.com.mx\/portal\/wp-json\/wp\/v2\/posts\/32792","targetHints":{"allow":["GET"]}}],"collection":[{"href":"https:\/\/losperiodistas.com.mx\/portal\/wp-json\/wp\/v2\/posts"}],"about":[{"href":"https:\/\/losperiodistas.com.mx\/portal\/wp-json\/wp\/v2\/types\/post"}],"author":[{"embeddable":true,"href":"https:\/\/losperiodistas.com.mx\/portal\/wp-json\/wp\/v2\/users\/1"}],"replies":[{"embeddable":true,"href":"https:\/\/losperiodistas.com.mx\/portal\/wp-json\/wp\/v2\/comments?post=32792"}],"version-history":[{"count":1,"href":"https:\/\/losperiodistas.com.mx\/portal\/wp-json\/wp\/v2\/posts\/32792\/revisions"}],"predecessor-version":[{"id":32794,"href":"https:\/\/losperiodistas.com.mx\/portal\/wp-json\/wp\/v2\/posts\/32792\/revisions\/32794"}],"wp:featuredmedia":[{"embeddable":true,"href":"https:\/\/losperiodistas.com.mx\/portal\/wp-json\/wp\/v2\/media\/32793"}],"wp:attachment":[{"href":"https:\/\/losperiodistas.com.mx\/portal\/wp-json\/wp\/v2\/media?parent=32792"}],"wp:term":[{"taxonomy":"category","embeddable":true,"href":"https:\/\/losperiodistas.com.mx\/portal\/wp-json\/wp\/v2\/categories?post=32792"},{"taxonomy":"post_tag","embeddable":true,"href":"https:\/\/losperiodistas.com.mx\/portal\/wp-json\/wp\/v2\/tags?post=32792"}],"curies":[{"name":"wp","href":"https:\/\/api.w.org\/{rel}","templated":true}]}}