{"id":3279,"date":"2021-01-13T07:33:04","date_gmt":"2021-01-13T13:33:04","guid":{"rendered":"http:\/\/losperiodistas.com.mx\/portal\/?p=3279"},"modified":"2021-01-13T07:33:04","modified_gmt":"2021-01-13T13:33:04","slug":"diez-meses-han-pasado","status":"publish","type":"post","link":"https:\/\/losperiodistas.com.mx\/portal\/diez-meses-han-pasado\/","title":{"rendered":"Diez meses han pasado"},"content":{"rendered":"\n<p class=\"has-vivid-cyan-blue-color has-text-color\" style=\"font-size:26px\"><em>Por Humberto Aguilar Coronado<\/em><\/p>\n\n\n\n<p>Diez meses han pasado desde que en marzo del 2020 se conoci\u00f3 del primer caso de contagio en nuestro pa\u00eds por el COVID-19. A partir de entonces, muchas declaraciones hemos escuchado del Presidente, del Sub secretario encargado de hacerle frente a la pandemia y de m\u00e9dicos y especialistas.<\/p>\n\n\n\n<p>Hasta ahora, los que mas credibilidad tienen son los m\u00e9dicos y especialistas.<\/p>\n\n\n\n<p>Lo escrib\u00ed hace meses, Hugo L\u00f3pez-Gatell perdi\u00f3 cualquier credibilidad con una de sus primeras desafortunadas declaraciones: \u201cEl Presidente no es susceptible de contagio porque tiene la fuerza moral\u201d, hasta llegar en el mes de diciembre a disfrutar de unas, seguramente merecidas vacaciones en una playa de Huatulco, pero con el desafortunado momento de que d\u00edas antes hab\u00eda hecho una formal petici\u00f3n, que son\u00f3 a exigencia, de que los mexicanos nos qued\u00e1ramos en casa para evitar un nuevo brote de contagios.<\/p>\n\n\n\n<p>Al margen de que estuviera o no usando cubre bocas en la playa, lo importante no es si ten\u00eda derecho a disfrutar unos d\u00edas de vacaciones, el problema estriba en que la autoridad responsable del manejo de la crisis sanitaria no predicara con el ejemplo de haberse quedado en casa.<\/p>\n\n\n\n<p>Por lo que se refiere a las declaraciones del Presidente, baste recordar, para descalificarlo completamente como jefe de estado con visi\u00f3n para enfrentar la pandemia, aquella declaraci\u00f3n de abril del 2020 donde afirmaba que \u201cya hemos domado a la pandemia\u201d, o aquella de mayo en donde aseguraba que \u201cya hemos aplanado la curva de contagios\u201d.<\/p>\n\n\n\n<p>Alguien le tiene que decir que hasta el d\u00eda de ayer, el n\u00famero de contagios en nuestro pa\u00eds supera el mill\u00f3n y medio, al tiempo de que el n\u00famero de muertos est\u00e1 por superar los 135 mil.<\/p>\n\n\n\n<p>Es decir, nunca se dom\u00f3 la pandemia y jam\u00e1s se ha frenado la curva de contagios y muertes como asegur\u00f3 el Presidente.<\/p>\n\n\n\n<p>Pero eso si, el d\u00eda de hoy lanza una de sus acostumbradas declaraciones dando el banderazo de salida al Plan Nacional de Vacunaci\u00f3n, para afirmar que para el mes de marzo, ya se tendr\u00e1n vacunados a 15 millones de adultos mayores.<\/p>\n\n\n\n<p>Ojal\u00e1 as\u00ed sea por el bienestar de los mexicanos. Pero cuantos contagios se pudieron haber evitado si el Presidente de la Rep\u00fablica hubiera predicado con el ejemplo y hubiera hecho un llamado a la utilizaci\u00f3n del cubre bocas como medida de prevenci\u00f3n.<\/p>\n\n\n\n<p>Por otra parte, no se habla nada de la posibilidad de apoyos e incentivos econ\u00f3micos para todos aquellos comercios y empresas que pasan por graves momentos de supervivencia econ\u00f3mica.<\/p>\n\n\n\n<p>As\u00ed empieza el 2021, a diez meses de haber iniciado el confinamiento.<\/p>\n\n\n\n<p>*Es polit\u00f3logo y Maestro en Negociaci\u00f3n por la Universidad Carlos III de Madrid, Espa\u00f1a.<\/p>\n\n\n\n<p>Facebook: <a href=\"https:\/\/www.facebook.com\/TigreAguilarC\">https:\/\/www.facebook.com\/TigreAguilarC<\/a><\/p>\n\n\n\n<p>Instagram: humbertoaguilareltigre<\/p>\n\n\n\n<p>Twitter: @Tigre_Aguilar_C<\/p>\n","protected":false},"excerpt":{"rendered":"<p>Por Humberto Aguilar Coronado Diez meses han pasado desde que en marzo del 2020 se conoci\u00f3 del primer caso de [&hellip;]<\/p>\n","protected":false},"author":1,"featured_media":3280,"comment_status":"open","ping_status":"open","sticky":false,"template":"","format":"standard","meta":{"site-sidebar-layout":"default","site-content-layout":"","ast-site-content-layout":"default","site-content-style":"default","site-sidebar-style":"default","ast-global-header-display":"","ast-banner-title-visibility":"","ast-main-header-display":"","ast-hfb-above-header-display":"","ast-hfb-below-header-display":"","ast-hfb-mobile-header-display":"","site-post-title":"","ast-breadcrumbs-content":"","ast-featured-img":"","footer-sml-layout":"","theme-transparent-header-meta":"","adv-header-id-meta":"","stick-header-meta":"","header-above-stick-meta":"","header-main-stick-meta":"","header-below-stick-meta":"","astra-migrate-meta-layouts":"default","ast-page-background-enabled":"default","ast-page-background-meta":{"desktop":{"background-color":"var(--ast-global-color-4)","background-image":"","background-repeat":"repeat","background-position":"center center","background-size":"auto","background-attachment":"scroll","background-type":"","background-media":"","overlay-type":"","overlay-color":"","overlay-opacity":"","overlay-gradient":""},"tablet":{"background-color":"","background-image":"","background-repeat":"repeat","background-position":"center center","background-size":"auto","background-attachment":"scroll","background-type":"","background-media":"","overlay-type":"","overlay-color":"","overlay-opacity":"","overlay-gradient":""},"mobile":{"background-color":"","background-image":"","background-repeat":"repeat","background-position":"center center","background-size":"auto","background-attachment":"scroll","background-type":"","background-media":"","overlay-type":"","overlay-color":"","overlay-opacity":"","overlay-gradient":""}},"ast-content-background-meta":{"desktop":{"background-color":"var(--ast-global-color-5)","background-image":"","background-repeat":"repeat","background-position":"center center","background-size":"auto","background-attachment":"scroll","background-type":"","background-media":"","overlay-type":"","overlay-color":"","overlay-opacity":"","overlay-gradient":""},"tablet":{"background-color":"var(--ast-global-color-5)","background-image":"","background-repeat":"repeat","background-position":"center center","background-size":"auto","background-attachment":"scroll","background-type":"","background-media":"","overlay-type":"","overlay-color":"","overlay-opacity":"","overlay-gradient":""},"mobile":{"background-color":"var(--ast-global-color-5)","background-image":"","background-repeat":"repeat","background-position":"center center","background-size":"auto","background-attachment":"scroll","background-type":"","background-media":"","overlay-type":"","overlay-color":"","overlay-opacity":"","overlay-gradient":""}},"footnotes":""},"categories":[18],"tags":[],"class_list":["post-3279","post","type-post","status-publish","format-standard","has-post-thumbnail","hentry","category-palabra-de-tigre"],"_links":{"self":[{"href":"https:\/\/losperiodistas.com.mx\/portal\/wp-json\/wp\/v2\/posts\/3279","targetHints":{"allow":["GET"]}}],"collection":[{"href":"https:\/\/losperiodistas.com.mx\/portal\/wp-json\/wp\/v2\/posts"}],"about":[{"href":"https:\/\/losperiodistas.com.mx\/portal\/wp-json\/wp\/v2\/types\/post"}],"author":[{"embeddable":true,"href":"https:\/\/losperiodistas.com.mx\/portal\/wp-json\/wp\/v2\/users\/1"}],"replies":[{"embeddable":true,"href":"https:\/\/losperiodistas.com.mx\/portal\/wp-json\/wp\/v2\/comments?post=3279"}],"version-history":[{"count":1,"href":"https:\/\/losperiodistas.com.mx\/portal\/wp-json\/wp\/v2\/posts\/3279\/revisions"}],"predecessor-version":[{"id":3281,"href":"https:\/\/losperiodistas.com.mx\/portal\/wp-json\/wp\/v2\/posts\/3279\/revisions\/3281"}],"wp:featuredmedia":[{"embeddable":true,"href":"https:\/\/losperiodistas.com.mx\/portal\/wp-json\/wp\/v2\/media\/3280"}],"wp:attachment":[{"href":"https:\/\/losperiodistas.com.mx\/portal\/wp-json\/wp\/v2\/media?parent=3279"}],"wp:term":[{"taxonomy":"category","embeddable":true,"href":"https:\/\/losperiodistas.com.mx\/portal\/wp-json\/wp\/v2\/categories?post=3279"},{"taxonomy":"post_tag","embeddable":true,"href":"https:\/\/losperiodistas.com.mx\/portal\/wp-json\/wp\/v2\/tags?post=3279"}],"curies":[{"name":"wp","href":"https:\/\/api.w.org\/{rel}","templated":true}]}}