{"id":32789,"date":"2022-07-23T07:45:19","date_gmt":"2022-07-23T12:45:19","guid":{"rendered":"http:\/\/losperiodistas.com.mx\/portal\/?p=32789"},"modified":"2022-07-23T07:45:21","modified_gmt":"2022-07-23T12:45:21","slug":"mexico-no-necesita-un-nuevo-lider-necesita-un-nuevo-sistema-sepgra","status":"publish","type":"post","link":"https:\/\/losperiodistas.com.mx\/portal\/mexico-no-necesita-un-nuevo-lider-necesita-un-nuevo-sistema-sepgra\/","title":{"rendered":"M\u00e9xico no necesita un nuevo l\u00edder;\u00a0Necesita un nuevo sistema | SEPGRA"},"content":{"rendered":"\n<figure class=\"wp-block-image size-large is-style-default\"><img fetchpriority=\"high\" decoding=\"async\" width=\"1024\" height=\"576\" src=\"https:\/\/losperiodistas.com.mx\/portal\/wp-content\/uploads\/2022\/07\/System-gorodenkoff-iStock-1266953253-scaled-1-1024x576.jpg\" alt=\"\" class=\"wp-image-32790\" srcset=\"https:\/\/losperiodistas.com.mx\/portal\/wp-content\/uploads\/2022\/07\/System-gorodenkoff-iStock-1266953253-scaled-1-1024x576.jpg 1024w, https:\/\/losperiodistas.com.mx\/portal\/wp-content\/uploads\/2022\/07\/System-gorodenkoff-iStock-1266953253-scaled-1-300x169.jpg 300w, https:\/\/losperiodistas.com.mx\/portal\/wp-content\/uploads\/2022\/07\/System-gorodenkoff-iStock-1266953253-scaled-1-768x432.jpg 768w, https:\/\/losperiodistas.com.mx\/portal\/wp-content\/uploads\/2022\/07\/System-gorodenkoff-iStock-1266953253-scaled-1-1536x864.jpg 1536w, https:\/\/losperiodistas.com.mx\/portal\/wp-content\/uploads\/2022\/07\/System-gorodenkoff-iStock-1266953253-scaled-1.jpg 2048w\" sizes=\"(max-width: 1024px) 100vw, 1024px\" \/><figcaption>Foto: Gorodenkoff en iStock<\/figcaption><\/figure>\n\n\n\n<p class=\"has-vivid-cyan-blue-color has-text-color has-medium-font-size\">SEPGRA<\/p>\n\n\n\n<p>Empecemos por el final: M\u00e9xico est\u00e1 en un proceso de destrucci\u00f3n de instituciones para asegurar que los que est\u00e1n en el poder se queden para siempre;&nbsp;no se trata, como pretenden, del comienzo de una nueva era sino del fin de un sistema pol\u00edtico que permiti\u00f3 al pa\u00eds vivir con relativa calma pero desigual prosperidad durante un siglo.&nbsp;Sin embargo, el sistema ya no era funcional.&nbsp;Pas\u00f3 de una clase dominante ego\u00edsta a una tecnocracia corrupta, a una cleptocracia mediocre (un gobierno cuyos l\u00edderes corruptos usan el poder pol\u00edtico para crear y expandir sus fortunas), a una kakistocracia deshonesta (un sistema de gobierno dirigido por los peores , ciudadanos menos calificados o m\u00e1s inescrupulosos) encabezados por un l\u00edder fan\u00e1tico e ignorante intelectualmente discapacitado.<\/p>\n\n\n\n<figure class=\"wp-block-pullquote has-vivid-purple-color has-text-color\"><blockquote><p><em><strong>No hay una cuarta transformaci\u00f3n.\u00a0Es el Fin del Sistema Pol\u00edtico Mexicano.<\/strong><\/em><\/p><\/blockquote><\/figure>\n\n\n\n<p>&nbsp;&nbsp;&nbsp;&nbsp;&nbsp;Lejos de la oscura y pomposa denominaci\u00f3n que pretende marcar el inicio de una nueva era en la historia, la llamada \u201cCuarta Transformaci\u00f3n\u201d (4T) no es m\u00e1s que la destrucci\u00f3n sistem\u00e1tica y rabiosa de instituciones sin ning\u00fan plan ni modelo, ni siquiera una idea aproximada de qu\u00e9 hacer para alcanzar los nebulosos objetivos derivados de los esl\u00f3ganes de campa\u00f1a, barnizados con fijaciones ideol\u00f3gicas propias de la adolescencia.<\/p>\n\n\n\n<figure class=\"wp-block-image is-style-default\"><img decoding=\"async\" src=\"https:\/\/i0.wp.com\/sepgra.com\/wp-content\/uploads\/2022\/05\/Destruction-3DSculptor-iStock-800429464.jpg?resize=1024%2C714&amp;ssl=1\" alt=\"\" class=\"wp-image-7237\"\/><figcaption>Imagen: 3DSculptor en iStock<\/figcaption><\/figure>\n\n\n\n<p>Los partidos pol\u00edticos se convirtieron en franquicias controladas por bandas que se repart\u00edan el bot\u00edn de los cargos p\u00fablicos para su beneficio a trav\u00e9s de contratos, concesiones, licencias, exenciones, renuncias, condonaciones, nombramientos en puestos clave, postulaciones a cargos legislativos, reformas a leyes y reglamentos, destituciones de investigaciones criminales y muchos otros beneficios indebidos e ilegales como el otorgamiento de honores inmerecidos que los favorecieron a ellos oa sus allegados.&nbsp;Esto fue cada vez m\u00e1s p\u00fablico y notorio, degradando la imagen de los funcionarios p\u00fablicos, los pol\u00edticos y sus partidos ante los ojos del electorado.&nbsp;Seg\u00fan Transparencia Internacional, el 91% de los mexicanos percibe que los partidos pol\u00edticos son instituciones corruptas.<\/p>\n\n\n\n<figure class=\"wp-block-image is-style-default\"><img decoding=\"async\" src=\"https:\/\/i0.wp.com\/sepgra.com\/wp-content\/uploads\/2021\/06\/Corruption-Tupungato-on-iStock.jpeg?resize=1024%2C744&amp;ssl=1\" alt=\"\" class=\"wp-image-4396\"\/><figcaption>Imagen: Tupungato en iStock-<\/figcaption><\/figure>\n\n\n\n<p>A ra\u00edz de ello, y ante el creciente descontento por la precaria situaci\u00f3n econ\u00f3mica y la inseguridad en que vive la mayor\u00eda de la poblaci\u00f3n, la ciudadan\u00eda los rechaz\u00f3 en las urnas, eligiendo a Andr\u00e9s Manuel L\u00f3pez Obrador (AMLO), quien, aparentemente, representaba todo lo contrario: un hombre astuto que supo hacer creer a la gente que era un dem\u00f3crata honesto, sin ataduras a quienes controlaban el enorme aparato de corrupci\u00f3n, a quienes denunci\u00f3 y atac\u00f3 en cada discurso, prometiendo acabar con ellos. y con la corrupci\u00f3n, a la que culp\u00f3 de la pobreza generalizada en todo el pa\u00eds.<\/p>\n\n\n\n<figure class=\"wp-block-image is-style-default\"><img decoding=\"async\" src=\"https:\/\/i0.wp.com\/www.animalpolitico.com\/wp-content\/uploads\/2018\/04\/AMLO_Ciudad_Juarez-3-e1522675900316.jpg?w=1170&amp;ssl=1\" alt=\"\"\/><figcaption>Foto: cuartoscuro en animalpolitico.com<\/figcaption><\/figure>\n\n\n\n<p>El resultado del experimento es bastante caro.&nbsp;Una vez en el poder, surgi\u00f3 un caudillo megal\u00f3mano, resentido, ignorante, faccioso e intelectualmente desafiado, incapaz de discernir nada que no fuera parte de su evangelio, que barri\u00f3 a los profesionales del servicio p\u00fablico y expertos en sus campos, y los reemplaz\u00f3 con fieles de su tribu en puestos para los que no est\u00e1n calificados, excepto por su lealtad al l\u00edder de la pandilla.&nbsp;As\u00ed, despu\u00e9s de m\u00e1s de tres a\u00f1os, la pobreza y la pobreza extrema se han expandido, la inseguridad es m\u00e1s violenta y se extiende geogr\u00e1ficamente por todo el territorio nacional, y el crimen organizado es tolerado y ahora gobierna partes del pa\u00eds.&nbsp;Los que antes hab\u00edan sido acusados \u200b\u200bde corrupci\u00f3n ahora son sus aliados y beneficiarios de sus favores, protecci\u00f3n y encubrimiento, y la corrupci\u00f3n desenfrenada es peor que nunca.<\/p>\n\n\n\n<figure class=\"wp-block-pullquote has-vivid-purple-color has-text-color\"><blockquote><p><em>Las perspectivas no son alentadoras;\u00a0de lo contrario.\u00a0El bienestar solo existe en el discurso oficial y en los nombres de programas e instituciones dedicadas a comprar lealtades.\u00a0H\u00e1bilmente, el t\u00e9rmino bienestar es objeto de toda la propaganda oficial.<\/em><\/p><\/blockquote><\/figure>\n\n\n\n<p>La estrategia pol\u00edtica de la 4T es inteligente y clara: polarizaci\u00f3n basada en silogismos y falacias.&nbsp;He aqu\u00ed un ejemplo: si t\u00fa eres pobre, es porque \u00e9ste es rico;&nbsp;Si es rico, es porque es corrupto y se asoci\u00f3 con gobernantes anteriores para robarle a la naci\u00f3n, y por eso ustedes son pobres;&nbsp;Si estudi\u00f3 y obtuvo un posgrado, es un tecn\u00f3crata que no te entiende ni te importa y solo busca beneficiarse a s\u00ed mismo ya sus patrones extranjeros que siempre nos han explotado;&nbsp;Si vives en una zona acomodada y tienes una buena casa es porque eres corrupto, y por eso los dem\u00e1s son pobres.&nbsp;Ergo: Si no eres pobre, eres mafioso del poder, conservador neoliberal, adversario de los pobres y de la 4T.&nbsp;Ergo: si quieres dejar de ser pobre, viaja en el tiempo al pasado porque la corrupci\u00f3n se acab\u00f3.<\/p>\n\n\n\n<figure class=\"wp-block-image is-style-default\"><img decoding=\"async\" src=\"https:\/\/i0.wp.com\/sepgra.com\/wp-content\/uploads\/2022\/02\/Impossible-francescoch-on-iStock-1281026029.jpg?resize=1024%2C683&amp;ssl=1\" alt=\"\" class=\"wp-image-6613\"\/><figcaption>Imagen: francescoch-en-iStock-<\/figcaption><\/figure>\n\n\n\n<p>Hasta el momento, AMLO ha podido evadir la realidad de las promesas incumplidas.&nbsp;Su discurso tiene \u00e9xito porque les toca la fibra sensible, haci\u00e9ndoles ver que los ricos y los pol\u00edticos que eran sus socios los pisoteaban y los ignoraban desde hac\u00eda muchos a\u00f1os.&nbsp;Lo dice en su lenguaje hablador, despacio y con un tono de ira dram\u00e1tica.&nbsp;Su p\u00fablico objetivo son los miembros de la sociedad de bajos ingresos, menos educados, campesinos, trabajadores, poblaci\u00f3n urbana y suburbana humillada, resentida por el despilfarro de los pol\u00edticos y sus asociados, es decir, los ricos (&nbsp;<em>fif\u00eds<\/em>) seg\u00fan su ret\u00f3rica.&nbsp;Les hace sentir que es uno de ellos, uno de los despose\u00eddos, que la elecci\u00f3n de 2006 le fue robada por los mismos que se enriquecieron a costa de ellos, los saqueadores, esos personajes abusivos ligados al poder.&nbsp;Y por eso hace alarde de su austeridad y se jacta de su pobreza.<\/p>\n\n\n\n<figure class=\"wp-block-image is-style-default\"><img decoding=\"async\" src=\"https:\/\/i0.wp.com\/sepgra.com\/wp-content\/uploads\/2021\/05\/Amlo-de-gira-en-Tabasco-Pedro-Dominguez-en-msn.com_.jpg?resize=1024%2C637&amp;ssl=1\" alt=\"\" class=\"wp-image-4295\"\/><figcaption>Foto: Pedro Dom\u00ednguez en msn.com<\/figcaption><\/figure>\n\n\n\n<p>Contin\u00faa el embate contra los gobiernos anteriores responsabiliz\u00e1ndolos por la falta de atenci\u00f3n a los enfermos, por la falta de medicamentos, por el desempleo;&nbsp;manipula para despertar sentimientos de ira, resentimiento, odio, violencia, inseguridad, desesperanza, amargura y furia, y con ello justifica e incita a la anarqu\u00eda, la toma de peajes, el robo de combustible, el bloqueo de v\u00edas f\u00e9rreas, el ataque los militares que tienen \u00f3rdenes de no defenderse, de dejarse humillar.&nbsp;Los populistas autoritarios se dividen.&nbsp;Esa es su herramienta para justificar su permanencia en el poder.<\/p>\n\n\n\n<figure class=\"wp-block-image is-style-default\"><img decoding=\"async\" src=\"https:\/\/i0.wp.com\/sepgra.com\/wp-content\/uploads\/2021\/07\/Soldados-luchando-con-pobladores-Pedro-Pardo-AFP-el-Pais.jpg?resize=1024%2C624&amp;ssl=1\" alt=\"\" class=\"wp-image-4826\"\/><figcaption>Foto: Pedro Pardo \/AFP en elpais.es<\/figcaption><\/figure>\n\n\n\n<p>Crece una polarizaci\u00f3n que puede tornarse violenta no solo en el discurso sino tambi\u00e9n en m\u00faltiples frentes: narcos contra narcos, morenistas contra opositores, proletarios contra clase media \u201caspiracional\u201d, anarquistas contra defensores de las instituciones.&nbsp;Una lucha fratricida que conduce irremediablemente a un mayor empobrecimiento y atraso, mientras otros pa\u00edses que conviven en armon\u00eda interna y entre s\u00ed avanzan para lograr el verdadero bienestar de sus ciudadanos.&nbsp;El pa\u00eds ha estado all\u00ed antes y perdi\u00f3 la mitad de su territorio.<\/p>\n\n\n\n<figure class=\"wp-block-image is-style-default\"><img decoding=\"async\" src=\"https:\/\/i0.wp.com\/sepgra.com\/wp-content\/uploads\/2022\/05\/Map-of-land-lost-by-Mexico-national-geographic-org.jpg?resize=1024%2C543&amp;ssl=1\" alt=\"\" class=\"wp-image-7234\"\/><figcaption>Imagen: en nationalgeographic.org<\/figcaption><\/figure>\n\n\n\n<p>La destrucci\u00f3n institucional avanza a pesar de la precaria defensa de los opositores, quienes se\u00f1alan que existe una gran diferencia entre modernizar instituciones que necesitan una actualizaci\u00f3n y destruirlas.&nbsp;La obstinaci\u00f3n en derrochar recursos en proyectos innecesarios y costosos tiene el efecto de debilitar instituciones y programas tan esenciales como sensibles a los menos privilegiados.<\/p>\n\n\n\n<figure class=\"wp-block-image is-style-default\"><img decoding=\"async\" src=\"https:\/\/i0.wp.com\/sepgra.com\/wp-content\/uploads\/2022\/05\/AIFA-glorieta-on-aeropuertoaifa-mx.jpg?resize=1024%2C576&amp;ssl=1\" alt=\"\" class=\"wp-image-7238\"\/><figcaption>Foto: en aeropuertoaifa.mx<\/figcaption><\/figure>\n\n\n\n<p>Adem\u00e1s, hay una total falta de respeto por el estado de derecho.&nbsp;AMLO afirma con frecuencia que si debe decidir entre la justicia y la ley, la justicia debe prevalecer.&nbsp;Excepto que \u00e9l determina lo que es justo.&nbsp;La ley s\u00f3lo se aplica cuando \u00e9l as\u00ed lo decide.&nbsp;Recientemente, cuando se debat\u00eda en el Congreso la Reforma Energ\u00e9tica presentada por su gobierno, dijo: \u201cNo me vengan a decir que la ley es la ley\u201d.&nbsp;Considera que est\u00e1 por encima de ella.&nbsp;Suena como la definici\u00f3n de tiran\u00eda.<\/p>\n\n\n\n<figure class=\"wp-block-image is-style-default\"><img decoding=\"async\" src=\"https:\/\/i0.wp.com\/sepgra.com\/wp-content\/uploads\/2021\/06\/Reform-wildpixel-on-iStock-1287241482.jpg?resize=1024%2C555&amp;ssl=1\" alt=\"\" class=\"wp-image-4597\"\/><figcaption>Imagen: p\u00edxel salvaje en iStock<\/figcaption><\/figure>\n\n\n\n<p>En este sentido, existe un severo h\u00e1ndicap cultural heredado del sistema que agoniza: mientras que la Constituci\u00f3n estadounidense tiene solo siete art\u00edculos, y en sus 234 a\u00f1os de existencia, ha tenido solo 27 enmiendas -las primeras diez conocidas como la Declaraci\u00f3n de Derechos -, La Constituci\u00f3n de M\u00e9xico data de 1917, tiene m\u00e1s de 136 art\u00edculos y durante su centenaria existencia ha sufrido 762 reformas*.&nbsp;Pareciera que toda administraci\u00f3n toma como insignia de honor reformar la Ley Suprema ya sea agregando su causa predilecta como art\u00edculo para otorgarle \u201crango constitucional\u201d, o bien enmendar alg\u00fan art\u00edculo para adecuarlo a un determinado prop\u00f3sito de tendencia.<\/p>\n\n\n\n<figure class=\"wp-block-image is-style-default\"><img decoding=\"async\" src=\"https:\/\/i0.wp.com\/sepgra.com\/wp-content\/uploads\/2022\/03\/Constitucion-Mexicana-de-1917-Archivo-General-de-la-Nacion-wikipedia.png?resize=670%2C941&amp;ssl=1\" alt=\"\" class=\"wp-image-6759\"\/><figcaption>Imagen: Archivo General de la Naci\u00f3n en wikipedia.org<\/figcaption><\/figure>\n\n\n\n<p>Evidentemente, AMLO y sus lugartenientes ignoran ciertos conceptos b\u00e1sicos de la ciencia pol\u00edtica, como la idea de que en un estado constitucional, las decisiones pol\u00edticas fundamentales deben ser tomadas por un gobierno responsable y controlable, no por un solo individuo y su personal.&nbsp;Esto no s\u00f3lo es ajeno a la ideolog\u00eda de la 4T sino todo lo contrario.&nbsp;Asimismo, que las Instituciones surgen como respuesta a demandas sociales y son producto de convenios colectivos de los ciudadanos de una Naci\u00f3n, que establecen la responsabilidad del Estado de cumplir una serie de obligaciones a trav\u00e9s de instituciones espec\u00edficas que garanticen su cumplimiento, ejerciendo funciones claramente definidas.<\/p>\n\n\n\n<figure class=\"wp-block-pullquote has-vivid-purple-color has-text-color\"><blockquote><p><em>En su \u00faltimo discurso sobre el Estado de la Uni\u00f3n como presidente, el 1 de septiembre de 1928, Plutarco El\u00edas Calles expres\u00f3: \u201cM\u00e9xico debe pasar, de una vez por todas, de la condici\u00f3n hist\u00f3rica de pa\u00eds de un solo hombre fuerte a una naci\u00f3n de instituciones y leyes. \u201d.<\/em><\/p><\/blockquote><\/figure>\n\n\n\n<p>Es de conocimiento com\u00fan que la construcci\u00f3n institucional es parte de un proceso civilizatorio que, a medida que avanza, dinamiza y fortalece el progreso de la sociedad.&nbsp;Ese es el sentido que les da una raz\u00f3n de existir.&nbsp;Sin embargo, no podemos sorprendernos.&nbsp;Desde julio de 2006 escuchamos: \u201cAl diablo con las instituciones\u201d.&nbsp;Era el graznido del ganso ahora transformado en caudillo.<\/p>\n\n\n\n<figure class=\"wp-block-image is-style-default\"><img decoding=\"async\" src=\"https:\/\/i0.wp.com\/sepgra.com\/wp-content\/uploads\/2021\/11\/amlo-enojado-almomento.mx_.jpg?resize=615%2C350&amp;ssl=1\" alt=\"\" class=\"wp-image-5865\"\/><figcaption>Foto: en almomento.mx<\/figcaption><\/figure>\n\n\n\n<p>En cualquier pa\u00eds civilizado, las consignas de campa\u00f1a se traducen en pol\u00edticas p\u00fablicas y programas de gobierno compuestos por proyectos espec\u00edficos, debidamente presupuestados y programados con objetivos claramente definidos.&nbsp;Sus resultados son medibles para ser evaluados.&nbsp;El Estado debe crear las condiciones necesarias para atraer inversiones productivas.&nbsp;Nada de esto ocurre en la 4T.<\/p>\n\n\n\n<figure class=\"wp-block-image is-style-default\"><img decoding=\"async\" src=\"https:\/\/i0.wp.com\/sepgra.com\/wp-content\/uploads\/2022\/05\/Good-policies-programs-pexels-oleksandr-pidvalnyi-7599735.jpg?resize=683%2C1024&amp;ssl=1\" alt=\"\" class=\"wp-image-7239\"\/><figcaption>Imagen: Oleksandr Pidvalnyi en Pexels<\/figcaption><\/figure>\n\n\n\n<p>AMLO ni siquiera entiende que no todo gasto p\u00fablico es una inversi\u00f3n.&nbsp;La sutil diferencia de que la inversi\u00f3n p\u00fablica tiene un efecto multiplicador constante sobre la actividad econ\u00f3mica mientras que el gasto solo tiene un impacto limitado e inmediato.&nbsp;Una vez que se lleva a cabo, su efecto termina.&nbsp;Este es el drama del gasto masivo en programas sociales: genera una actividad econ\u00f3mica de impacto y duraci\u00f3n limitada, y lejos de sacar a alguien de la pobreza, solo la prolonga indefinidamente hasta que, por falta de inversi\u00f3n, la econom\u00eda se agota. , y la recaudaci\u00f3n de impuestos ya no alcanza para cubrir los programas sociales.&nbsp;Pero, s\u00ed, son muy efectivos para comprar votos.<\/p>\n\n\n\n<figure class=\"wp-block-image is-style-default\"><img decoding=\"async\" src=\"https:\/\/i0.wp.com\/sepgra.com\/wp-content\/uploads\/2022\/02\/Dam-marcus-woodbridge-EhcI5FPSZs8-unsplash.jpg?resize=691%2C1134&amp;ssl=1\" alt=\"\" class=\"wp-image-6521\"\/><figcaption>Foto: Marcus Woodbridge en Unsplash<\/figcaption><\/figure>\n\n\n\n<p>Pregona su vocaci\u00f3n republicana sin saber lo que es.&nbsp;Los principios republicanos que ignora y obviamente no respeta son la libertad, las virtudes c\u00edvicas y el estado de derecho.&nbsp;El rayo de esperanza se convirti\u00f3 en tirano;&nbsp;esa es la transformaci\u00f3n que vive M\u00e9xico.<\/p>\n\n\n\n<figure class=\"wp-block-image is-style-default\"><img decoding=\"async\" src=\"https:\/\/i0.wp.com\/sepgra.com\/wp-content\/uploads\/2021\/06\/Tiranny-Sefa-Ozel-on-iStock-980183478.jpg?resize=1024%2C683&amp;ssl=1\" alt=\"\" class=\"wp-image-4601\"\/><figcaption>Imagen: Sefa Ozel en iStock<\/figcaption><\/figure>\n\n\n\n<p>Cuenta la leyenda que cuando el presidente Adolfo Ruiz Cortines le inform\u00f3 a Adolfo L\u00f3pez Mateos que \u00e9l era su sucesor, le entreg\u00f3 un mapa de M\u00e9xico y le pregunt\u00f3 si sab\u00eda de qu\u00e9 se trataba, a lo que respondi\u00f3 s\u00ed se\u00f1or, es el mapa de nuestro pa\u00eds.&nbsp;Ruiz Cortines asinti\u00f3 y dijo: cu\u00eddelo bien y, si es posible, h\u00e1galo mejor.&nbsp;AMLO dejar\u00e1 el pa\u00eds mucho peor de lo que lo encontr\u00f3.<\/p>\n\n\n\n<figure class=\"wp-block-image is-style-default\"><img decoding=\"async\" src=\"https:\/\/i0.wp.com\/sepgra.com\/wp-content\/uploads\/2022\/05\/Adolfo-Lopez-Mateos-toma-posesion-con-don-Adolfo-Ruiz-Cortines-mediateca-inah-gom-mx.png?resize=990%2C427&amp;ssl=1\" alt=\"\" class=\"wp-image-7236\"\/><figcaption>Foto: mediateca.inah.gob.mx<\/figcaption><\/figure>\n\n\n\n<p>S\u00ed, M\u00e9xico necesita urgentemente un nuevo sistema.<\/p>\n\n\n\n<p>Defender los derechos de los ciudadanos a ser gobernados por los mejores y m\u00e1s capacitados para ello.<br>Salvar al pa\u00eds del atraso y de la inminente bancarrota econ\u00f3mica.<br>Tener un congreso que se respete como lo que debe ser: otro poder del gremio.<br>Evitar cambios a la constituci\u00f3n destinados a mantener indefinidamente en el poder a un grupo de incapaces, rapaces, que se sienten ilustrados y por encima de la ley y las instituciones.<br>Para evitar que el crimen organizado, tanto de cuello blanco como de ametralladora, siga gobernando a quienes deben combatirlo.<br>Para evitar que, por la torpeza en la gesti\u00f3n del gobierno y la tibieza en el uso de la fuerza p\u00fablica para imponer el orden y hacer respetar la ley, nuestro pr\u00f3jimo se vea obligado a intervenir para hacer lo que el nuestro no quiso o no pudo hacer , poniendo en riesgo y causando da\u00f1os en su territorio, con el argumento \u00e9ticamente v\u00e1lido de salvaguardar la vida y los bienes de sus ciudadanos.<br>No permitir que nuestra incipiente democracia se transforme en una tiran\u00eda encabezada por un hombre con discapacidad intelectual.<br>Evitar que la mayor\u00eda se oculte de la realidad con una narrativa triunfalista, convirti\u00e9ndose eventualmente en una tragedia.<\/p>\n\n\n\n<figure class=\"wp-block-image is-style-default\"><img decoding=\"async\" src=\"https:\/\/i0.wp.com\/sepgra.com\/wp-content\/uploads\/2021\/10\/Chaos-nikko-macaspac-6SNbWyFwuhk-unsplash.jpg?resize=840%2C559&amp;ssl=1\" alt=\"\" class=\"wp-image-5594\"\/><figcaption>Imagen: Nikko Macaspac en Unsplash<\/figcaption><\/figure>\n\n\n\n<p>* https:\/\/www.diputados.gob.mx\/LeyesBiblio\/ref\/cpeum_crono.html<\/p>\n\n\n\n<hr class=\"wp-block-separator\"\/>\n\n\n\n<p><strong>Grupo de An\u00e1lisis Pol\u00edtico SEPGRA.<\/strong><\/p>\n\n\n\n<p>Fuente: https:\/\/sepgra.com\/mexico-does-not-need-a-new-leader-it-needs-a-new-system\/<\/p>\n","protected":false},"excerpt":{"rendered":"<p>SEPGRA Empecemos por el final: M\u00e9xico est\u00e1 en un proceso de destrucci\u00f3n de instituciones para asegurar que los que est\u00e1n [&hellip;]<\/p>\n","protected":false},"author":1,"featured_media":32790,"comment_status":"open","ping_status":"open","sticky":false,"template":"","format":"standard","meta":{"site-sidebar-layout":"default","site-content-layout":"","ast-site-content-layout":"default","site-content-style":"default","site-sidebar-style":"default","ast-global-header-display":"","ast-banner-title-visibility":"","ast-main-header-display":"","ast-hfb-above-header-display":"","ast-hfb-below-header-display":"","ast-hfb-mobile-header-display":"","site-post-title":"","ast-breadcrumbs-content":"","ast-featured-img":"","footer-sml-layout":"","theme-transparent-header-meta":"","adv-header-id-meta":"","stick-header-meta":"","header-above-stick-meta":"","header-main-stick-meta":"","header-below-stick-meta":"","astra-migrate-meta-layouts":"default","ast-page-background-enabled":"default","ast-page-background-meta":{"desktop":{"background-color":"var(--ast-global-color-4)","background-image":"","background-repeat":"repeat","background-position":"center center","background-size":"auto","background-attachment":"scroll","background-type":"","background-media":"","overlay-type":"","overlay-color":"","overlay-opacity":"","overlay-gradient":""},"tablet":{"background-color":"","background-image":"","background-repeat":"repeat","background-position":"center center","background-size":"auto","background-attachment":"scroll","background-type":"","background-media":"","overlay-type":"","overlay-color":"","overlay-opacity":"","overlay-gradient":""},"mobile":{"background-color":"","background-image":"","background-repeat":"repeat","background-position":"center center","background-size":"auto","background-attachment":"scroll","background-type":"","background-media":"","overlay-type":"","overlay-color":"","overlay-opacity":"","overlay-gradient":""}},"ast-content-background-meta":{"desktop":{"background-color":"var(--ast-global-color-5)","background-image":"","background-repeat":"repeat","background-position":"center center","background-size":"auto","background-attachment":"scroll","background-type":"","background-media":"","overlay-type":"","overlay-color":"","overlay-opacity":"","overlay-gradient":""},"tablet":{"background-color":"var(--ast-global-color-5)","background-image":"","background-repeat":"repeat","background-position":"center center","background-size":"auto","background-attachment":"scroll","background-type":"","background-media":"","overlay-type":"","overlay-color":"","overlay-opacity":"","overlay-gradient":""},"mobile":{"background-color":"var(--ast-global-color-5)","background-image":"","background-repeat":"repeat","background-position":"center center","background-size":"auto","background-attachment":"scroll","background-type":"","background-media":"","overlay-type":"","overlay-color":"","overlay-opacity":"","overlay-gradient":""}},"footnotes":""},"categories":[8],"tags":[5506,11546,11545],"class_list":["post-32789","post","type-post","status-publish","format-standard","has-post-thumbnail","hentry","category-noticias","tag-cuarta-transformacion","tag-fin-del-sistema-politico-mexicano","tag-mexico-futuro"],"_links":{"self":[{"href":"https:\/\/losperiodistas.com.mx\/portal\/wp-json\/wp\/v2\/posts\/32789","targetHints":{"allow":["GET"]}}],"collection":[{"href":"https:\/\/losperiodistas.com.mx\/portal\/wp-json\/wp\/v2\/posts"}],"about":[{"href":"https:\/\/losperiodistas.com.mx\/portal\/wp-json\/wp\/v2\/types\/post"}],"author":[{"embeddable":true,"href":"https:\/\/losperiodistas.com.mx\/portal\/wp-json\/wp\/v2\/users\/1"}],"replies":[{"embeddable":true,"href":"https:\/\/losperiodistas.com.mx\/portal\/wp-json\/wp\/v2\/comments?post=32789"}],"version-history":[{"count":1,"href":"https:\/\/losperiodistas.com.mx\/portal\/wp-json\/wp\/v2\/posts\/32789\/revisions"}],"predecessor-version":[{"id":32791,"href":"https:\/\/losperiodistas.com.mx\/portal\/wp-json\/wp\/v2\/posts\/32789\/revisions\/32791"}],"wp:featuredmedia":[{"embeddable":true,"href":"https:\/\/losperiodistas.com.mx\/portal\/wp-json\/wp\/v2\/media\/32790"}],"wp:attachment":[{"href":"https:\/\/losperiodistas.com.mx\/portal\/wp-json\/wp\/v2\/media?parent=32789"}],"wp:term":[{"taxonomy":"category","embeddable":true,"href":"https:\/\/losperiodistas.com.mx\/portal\/wp-json\/wp\/v2\/categories?post=32789"},{"taxonomy":"post_tag","embeddable":true,"href":"https:\/\/losperiodistas.com.mx\/portal\/wp-json\/wp\/v2\/tags?post=32789"}],"curies":[{"name":"wp","href":"https:\/\/api.w.org\/{rel}","templated":true}]}}