{"id":32786,"date":"2022-07-23T07:12:50","date_gmt":"2022-07-23T12:12:50","guid":{"rendered":"http:\/\/losperiodistas.com.mx\/portal\/?p=32786"},"modified":"2022-07-23T07:12:52","modified_gmt":"2022-07-23T12:12:52","slug":"norman-foster-imagina-el-futuro-del-automovil-estamos-al-borde-de-una-nueva-era-que-eliminara-el-error-humano-el-pais","status":"publish","type":"post","link":"https:\/\/losperiodistas.com.mx\/portal\/norman-foster-imagina-el-futuro-del-automovil-estamos-al-borde-de-una-nueva-era-que-eliminara-el-error-humano-el-pais\/","title":{"rendered":"Norman Foster imagina el futuro del autom\u00f3vil: \u201cEstamos al borde de una nueva era que eliminar\u00e1 el error humano\u201d | El Pa\u00eds"},"content":{"rendered":"\n<p><em>La muestra \u2018Motion. Autos, Art, Architecture\u2019 es un homenaje al movimiento y a los coches entendidos como piezas de arte con dise\u00f1os arquitect\u00f3nicos. Hablamos con el ingl\u00e9s sobre su pasi\u00f3n por los veh\u00edculos<\/em><\/p>\n\n\n\n<p><\/p>\n\n\n\n<figure class=\"wp-block-image size-large is-resized is-style-default\"><img fetchpriority=\"high\" decoding=\"async\" src=\"https:\/\/losperiodistas.com.mx\/portal\/wp-content\/uploads\/2022\/07\/WK2XS2MPJRCHXN5PSZYC3QAVHM-683x1024.jpeg\" alt=\"\" class=\"wp-image-32787\" width=\"683\" height=\"1024\" srcset=\"https:\/\/losperiodistas.com.mx\/portal\/wp-content\/uploads\/2022\/07\/WK2XS2MPJRCHXN5PSZYC3QAVHM-683x1024.jpeg 683w, https:\/\/losperiodistas.com.mx\/portal\/wp-content\/uploads\/2022\/07\/WK2XS2MPJRCHXN5PSZYC3QAVHM-200x300.jpeg 200w, https:\/\/losperiodistas.com.mx\/portal\/wp-content\/uploads\/2022\/07\/WK2XS2MPJRCHXN5PSZYC3QAVHM-768x1152.jpeg 768w, https:\/\/losperiodistas.com.mx\/portal\/wp-content\/uploads\/2022\/07\/WK2XS2MPJRCHXN5PSZYC3QAVHM-1024x1536.jpeg 1024w, https:\/\/losperiodistas.com.mx\/portal\/wp-content\/uploads\/2022\/07\/WK2XS2MPJRCHXN5PSZYC3QAVHM-1365x2048.jpeg 1365w, https:\/\/losperiodistas.com.mx\/portal\/wp-content\/uploads\/2022\/07\/WK2XS2MPJRCHXN5PSZYC3QAVHM-scaled.jpeg 1707w\" sizes=\"(max-width: 683px) 100vw, 683px\" \/><figcaption>El arquitecto Norman Foster posa para ICON con una joya de la automoci\u00f3n espa\u00f1ola: el Pegaso Z-102 C\u00fapula (1952). ANTONIO MACARRO<\/figcaption><\/figure>\n\n\n\n<p class=\"has-vivid-cyan-blue-color has-text-color has-medium-font-size\">IANKO L\u00d3PEZ \/ EL PA\u00cdS<\/p>\n\n\n\n<p>Lleno de excitaci\u00f3n, un ni\u00f1o espera cada d\u00eda que el tren pase a unos metros de su casa, provocando una sacudida que har\u00e1 vibrar su cuerpo y el suelo bajo sus pies. La escena, ante la que un psicoanalista freudo-lacaniano se frotar\u00eda las manos, puede explicar mucho sobre el devenir adulto de su protagonista: en los a\u00f1os cuarenta del pasado siglo, en un barrio industrial ingl\u00e9s, ese ni\u00f1o era&nbsp;<a href=\"https:\/\/elpais.com\/icon-design\/arte\/2021-02-15\/norman-foster-hay-un-arquitecto-en-el-mundo-que-lo-dibuja-absolutamente-todo.html\" target=\"_blank\" rel=\"noreferrer noopener\">Norman Foster<\/a>&nbsp;(M\u00e1nchester, 87 a\u00f1os). \u201cCrec\u00ed al lado de las v\u00edas del ferrocarril y cuando llegaba el expreso temblaban hasta las ventanas\u201d, rememora el arquitecto brit\u00e1nico. \u201cPod\u00eda pasarme horas esperado que apareciera aquel tren, era muy emocionante\u201d.M\u00c1S INFORMACI\u00d3N<a href=\"https:\/\/elpais.com\/cultura\/2022-04-06\/los-coches-toman-el-guggenheim-bilbao-para-proclamar-la-belleza-de-la-automocion.html#?rel=mas_sumario\">Los coches toman el Guggenheim Bilbao para proclamar la belleza de la automoci\u00f3n<\/a><\/p>\n\n\n\n<p>Ocho d\u00e9cadas m\u00e1s tarde, cuando concede esta entrevista, Foster se encuentra en Bilbao con&nbsp;<em>Motion. Autos, Art, Architecture<\/em>, la exposici\u00f3n que estar\u00e1 en el&nbsp;<a href=\"https:\/\/www.guggenheim-bilbao.eus\/\" target=\"_blank\" rel=\"noreferrer noopener\">Museo Guggenheim<\/a>&nbsp;hasta el 18 de septiembre, de la que es el comisario, junto a Manuel Cirauqui y Lekha Hileman Waitoller, y que relaciona varios veh\u00edculos hist\u00f3ricos con dise\u00f1os arquitect\u00f3nicos y obras de arte: una escultura de Boccioni o&nbsp;<a href=\"https:\/\/elpais.com\/diario\/1976\/11\/14\/cultura\/216774018_850215.html\" target=\"_blank\" rel=\"noreferrer noopener\">un m\u00f3vil de Calder<\/a>. Once autom\u00f3viles forman parte de la colecci\u00f3n privada de Foster, por ejemplo el Voisin que perteneci\u00f3 a&nbsp;<a href=\"https:\/\/elpais.com\/elpais\/2020\/11\/30\/album\/1606728287_209629.html#foto_gal_1\" target=\"_blank\" rel=\"noreferrer noopener\">Le Corbusier<\/a>&nbsp;o un Jaguar E Type de 1961. Casi todas las piezas hacen referencia m\u00e1s o menos expl\u00edcita a la idea del movimiento, algo con lo que el arquitecto comenz\u00f3 a obsesionarse como resultado de aquellas infantiles descargas de adrenalina provocadas por el paso del tren. Una obsesi\u00f3n que a\u00fan se amplificar\u00eda gracias a las im\u00e1genes de&nbsp;<em>Eagle<\/em>, la revista de c\u00f3mics que marc\u00f3 a varias generaciones de adolescentes de su pa\u00eds con la promesa de un futuro hecho de formas aerodin\u00e1micas y velocidad supers\u00f3nica.<\/p>\n\n\n\n<figure class=\"wp-block-image is-style-default\"><img decoding=\"async\" src=\"https:\/\/imagenes.elpais.com\/resizer\/C7AcJuMFd2MRcy92-VS9yORyfXA=\/414x0\/cloudfront-eu-central-1.images.arcpublishing.com\/prisa\/7OBEKGCOAZBT7J26BS6MEX32VI.jpg\" alt=\"El Lancia Stratos Zero (1970) de Marcello Gandini para Bertone.\"\/><figcaption>El Lancia Stratos Zero (1970) de Marcello Gandini para Bertone.ANTONIO MACARRO<\/figcaption><\/figure>\n\n\n\n<p>\u201cEntonces yo fantaseaba con aquella utop\u00eda que no se hizo real, pero ahora, en esta exposici\u00f3n, puede apreciarse la belleza atemporal de los coches hist\u00f3ricos\u201d, explica, lo que recuerda a la conocida&nbsp;<em>boutade<\/em>&nbsp;del poeta futurista&nbsp;<a href=\"https:\/\/elpais.com\/diario\/1986\/09\/18\/cultura\/527378405_850215.html\" target=\"_blank\" rel=\"noreferrer noopener\">Marinetti<\/a>: un coche de carreras es m\u00e1s hermoso que&nbsp;<a href=\"https:\/\/elpais.com\/cultura\/2014\/07\/09\/actualidad\/1404898148_887713.html\" target=\"_blank\" rel=\"noreferrer noopener\">la Victoria de Samotracia<\/a>. Foster recoge el guante con flema: \u201cMarinetti exageraba, como lo hizo&nbsp;<a href=\"https:\/\/elpais.com\/cultura\/2015\/08\/12\/babelia\/1439394727_834048.html\" target=\"_blank\" rel=\"noreferrer noopener\">Roland Barthes<\/a>&nbsp;al decir que el Citro\u00ebn DS [presente en la exposici\u00f3n] era el equivalente moderno a la catedral g\u00f3tica. Pero esa fue su forma de destacar la dimensi\u00f3n cultural y est\u00e9tica del autom\u00f3vil\u201d.<\/p>\n\n\n\n<p>En la exposici\u00f3n hay autos precursores, utilitarios, b\u00f3lidos deportivos e incluso prodigios de la carrocer\u00eda de los a\u00f1os treinta, o de los setenta. Una visi\u00f3n apasionada en un momento en que m\u00e1s de un observador vaticina la desaparici\u00f3n del autom\u00f3vil por causas sociales y medioambientales. Foster lo argumenta as\u00ed: \u201cEn cierta manera volvemos a la transici\u00f3n del siglo XX, cuando los coches libraron a las ciudades de la poluci\u00f3n y las enfermedades relacionadas con el uso de los caballos. Estamos otra vez al borde de una nueva era, con fen\u00f3menos actuales como la movilidad mediante servicios bajo demanda; o futuros, como los veh\u00edculos aut\u00f3nomos movi\u00e9ndose pegados unos a otros como si fueran vagones de tren, lo que eliminar\u00e1 el error humano\u201d. \u00bfSer\u00eda frustrante para los aficionados a conducir? \u201cAs\u00ed es, pero lo mismo les ocurri\u00f3 a quienes crecieron en un mundo donde la gente se mov\u00eda a caballo. Exist\u00eda una energ\u00eda compartida entre el humano y el otro ser vivo, y cuando les dijeron que el caballo se iba a mecanizar, el panorama tambi\u00e9n debi\u00f3 de parecerles muy aburrido\u201d.<\/p>\n\n\n\n<figure class=\"wp-block-image is-style-default\"><img decoding=\"async\" src=\"https:\/\/imagenes.elpais.com\/resizer\/p4Hrn-I5k-vAaPGrTKc7i6NZA5o=\/414x0\/cloudfront-eu-central-1.images.arcpublishing.com\/prisa\/ILLHPBM345EKDNIU3XXIA4NBKY.jpg\" alt=\"Un Bentley R-Type Continental (1953).\"\/><figcaption>Un Bentley R-Type Continental (1953).ANTONIO MACARRO<\/figcaption><\/figure>\n\n\n\n<p>Esa pasi\u00f3n por los veh\u00edculos ha encontrado en el Guggenheim una generosa v\u00eda de canalizaci\u00f3n, pero no hay que olvidar que su propia pr\u00e1ctica arquitect\u00f3nica vuelve constantemente a la ambici\u00f3n de sugerir movimiento. \u201cMuchas de mis obras tratan sobre la din\u00e1mica del movimiento y el cambio de espacios\u201d, concede. \u201cAs\u00ed fue en el&nbsp;<a href=\"https:\/\/elpais.com\/diario\/1999\/04\/19\/internacional\/924472824_850215.html\" target=\"_blank\" rel=\"noreferrer noopener\">Reichstag de Berl\u00edn<\/a>&nbsp;(1993), donde la espiral que rodea a la c\u00fapula es lo que va conduciendo al visitante, algo que tambi\u00e9n ocurre en la rampa de la sede de Bloomberg en Londres. Se trata de celebrar el fluir de la gente, y que puedan encontrar el camino de forma intuitiva\u201d.<\/p>\n\n\n\n<p>La espiral comparece, casi como un rasgo de estilo, al menos en otro de sus edificios emblem\u00e1ticos, el Ayuntamiento de Londres en el distrito de Southwark (2002). En cuanto a la idea de que la arquitectura sirva para guiar a sus usuarios, rara vez se ha desarrollado de forma tan n\u00edtida como en el metro de Bilbao (1995) que sigue siendo una de sus obras maestras gracias a su grandiosa depuraci\u00f3n formal e implacable sentido de lo utilitario. Al mismo tiempo la m\u00e1s modesta y la m\u00e1s ambiciosa. \u201cRealic\u00e9 ese proyecto junto al dise\u00f1ador&nbsp;<a href=\"https:\/\/elpais.com\/babelia\/2020-11-13\/otl-aicher-el-diseno-como-reparacion.html\" target=\"_blank\" rel=\"noreferrer noopener\">Otl Aicher<\/a>, con dos equipos muy peque\u00f1os\u201d, recuerda. \u201cBuscamos que los espacios pudieran conducirte intuitivamente. Y tambi\u00e9n quer\u00edamos celebrar la propia excavaci\u00f3n de los t\u00faneles, esa fuerza de la naturaleza que es intr\u00ednsecamente tan bella que no hac\u00eda falta decorarla. Conseguimos hacer un proyecto de calidad, porque la calidad es una actitud mental: no es lo que gastas, sino con cu\u00e1nta sabidur\u00eda lo hagas. A cambio, debo decir que invertimos un tiempo enorme en lograr que si alguien hac\u00eda un grafiti sobre el cemento pudiera limpiarse f\u00e1cilmente, lo que al final se demostr\u00f3 innecesario porque hasta hoy nadie lo ha atacado ni ha tratado de desfigurarlo con pintadas\u201d.<\/p>\n\n\n\n<figure class=\"wp-block-image is-style-default\"><img decoding=\"async\" src=\"https:\/\/imagenes.elpais.com\/resizer\/lE76TKeYOGd3paqrgd1xi3DGlpY=\/414x0\/cloudfront-eu-central-1.images.arcpublishing.com\/prisa\/UNBKSFDMG5E2XISZA57DKNFPM4.jpg\" alt=\"El coche Delahaye 165 (1939).\"\/><figcaption>El coche Delahaye 165 (1939).ANTONIO MACARRO<\/figcaption><\/figure>\n\n\n\n<p>De hecho, la ciudad acogi\u00f3 de manera inmediata aquella infraestructura con una combinaci\u00f3n de orgullo y apego \u2014<em>fosterito<\/em>&nbsp;es el nombre extraoficial que todo bilba\u00edno utiliza para referirse a las entradas de su metro\u2014 que no ha dispensado ni siquiera al gran icono local de la arquitectura contempor\u00e1nea, el propio Guggenheim de&nbsp;<a href=\"https:\/\/elpais.com\/icon-design\/2022-05-28\/frank-gehry-25-anos-despues-del-guggenheim-desde-el-principio-senti-que-los-vascos-me-respetaban.html\" target=\"_blank\" rel=\"noreferrer noopener\">Frank Gehry<\/a>. Resulta tentador pensar en la capital vizca\u00edna como escenario de una guerra entre dos arquitectos estrella, rivalidad que sin embargo la realidad desmiente: m\u00e1s all\u00e1 de esta colaboraci\u00f3n simb\u00f3lica, ambos han cooperado en proyectos como los edificios del \u00e1rea de la central el\u00e9ctrica de Battersea, en Londres, recuerda Foster. \u201cFrank y yo hemos trabajado juntos en m\u00e1s de una ocasi\u00f3n, y hemos vuelto a encontrarnos para esta exposici\u00f3n. A modo de homenaje a \u00e9l, no hemos a\u00f1adido intervenciones arquitect\u00f3nicas para que se pueda disfrutar libremente de sus espacios\u201d.<\/p>\n\n\n\n<p>Pero Bilbao es tambi\u00e9n la ciudad en la que su estudio,&nbsp;<a href=\"https:\/\/www.fosterandpartners.com\/\" target=\"_blank\" rel=\"noreferrer noopener\">Foster + Partners<\/a>, est\u00e1 desarrollando uno de sus dos grandes proyectos muse\u00edsticos en nuestro pa\u00eds,&nbsp;<a href=\"https:\/\/elpais.com\/cultura\/2021-06-23\/asi-sera-la-ampliacion-del-museo-de-bellas-artes-de-bilbao.html\" target=\"_blank\" rel=\"noreferrer noopener\">la ampliaci\u00f3n del Museo de Bellas Artes<\/a>&nbsp;\u2014el otro es&nbsp;<a href=\"https:\/\/elpais.com\/cultura\/2021-09-28\/el-gobierno-desbloquea-el-dinero-para-la-ampliacion-del-prado.html\" target=\"_blank\" rel=\"noreferrer noopener\">la reforma del Sal\u00f3n de Reinos del Retiro en Madrid<\/a>\u2014 que espera terminar a mediados de 2024. Lejos de la aprobaci\u00f3n un\u00e1nime que suscit\u00f3 el metro, este otro dise\u00f1o ha sido descrito por algunas voces cr\u00edticas (y particularmente imaginativas) como un ovni aterrizando sobre el edificio original. Foster ofrece una interpretaci\u00f3n muy distinta: \u201cSe trata de reciclar y expandir el edificio en lugar de crear otro totalmente nuevo. Pretendemos devolverle su importancia hist\u00f3rica y respetar las adiciones posteriores con la m\u00ednima disrupci\u00f3n. El visitante ser\u00e1 consciente de las diferentes capas de la historia y al mismo tiempo obtendr\u00e1 un espacio que ahora no existe en la ciudad\u201d.<\/p>\n\n\n\n<figure class=\"wp-block-image is-style-default\"><img decoding=\"async\" src=\"https:\/\/imagenes.elpais.com\/resizer\/pFDE3kYGJyUC16qJwjOTHKtTjvw=\/414x0\/cloudfront-eu-central-1.images.arcpublishing.com\/prisa\/EZLLGQCILNAFVK6PNO4UF5V5XA.jpg\" alt=\"Norman Foster en la exposici\u00f3n 'Motion. Autos, Art, Architecture' en el museo Guggenheim.\"\/><figcaption>Norman Foster en la exposici\u00f3n &#8216;Motion. Autos, Art, Architecture&#8217; en el museo Guggenheim.ANTONIO MACARRO<\/figcaption><\/figure>\n\n\n\n<p>M\u00e1s all\u00e1 del potencial valor ic\u00f3nico de sus intervenciones, para \u00e9l lo esencial siempre ha sido la relaci\u00f3n con la ciudad. Se ve m\u00e1s como urbanista que como arquitecto. \u201cLa combinaci\u00f3n de edificios, esa estructura que es el pegamento urbano, es m\u00e1s importante que los edificios individuales\u201d, afirma. \u201cY mi objetivo es promover la conciencia de que el dise\u00f1o afecta a la calidad de nuestras vidas. Cuando unimos las dos orillas del&nbsp;<a href=\"https:\/\/elpais.com\/diario\/2000\/06\/13\/cultura\/960847213_850215.html\" target=\"_blank\" rel=\"noreferrer noopener\">T\u00e1mesis con el Millennium Bridge<\/a>, o cuando construimos el pabell\u00f3n que daba sombra en el Vieux Port de&nbsp;<a href=\"https:\/\/elviajero.elpais.com\/elviajero\/2017\/04\/20\/actualidad\/1492683501_883886.html\" target=\"_blank\" rel=\"noreferrer noopener\">Marsella<\/a>, la calidad de vida de los habitantes y visitantes de esas ciudades aument\u00f3. M\u00e1s que con cualquier torre que hayamos dise\u00f1ado. Proyectos como esos permiten aportar algo a la comunidad\u201d.<\/p>\n\n\n\n<p>Es una referencia social imprevista en un arquitecto al que suele percibirse como paradigma del genio, del autor. En este punto, la conversaci\u00f3n deriva en&nbsp;<em>El manantial&nbsp;<\/em>(1943), novela de&nbsp;<a href=\"https:\/\/elpais.com\/ideas\/2022-06-12\/ayn-rand-la-pensadora-que-defendia-que-el-individualismo-nos-hara-libres.html\" target=\"_blank\" rel=\"noreferrer noopener\">Ayn Rand<\/a>&nbsp;protagonizada por un arquitecto visionario que era una oda al individualismo, en la l\u00ednea del pensamiento ultraliberal de su autora. Foster se aleja de este clich\u00e9 y prefiere destacar el trabajo de los profesionales de su estudio, junto a quienes materializa cada proyecto. \u201cEsa concepci\u00f3n popular del arquitecto como un solitario con destellos cegadores de inspiraci\u00f3n es totalmente falsa\u201d, razona, y tampoco en esto puede evitar el paralelismo cin\u00e9tico: \u201cEl proceso creativo no es una iluminaci\u00f3n, sino una carrera de largo recorrido. Pasa igual que en el&nbsp;<em>tour<\/em>&nbsp;de Francia. El ganador se ha beneficiado del trabajo del pelot\u00f3n, aunque sea solo \u00e9l quien se queda con el&nbsp;<em>maillot<\/em>&nbsp;amarillo\u201d.<\/p>\n\n\n\n<p><em>Realizaci\u00f3n: Pedro Canicoba.<\/em><\/p>\n\n\n\n<p>Fuente: https:\/\/elpais.com\/icon-design\/arquitectura\/2022-07-23\/norman-foster-imagina-el-futuro-del-automovil-estamos-al-borde-de-una-nueva-era-que-eliminara-el-error-humano.html<\/p>\n","protected":false},"excerpt":{"rendered":"<p>La muestra \u2018Motion. Autos, Art, Architecture\u2019 es un homenaje al movimiento y a los coches entendidos como piezas de arte [&hellip;]<\/p>\n","protected":false},"author":1,"featured_media":32787,"comment_status":"open","ping_status":"open","sticky":false,"template":"","format":"standard","meta":{"site-sidebar-layout":"default","site-content-layout":"","ast-site-content-layout":"default","site-content-style":"default","site-sidebar-style":"default","ast-global-header-display":"","ast-banner-title-visibility":"","ast-main-header-display":"","ast-hfb-above-header-display":"","ast-hfb-below-header-display":"","ast-hfb-mobile-header-display":"","site-post-title":"","ast-breadcrumbs-content":"","ast-featured-img":"","footer-sml-layout":"","theme-transparent-header-meta":"","adv-header-id-meta":"","stick-header-meta":"","header-above-stick-meta":"","header-main-stick-meta":"","header-below-stick-meta":"","astra-migrate-meta-layouts":"default","ast-page-background-enabled":"default","ast-page-background-meta":{"desktop":{"background-color":"var(--ast-global-color-4)","background-image":"","background-repeat":"repeat","background-position":"center center","background-size":"auto","background-attachment":"scroll","background-type":"","background-media":"","overlay-type":"","overlay-color":"","overlay-opacity":"","overlay-gradient":""},"tablet":{"background-color":"","background-image":"","background-repeat":"repeat","background-position":"center center","background-size":"auto","background-attachment":"scroll","background-type":"","background-media":"","overlay-type":"","overlay-color":"","overlay-opacity":"","overlay-gradient":""},"mobile":{"background-color":"","background-image":"","background-repeat":"repeat","background-position":"center center","background-size":"auto","background-attachment":"scroll","background-type":"","background-media":"","overlay-type":"","overlay-color":"","overlay-opacity":"","overlay-gradient":""}},"ast-content-background-meta":{"desktop":{"background-color":"var(--ast-global-color-5)","background-image":"","background-repeat":"repeat","background-position":"center center","background-size":"auto","background-attachment":"scroll","background-type":"","background-media":"","overlay-type":"","overlay-color":"","overlay-opacity":"","overlay-gradient":""},"tablet":{"background-color":"var(--ast-global-color-5)","background-image":"","background-repeat":"repeat","background-position":"center center","background-size":"auto","background-attachment":"scroll","background-type":"","background-media":"","overlay-type":"","overlay-color":"","overlay-opacity":"","overlay-gradient":""},"mobile":{"background-color":"var(--ast-global-color-5)","background-image":"","background-repeat":"repeat","background-position":"center center","background-size":"auto","background-attachment":"scroll","background-type":"","background-media":"","overlay-type":"","overlay-color":"","overlay-opacity":"","overlay-gradient":""}},"footnotes":""},"categories":[8],"tags":[11544,9393],"class_list":["post-32786","post","type-post","status-publish","format-standard","has-post-thumbnail","hentry","category-noticias","tag-futuro-del-automovil","tag-norman-foster"],"_links":{"self":[{"href":"https:\/\/losperiodistas.com.mx\/portal\/wp-json\/wp\/v2\/posts\/32786","targetHints":{"allow":["GET"]}}],"collection":[{"href":"https:\/\/losperiodistas.com.mx\/portal\/wp-json\/wp\/v2\/posts"}],"about":[{"href":"https:\/\/losperiodistas.com.mx\/portal\/wp-json\/wp\/v2\/types\/post"}],"author":[{"embeddable":true,"href":"https:\/\/losperiodistas.com.mx\/portal\/wp-json\/wp\/v2\/users\/1"}],"replies":[{"embeddable":true,"href":"https:\/\/losperiodistas.com.mx\/portal\/wp-json\/wp\/v2\/comments?post=32786"}],"version-history":[{"count":1,"href":"https:\/\/losperiodistas.com.mx\/portal\/wp-json\/wp\/v2\/posts\/32786\/revisions"}],"predecessor-version":[{"id":32788,"href":"https:\/\/losperiodistas.com.mx\/portal\/wp-json\/wp\/v2\/posts\/32786\/revisions\/32788"}],"wp:featuredmedia":[{"embeddable":true,"href":"https:\/\/losperiodistas.com.mx\/portal\/wp-json\/wp\/v2\/media\/32787"}],"wp:attachment":[{"href":"https:\/\/losperiodistas.com.mx\/portal\/wp-json\/wp\/v2\/media?parent=32786"}],"wp:term":[{"taxonomy":"category","embeddable":true,"href":"https:\/\/losperiodistas.com.mx\/portal\/wp-json\/wp\/v2\/categories?post=32786"},{"taxonomy":"post_tag","embeddable":true,"href":"https:\/\/losperiodistas.com.mx\/portal\/wp-json\/wp\/v2\/tags?post=32786"}],"curies":[{"name":"wp","href":"https:\/\/api.w.org\/{rel}","templated":true}]}}