{"id":32780,"date":"2022-07-23T06:35:14","date_gmt":"2022-07-23T11:35:14","guid":{"rendered":"http:\/\/losperiodistas.com.mx\/portal\/?p=32780"},"modified":"2022-07-23T06:35:16","modified_gmt":"2022-07-23T11:35:16","slug":"admitieron-amparo-de-caro-quintero-contra-proceso-de-extradicion-a-eeuu-infobae","status":"publish","type":"post","link":"https:\/\/losperiodistas.com.mx\/portal\/admitieron-amparo-de-caro-quintero-contra-proceso-de-extradicion-a-eeuu-infobae\/","title":{"rendered":"Admitieron amparo de Caro Quintero contra proceso de extradici\u00f3n a EEUU | Infobae"},"content":{"rendered":"\n<p><em>El Departamento de Justicia y la FGR acordaron concretar el env\u00edo del \u201cNarco de narcos\u201d para que responda por el asesinato de un agente de la DEA y diversos cargos criminales<\/em><\/p>\n\n\n\n<p><\/p>\n\n\n\n<figure class=\"wp-block-image size-large is-style-default\"><img fetchpriority=\"high\" decoding=\"async\" width=\"1024\" height=\"683\" src=\"https:\/\/losperiodistas.com.mx\/portal\/wp-content\/uploads\/2022\/07\/YRLQCS7NU5G5ZM34DLXFOUI45A-1024x683.jpg\" alt=\"\" class=\"wp-image-32781\" srcset=\"https:\/\/losperiodistas.com.mx\/portal\/wp-content\/uploads\/2022\/07\/YRLQCS7NU5G5ZM34DLXFOUI45A-1024x683.jpg 1024w, https:\/\/losperiodistas.com.mx\/portal\/wp-content\/uploads\/2022\/07\/YRLQCS7NU5G5ZM34DLXFOUI45A-300x200.jpg 300w, https:\/\/losperiodistas.com.mx\/portal\/wp-content\/uploads\/2022\/07\/YRLQCS7NU5G5ZM34DLXFOUI45A-768x512.jpg 768w, https:\/\/losperiodistas.com.mx\/portal\/wp-content\/uploads\/2022\/07\/YRLQCS7NU5G5ZM34DLXFOUI45A.jpg 1440w\" sizes=\"(max-width: 1024px) 100vw, 1024px\" \/><figcaption>El Narco de narcos inici\u00f3 su batalla judicial (Foto: Especial)<\/figcaption><\/figure>\n\n\n\n<p class=\"has-vivid-cyan-blue-color has-text-color has-medium-font-size\">INFOBAE<\/p>\n\n\n\n<p>Una jueza del&nbsp;<strong>Estado de M\u00e9xico<\/strong>&nbsp;admiti\u00f3 a tr\u00e1mite el&nbsp;<strong>amparo<\/strong>&nbsp;de<strong>&nbsp;Rafael Caro Quintero<\/strong>,&nbsp;<strong>el<\/strong><em><strong>&nbsp;Narco de narcos<\/strong><\/em>, para determinar si otorga la protecci\u00f3n de la justicia ante el<strong>&nbsp;proceso de extradici\u00f3n<\/strong>&nbsp;que enfrenta el capo requerido por autoridades de&nbsp;<strong>Estados Unidos<\/strong>.<\/p>\n\n\n\n<p><strong>Abigail Ocampo \u00c1lvarez<\/strong>&nbsp;acept\u00f3 llevar el caso desde el Juzgado Primero de Distrito en Materia de Amparo y Jucios Federales con residencia en&nbsp;<strong>Toluca<\/strong>, luego de que le fue remitido por el&nbsp;<strong>Juzgado S\u00e9ptimo de Distrito de Amparo en Materia Penal de Jalisco<\/strong>.<\/p>\n\n\n\n<p>Previamente, el juzgador de&nbsp;<strong>Puente Grande&nbsp;<\/strong>se hab\u00eda declarado<strong>&nbsp;incompetente&nbsp;<\/strong>y&nbsp;<strong>declin\u00f3&nbsp;<\/strong>para que la resoluci\u00f3n se hiciera por autoridades responsables de la demarcaci\u00f3n donde se encuentra detenido Caro Quintero. Aunque en la decisi\u00f3n inicial&nbsp;<strong>concedi\u00f3 la suspensi\u00f3n de plano&nbsp;<\/strong>para que el fundador del&nbsp;<strong>C\u00e1rtel de Guadalajara<\/strong>&nbsp;quede interno en el penal del<em>&nbsp;Altiplano<\/em>&nbsp;y no sea removido de inmediato hasta resolver su demanda.<\/p>\n\n\n\n<p>Ocampo \u00c1lvarez ratific\u00f3 la determinaci\u00f3n concedida desde<strong>&nbsp;Jalisco<\/strong>, cuyo recurso fue promovido por la hermana del capo,&nbsp;<strong>Beatriz Ang\u00e9lica Caro Quintero<\/strong>, el 16 de julio pasado. Apenas un d\u00eda despu\u00e9s de que la&nbsp;<strong>Secretar\u00eda de Marina Armada de M\u00e9xico<\/strong>&nbsp;(Semar) encabezara el arresto en un poblado de&nbsp;<strong>Choix<\/strong>,&nbsp;<strong>Sinaloa<\/strong>.<img decoding=\"async\" alt=\"El agente de la DEA feu secuestrado y torturado por llevar a un megadecomiso con p\u00e9rdidas millonarias contra el C\u00e1rtel de Guadalajara (Foto: Twitter\/@Gonzo_CFISD)\" height=\"1200\" width=\"800\" class=\"\" src=\"https:\/\/cloudfront-us-east-1.images.arcpublishing.com\/infobae\/B3IGAT4W75HQ7JPNX3FMTHFJQQ.jpg\" srcset=\"https:\/\/www.infobae.com\/new-resizer\/Lnelj0jf8_y1zY2nm62xl9MgSfQ=\/420x630\/filters:format(webp):quality(85)\/cloudfront-us-east-1.images.arcpublishing.com\/infobae\/B3IGAT4W75HQ7JPNX3FMTHFJQQ.jpg 420w,https:\/\/www.infobae.com\/new-resizer\/GeUY0tEOmDUBf9xEwynq7GAzJmo=\/768x1152\/filters:format(webp):quality(85)\/cloudfront-us-east-1.images.arcpublishing.com\/infobae\/B3IGAT4W75HQ7JPNX3FMTHFJQQ.jpg 768w,https:\/\/www.infobae.com\/new-resizer\/iju45UV5Ac4xHfp0U78y0V17HPw=\/992x1488\/filters:format(webp):quality(85)\/cloudfront-us-east-1.images.arcpublishing.com\/infobae\/B3IGAT4W75HQ7JPNX3FMTHFJQQ.jpg 992w,https:\/\/www.infobae.com\/new-resizer\/7R8b5tJAjPE0SXkTVBm85c6gdPs=\/1200x1800\/filters:format(webp):quality(85)\/cloudfront-us-east-1.images.arcpublishing.com\/infobae\/B3IGAT4W75HQ7JPNX3FMTHFJQQ.jpg 1200w\">El agente de la DEA feu secuestrado y torturado por llevar a un megadecomiso con p\u00e9rdidas millonarias contra el C\u00e1rtel de Guadalajara (Foto: Twitter\/@Gonzo_CFISD)<\/p>\n\n\n\n<p>\u201cSe convalida la medida cautelar decretada por el declinante, a fin de que se d\u00e9 cumplimiento\u201d, determin\u00f3 la jueza este 21 de julio reciente, seg\u00fan registros verificados por&nbsp;<a href=\"https:\/\/www.infobae.com\/america\/mexico\/\" target=\"_blank\" rel=\"noreferrer noopener\"><em><strong>Infobae M\u00e9xico<\/strong><\/em><\/a>.<\/p>\n\n\n\n<blockquote class=\"wp-block-quote is-layout-flow wp-block-quote-is-layout-flow\"><p>Sin que sea procedente tramitar el incidente de suspensi\u00f3n relativo, dado que, derivado de los actos reclamados se concedi\u00f3 la suspensi\u00f3n de plano<\/p><\/blockquote>\n\n\n\n<p>Por ahora se fij\u00f3 una<strong>&nbsp;audiencia constitucional para el pr\u00f3ximo 26 de agosto<\/strong>&nbsp;a las 10:00 horas, donde podr\u00e1 resolverse el asunto de manera preliminar, aunque en el proceso esa fecha puede reemplazarse y podr\u00e1n tramitarse otras observaciones.<\/p>\n\n\n\n<p>Apenas este 21 de julio, el fiscal general de Estados Unidos y su hom\u00f3logo mexicano de la&nbsp;<strong>Fiscal\u00eda General de la Rep\u00fablica<\/strong>&nbsp;(FGR) sostuvieron una<strong>&nbsp;llamada&nbsp;<\/strong>para reafirmar la&nbsp;<strong>extradici\u00f3n<\/strong>&nbsp;del<em><strong>Narco de narcos<\/strong><\/em>, recapturado en la cuna del&nbsp;<strong>C\u00e1rtel de Sinaloa&nbsp;<\/strong>la semana pasada.<\/p>\n\n\n\n<p><strong>Merrick B. Garland<\/strong>\u00a0y\u00a0<strong>Alejandro Gertz Manero<\/strong>, titular de la FGR, conversaron v\u00eda telef\u00f3nica y\u00a0<strong>discutieron el env\u00edo del capo<\/strong>\u00a0acusado por m\u00faltiples cargos, incluido el secuestro y asesinato de<strong>\u00a0Enrique Camarena Salazar<\/strong>,\u00a0<em><strong>Kiki<\/strong><\/em>, agente de la Administraci\u00f3n del Control de Drogas (<strong>DEA<\/strong>) asesinado en\u00a0<strong>1985<\/strong>.<\/p>\n\n\n\n<p>https:\/\/imasdk.googleapis.com\/js\/core\/bridge3.522.0_es.html#goog_4852176130 seconds of 13 secondsVolume 0%&nbsp;<\/p>\n\n\n\n<p>\u201cLos dos l\u00edderes<strong>&nbsp;reafirmaron su compromiso compartido de continuar trabajando al un\u00edsono en la extradici\u00f3n de Caro-Quintero<\/strong>\u201d, inform\u00f3 el&nbsp;<strong>Departamento de Justicia&nbsp;<\/strong>en un breve comunicado.<\/p>\n\n\n\n<p>De acuerdo con las autoridades norteamericanas,<strong>&nbsp;la charla entre ambos funcionarios fue durante la tarde<\/strong>. Se trata de la primera comunicaci\u00f3n oficial informada, luego de que Caro Quintero quedara a disposici\u00f3n de las autoridades ministeriales y&nbsp;<strong>fuera notificado del requerimiento por delitos imputados en EEUU<\/strong>.<\/p>\n\n\n\n<p>El intercambio entre fiscales fue luego de que defensores del capo acusarana que las autoridades no siguieron el procedimiento de extradici\u00f3n y<a href=\"https:\/\/www.infobae.com\/america\/mexico\/2022\/07\/19\/seria-escandaloso-que-el-gobierno-de-mexico-concediera-la-extradicion-de-caro-quintero-anabel-hernandez\/\"><strong>&nbsp;se prev\u00e9 una batalla judicial&nbsp;<\/strong><\/a>antes de que sea enviado al pa\u00eds que lo ha solicitado desde hace 37 a\u00f1os, cuando fue detenido en&nbsp;<strong>Costa Rica<\/strong>, pas\u00f3 28 a\u00f1os de c\u00e1rcel y logr\u00f3 librar la prisi\u00f3n hasta el pasado 15 de julio.<\/p>\n\n\n\n<p>El mismo d\u00eda en que cay\u00f3 Caro Quintero, el<a href=\"https:\/\/www.infobae.com\/america\/mexico\/2022\/07\/16\/eeuu-celebro-arresto-de-rafael-caro-quintero-buscaremos-extradicion-inmediata\/\">\u00a0<strong>Departamento de Justicia<\/strong><\/a>\u00a0hab\u00eda celebrado las intervenciones en el poblado de\u00a0<strong>San Sim\u00f3n<\/strong>, localizado en inmediaciones del llamado<em>\u00a0Tri\u00e1ngulo dorado del narco<\/em>. Desde entonces anunciaron que<a href=\"https:\/\/www.infobae.com\/america\/mexico\/2022\/07\/16\/eeuu-celebro-arresto-de-rafael-caro-quintero-buscaremos-extradicion-inmediata\/\"><strong>\u00a0buscar\u00edan la extradici\u00f3n de inmediato<\/strong><\/a>\u00a0por cargos de narcotr\u00e1fico y el crimen contra<em><strong>Kiki\u00a0<\/strong><\/em><strong>Camarena<\/strong>.<\/p>\n\n\n\n<p>Fuente: https:\/\/www.infobae.com\/america\/mexico\/2022\/07\/22\/admitieron-amparo-de-caro-quintero-contra-proceso-de-extradicion-a-eeuu\/<\/p>\n","protected":false},"excerpt":{"rendered":"<p>El Departamento de Justicia y la FGR acordaron concretar el env\u00edo del \u201cNarco de narcos\u201d para que responda por el [&hellip;]<\/p>\n","protected":false},"author":1,"featured_media":32781,"comment_status":"open","ping_status":"open","sticky":false,"template":"","format":"standard","meta":{"site-sidebar-layout":"default","site-content-layout":"","ast-site-content-layout":"default","site-content-style":"default","site-sidebar-style":"default","ast-global-header-display":"","ast-banner-title-visibility":"","ast-main-header-display":"","ast-hfb-above-header-display":"","ast-hfb-below-header-display":"","ast-hfb-mobile-header-display":"","site-post-title":"","ast-breadcrumbs-content":"","ast-featured-img":"","footer-sml-layout":"","theme-transparent-header-meta":"","adv-header-id-meta":"","stick-header-meta":"","header-above-stick-meta":"","header-main-stick-meta":"","header-below-stick-meta":"","astra-migrate-meta-layouts":"default","ast-page-background-enabled":"default","ast-page-background-meta":{"desktop":{"background-color":"var(--ast-global-color-4)","background-image":"","background-repeat":"repeat","background-position":"center center","background-size":"auto","background-attachment":"scroll","background-type":"","background-media":"","overlay-type":"","overlay-color":"","overlay-opacity":"","overlay-gradient":""},"tablet":{"background-color":"","background-image":"","background-repeat":"repeat","background-position":"center center","background-size":"auto","background-attachment":"scroll","background-type":"","background-media":"","overlay-type":"","overlay-color":"","overlay-opacity":"","overlay-gradient":""},"mobile":{"background-color":"","background-image":"","background-repeat":"repeat","background-position":"center center","background-size":"auto","background-attachment":"scroll","background-type":"","background-media":"","overlay-type":"","overlay-color":"","overlay-opacity":"","overlay-gradient":""}},"ast-content-background-meta":{"desktop":{"background-color":"var(--ast-global-color-5)","background-image":"","background-repeat":"repeat","background-position":"center center","background-size":"auto","background-attachment":"scroll","background-type":"","background-media":"","overlay-type":"","overlay-color":"","overlay-opacity":"","overlay-gradient":""},"tablet":{"background-color":"var(--ast-global-color-5)","background-image":"","background-repeat":"repeat","background-position":"center center","background-size":"auto","background-attachment":"scroll","background-type":"","background-media":"","overlay-type":"","overlay-color":"","overlay-opacity":"","overlay-gradient":""},"mobile":{"background-color":"var(--ast-global-color-5)","background-image":"","background-repeat":"repeat","background-position":"center center","background-size":"auto","background-attachment":"scroll","background-type":"","background-media":"","overlay-type":"","overlay-color":"","overlay-opacity":"","overlay-gradient":""}},"footnotes":""},"categories":[8],"tags":[11402,11542],"class_list":["post-32780","post","type-post","status-publish","format-standard","has-post-thumbnail","hentry","category-noticias","tag-caro-quintero","tag-extradicion-amparo"],"_links":{"self":[{"href":"https:\/\/losperiodistas.com.mx\/portal\/wp-json\/wp\/v2\/posts\/32780","targetHints":{"allow":["GET"]}}],"collection":[{"href":"https:\/\/losperiodistas.com.mx\/portal\/wp-json\/wp\/v2\/posts"}],"about":[{"href":"https:\/\/losperiodistas.com.mx\/portal\/wp-json\/wp\/v2\/types\/post"}],"author":[{"embeddable":true,"href":"https:\/\/losperiodistas.com.mx\/portal\/wp-json\/wp\/v2\/users\/1"}],"replies":[{"embeddable":true,"href":"https:\/\/losperiodistas.com.mx\/portal\/wp-json\/wp\/v2\/comments?post=32780"}],"version-history":[{"count":1,"href":"https:\/\/losperiodistas.com.mx\/portal\/wp-json\/wp\/v2\/posts\/32780\/revisions"}],"predecessor-version":[{"id":32782,"href":"https:\/\/losperiodistas.com.mx\/portal\/wp-json\/wp\/v2\/posts\/32780\/revisions\/32782"}],"wp:featuredmedia":[{"embeddable":true,"href":"https:\/\/losperiodistas.com.mx\/portal\/wp-json\/wp\/v2\/media\/32781"}],"wp:attachment":[{"href":"https:\/\/losperiodistas.com.mx\/portal\/wp-json\/wp\/v2\/media?parent=32780"}],"wp:term":[{"taxonomy":"category","embeddable":true,"href":"https:\/\/losperiodistas.com.mx\/portal\/wp-json\/wp\/v2\/categories?post=32780"},{"taxonomy":"post_tag","embeddable":true,"href":"https:\/\/losperiodistas.com.mx\/portal\/wp-json\/wp\/v2\/tags?post=32780"}],"curies":[{"name":"wp","href":"https:\/\/api.w.org\/{rel}","templated":true}]}}