{"id":3276,"date":"2021-01-13T07:24:42","date_gmt":"2021-01-13T13:24:42","guid":{"rendered":"http:\/\/losperiodistas.com.mx\/portal\/?p=3276"},"modified":"2021-01-13T07:24:42","modified_gmt":"2021-01-13T13:24:42","slug":"maltrato-ensayos-ilegales-de-vacunas-9-000-ninos-murieron-en-casas-de-acogida-en-irlanda-la-razon","status":"publish","type":"post","link":"https:\/\/losperiodistas.com.mx\/portal\/maltrato-ensayos-ilegales-de-vacunas-9-000-ninos-murieron-en-casas-de-acogida-en-irlanda-la-razon\/","title":{"rendered":"Maltrato, ensayos ilegales de vacunas&#8230; 9.000 ni\u00f1os murieron en casas de acogida en Irlanda | La Raz\u00f3n"},"content":{"rendered":"\n<p style=\"font-size:18px\"><em>Un informe revela que las madres sufrieron abusos emocionales y f\u00edsicos y que los beb\u00e9s fueron utilizados en ensayos cl\u00ednicos sin autorizaci\u00f3n<\/em><\/p>\n\n\n\n<p class=\"has-vivid-cyan-blue-color has-text-color has-medium-font-size\">PACO RODR\u00cdGUEZ \/ LA RAZ\u00d3N<\/p>\n\n\n\n<p>El Gobierno irland\u00e9s ha publicado un informe de m\u00e1s de 3.000 p\u00e1ginas,\u00a0<strong>en el que concluye que unos 9.000 ni\u00f1os murieron en las casas de acogida para madres solteras dirigidas por la iglesia cat\u00f3lica.\u00a0<\/strong>La cifra equivale al 15 por ciento de los ni\u00f1os que nacieron o vivieron en las 18 instituciones que fueron investigadas durante casi 80 y que ahora figuran en el informe.<\/p>\n\n\n\n<p>El dossier describe el abuso emocional e incluso f\u00edsico al que fueron sometidas algunas de las 56.000 madres solteras, desde mujeres que trabajaban en el campo hasta empleadas dom\u00e9sticas<strong>. \u201cParece que se les mostr\u00f3 poca amabilidad y esta situaci\u00f3n se agravaba particularmente cuando estaban dando a luz\u201d<\/strong>, dice el informe.<\/p>\n\n\n\n<figure class=\"wp-block-image\"><img decoding=\"async\" src=\"https:\/\/www.larazon.es\/resizer\/xNyfUSDW_-5jG5xUkJNU1FRmfg0=\/840x0\/smart\/filters:format(jpg)\/cloudfront-eu-central-1.images.arcpublishing.com\/larazon\/7EBTAC2LEBCOXHXA73EBRJPT2E.jpg\" alt=\"Imagen de la gran pintada en el muro de la instalaci\u00f3n en la que fue localizada la fosa com\u00fan con restos de m\u00e1s de 700 ni\u00f1os\"\/><figcaption>Imagen de la gran pintada en el muro de la instalaci\u00f3n en la que fue localizada la fosa com\u00fan con restos de m\u00e1s de 700 ni\u00f1osAIDAN CRAWLEYEFE<\/figcaption><\/figure>\n\n\n\n<p>Las casas, muchas de ellas dirigidas por monjas y miembros de la Iglesia, operaron en Irlanda durante la mayor parte del siglo XX.<strong>&nbsp;La \u00faltima fue cerrada en 1998. Recib\u00edan ayudas del Estado y actuaban como agencias de adopci\u00f3n,<\/strong>&nbsp;con especial relaci\u00f3n con familias de Estados Unidos, donde acababan muchos de los reci\u00e9n nacidos.<\/p>\n\n\n\n<p>La investigaci\u00f3n concluy\u00f3 que los principales responsables de duro trato recibido por esas mujeres solteras es es primer lugar de sus propias familias,\u00a0<strong>que hicieron que acabaran en estas instituciones religiosas subvencionadas por el Estado, donde tampoco se les dispens\u00f3 el trato que necesitaban en esos momentos.\u00a0<\/strong>Algunos de los testimonios recogidos en el extenso volumen, indican que en estas instituciones se vejaba y se llegaba a maltratar a las mujeres, que a veces eran \u201cinsultadas verbalmente, degradadas e incluso abofeteadas\u201d.<\/p>\n\n\n\n<figure class=\"wp-block-image\"><img decoding=\"async\" src=\"https:\/\/www.larazon.es\/resizer\/onlze4LA1BMgMDDvDUrfXmpeJmM=\/840x0\/smart\/filters:format(jpg)\/cloudfront-eu-central-1.images.arcpublishing.com\/larazon\/2H2NVJASLJBRBE3A33TIHPL7BU.jpg\" alt=\"Imagen de la entrada de la instituci\u00f3n de Tuam, en la que murieron m\u00e1s de 700 reci\u00e9n nacidos\"\/><figcaption>Imagen de la entrada de la instituci\u00f3n de Tuam, en la que murieron m\u00e1s de 700 reci\u00e9n nacidosAIDAN CRAWLEYEFE<\/figcaption><\/figure>\n\n\n\n<p>\u201cNos hicimos esto a nosotros mismos, tratamos a las mujeres excepcionalmente mal\u201d, dijo el irland\u00e9s Taoiseach, o el primer ministro Miche\u00e1l Martin, despu\u00e9s de la publicaci\u00f3n del informe. \u201cUna dura verdad en todo esto, es que toda la sociedad fue c\u00f3mplice\u201d, agreg\u00f3.<\/p>\n\n\n\n<p>El informe tambi\u00e9n se\u00f1al\u00f3 la<strong>&nbsp;\u201cespantosa\u201d tasa de mortalidad infantil en esos hogares, calific\u00e1ndola de \u201cprobablemente la caracter\u00edstica m\u00e1s inquietante de estas instituciones\u201d.<\/strong><\/p>\n\n\n\n<p>En los a\u00f1os anteriores a 1960,<strong>\u00a0los hogares para madres solteras no salvaban la vida de los ni\u00f1os \u201cileg\u00edtimos\u201d, sino que redujeron significativamente las perspectivas de supervivencia.<\/strong>\u00a0Y no pasa de ah\u00ed la investigaci\u00f3n, no incluye ni una sola explicaci\u00f3n acerca de las altas tasas de mortalidad de los neonatos.<\/p>\n\n\n\n<p>En cambio, Martin dijo que el informe revel\u00f3 \u201cfallas significativas del estado y de la sociedad\u201d y esperaba que la publicaci\u00f3n fuera un catalizador para el cambio social.<\/p>\n\n\n\n<p>Las Hermanas de los Sagrados Corazones de Jes\u00fas y Mar\u00eda, que dirig\u00edan tres de las instituciones investigadas, dijo en un comunicado a NBC News que agradec\u00eda la publicaci\u00f3n del informe:&nbsp;<strong>\u201cQueremos disculparnos sinceramente con aquellos que no recibieron la atenci\u00f3n y el apoyo que necesitaban y merec\u00edan.<\/strong>&nbsp;Es un motivo de gran pesar para nosotros que los beb\u00e9s murieran mientras estaban bajo nuestro cuidado\u201d.<\/p>\n\n\n\n<p>La Comisi\u00f3n de Investigaci\u00f3n de Hogares Maternos e Infantiles irlandesa trabaj\u00f3 durante cinco a\u00f1os en una investigaci\u00f3n en la que se examinaron tambi\u00e9n las denuncias de que&nbsp;<strong>algunos ni\u00f1os que estaban en estas instituciones fueron utilizados en ensayos cl\u00ednicos para probar la eficacia de algunas vacunas<\/strong>&nbsp;sin el consentimiento de los padres. De hecho, la comisi\u00f3n indic\u00f3 que al menos siete ensayos sobre vacunas se testaron en ni\u00f1os de estos centros entre 1934 y 1973.<\/p>\n\n\n\n<figure class=\"wp-block-image\"><img decoding=\"async\" src=\"https:\/\/www.larazon.es\/resizer\/_CGvG4FJmigpZzxfIsgwF3sF7ZQ=\/840x0\/smart\/filters:format(jpg)\/cloudfront-eu-central-1.images.arcpublishing.com\/larazon\/BDDWOFBWNVH65DHQD2KQEYT2JY.JPG\" alt=\"Unos zapatos colgados en el muro en recuerdo a los ni\u00f1os fallecidos\"\/><figcaption>Unos zapatos colgados en el muro en recuerdo a los ni\u00f1os fallecidosCLODAGH KILCOYNEREUTERS<\/figcaption><\/figure>\n\n\n\n<p>Las casas de acogida para madres y beb\u00e9s albergaron a mujeres, algunas de tan solo 12 a\u00f1os, que hab\u00edan quedado embarazadas fuera del matrimonio, un tab\u00fa en un pa\u00eds tan conservador como Irlanda, y estas instituciones fueron utilizadas para esconder una realidad que un pa\u00eds tan devoto no pod\u00eda reconocer.<\/p>\n\n\n\n<p>La primera vez que comenz\u00f3 a hablarse de las muertes de ni\u00f1os en estos centros de acogida fue cuando Catherine Corless,&nbsp;<strong>una historiadora aficionada descubri\u00f3 un enterramiento masivo sin marcar en Tuam, en el condado occidental de Galway.&nbsp;<\/strong>Una investigaci\u00f3n determin\u00f3 en 2017 que en la fosa com\u00fan hab\u00eda restos de al menos 700 ni\u00f1os enterrados entre 1925 y 1961.<\/p>\n\n\n\n<p>Antes de la publicaci\u00f3n de los resultados de la investigaci\u00f3n, algunos de los datos se filtraron a la prensa y provoc\u00f3 la indignaci\u00f3n de las v\u00edctimas, incluida la de una de las personas que trabajaba en una de las instituciones&nbsp;<strong>Philomena Lee, cuya historia fue llevaba al cine en 2013 por Stephen Frears&nbsp;<\/strong><a href=\"https:\/\/es.wikipedia.org\/wiki\/Stephen_Frears\"><strong>y<\/strong><\/a><strong>&nbsp;fue interpretada por Judi Dench,<\/strong>&nbsp;papel que le sirvi\u00f3 para estar nominada a los Oscar.<\/p>\n\n\n\n<p>Poco despu\u00e9s, en 2018, aprovechando su primera visita papal a Irlanda en casi cuatro d\u00e9cadas, el Papa Francisco pidi\u00f3 perd\u00f3n por el esc\u00e1ndalo de las casas de acogida.<\/p>\n\n\n\n<p>Fuente: https:\/\/www.larazon.es\/internacional\/20210113\/zgzlv5s4pbcuxosnjh3qdviv34.html<\/p>\n","protected":false},"excerpt":{"rendered":"<p>Un informe revela que las madres sufrieron abusos emocionales y f\u00edsicos y que los beb\u00e9s fueron utilizados en ensayos cl\u00ednicos [&hellip;]<\/p>\n","protected":false},"author":1,"featured_media":3277,"comment_status":"open","ping_status":"open","sticky":false,"template":"","format":"standard","meta":{"site-sidebar-layout":"default","site-content-layout":"","ast-site-content-layout":"default","site-content-style":"default","site-sidebar-style":"default","ast-global-header-display":"","ast-banner-title-visibility":"","ast-main-header-display":"","ast-hfb-above-header-display":"","ast-hfb-below-header-display":"","ast-hfb-mobile-header-display":"","site-post-title":"","ast-breadcrumbs-content":"","ast-featured-img":"","footer-sml-layout":"","theme-transparent-header-meta":"","adv-header-id-meta":"","stick-header-meta":"","header-above-stick-meta":"","header-main-stick-meta":"","header-below-stick-meta":"","astra-migrate-meta-layouts":"default","ast-page-background-enabled":"default","ast-page-background-meta":{"desktop":{"background-color":"var(--ast-global-color-4)","background-image":"","background-repeat":"repeat","background-position":"center center","background-size":"auto","background-attachment":"scroll","background-type":"","background-media":"","overlay-type":"","overlay-color":"","overlay-opacity":"","overlay-gradient":""},"tablet":{"background-color":"","background-image":"","background-repeat":"repeat","background-position":"center center","background-size":"auto","background-attachment":"scroll","background-type":"","background-media":"","overlay-type":"","overlay-color":"","overlay-opacity":"","overlay-gradient":""},"mobile":{"background-color":"","background-image":"","background-repeat":"repeat","background-position":"center center","background-size":"auto","background-attachment":"scroll","background-type":"","background-media":"","overlay-type":"","overlay-color":"","overlay-opacity":"","overlay-gradient":""}},"ast-content-background-meta":{"desktop":{"background-color":"var(--ast-global-color-5)","background-image":"","background-repeat":"repeat","background-position":"center center","background-size":"auto","background-attachment":"scroll","background-type":"","background-media":"","overlay-type":"","overlay-color":"","overlay-opacity":"","overlay-gradient":""},"tablet":{"background-color":"var(--ast-global-color-5)","background-image":"","background-repeat":"repeat","background-position":"center center","background-size":"auto","background-attachment":"scroll","background-type":"","background-media":"","overlay-type":"","overlay-color":"","overlay-opacity":"","overlay-gradient":""},"mobile":{"background-color":"var(--ast-global-color-5)","background-image":"","background-repeat":"repeat","background-position":"center center","background-size":"auto","background-attachment":"scroll","background-type":"","background-media":"","overlay-type":"","overlay-color":"","overlay-opacity":"","overlay-gradient":""}},"footnotes":""},"categories":[8],"tags":[],"class_list":["post-3276","post","type-post","status-publish","format-standard","has-post-thumbnail","hentry","category-noticias"],"_links":{"self":[{"href":"https:\/\/losperiodistas.com.mx\/portal\/wp-json\/wp\/v2\/posts\/3276","targetHints":{"allow":["GET"]}}],"collection":[{"href":"https:\/\/losperiodistas.com.mx\/portal\/wp-json\/wp\/v2\/posts"}],"about":[{"href":"https:\/\/losperiodistas.com.mx\/portal\/wp-json\/wp\/v2\/types\/post"}],"author":[{"embeddable":true,"href":"https:\/\/losperiodistas.com.mx\/portal\/wp-json\/wp\/v2\/users\/1"}],"replies":[{"embeddable":true,"href":"https:\/\/losperiodistas.com.mx\/portal\/wp-json\/wp\/v2\/comments?post=3276"}],"version-history":[{"count":1,"href":"https:\/\/losperiodistas.com.mx\/portal\/wp-json\/wp\/v2\/posts\/3276\/revisions"}],"predecessor-version":[{"id":3278,"href":"https:\/\/losperiodistas.com.mx\/portal\/wp-json\/wp\/v2\/posts\/3276\/revisions\/3278"}],"wp:featuredmedia":[{"embeddable":true,"href":"https:\/\/losperiodistas.com.mx\/portal\/wp-json\/wp\/v2\/media\/3277"}],"wp:attachment":[{"href":"https:\/\/losperiodistas.com.mx\/portal\/wp-json\/wp\/v2\/media?parent=3276"}],"wp:term":[{"taxonomy":"category","embeddable":true,"href":"https:\/\/losperiodistas.com.mx\/portal\/wp-json\/wp\/v2\/categories?post=3276"},{"taxonomy":"post_tag","embeddable":true,"href":"https:\/\/losperiodistas.com.mx\/portal\/wp-json\/wp\/v2\/tags?post=3276"}],"curies":[{"name":"wp","href":"https:\/\/api.w.org\/{rel}","templated":true}]}}