{"id":32748,"date":"2022-07-22T09:37:33","date_gmt":"2022-07-22T14:37:33","guid":{"rendered":"http:\/\/losperiodistas.com.mx\/portal\/?p=32748"},"modified":"2022-07-22T09:37:35","modified_gmt":"2022-07-22T14:37:35","slug":"ernest-hemingway-entre-la-verdad-y-la-mentira-el-impostor-mas-genuino-el-confidencial","status":"publish","type":"post","link":"https:\/\/losperiodistas.com.mx\/portal\/ernest-hemingway-entre-la-verdad-y-la-mentira-el-impostor-mas-genuino-el-confidencial\/","title":{"rendered":"Ernest Hemingway, entre la verdad y la mentira: el impostor m\u00e1s genuino | El Confidencial"},"content":{"rendered":"\n<p><em>La ambig\u00fcedad y el fetichismo caracterizan la dimensi\u00f3n de un escritor gigantesco cuya primera visita a Pamplona, hace casi un siglo, transform\u00f3 los Sanfermines\u2026 y la literatura<\/em><\/p>\n\n\n\n<p><\/p>\n\n\n\n<figure class=\"wp-block-image size-large is-style-default\"><img fetchpriority=\"high\" decoding=\"async\" width=\"1024\" height=\"768\" src=\"https:\/\/losperiodistas.com.mx\/portal\/wp-content\/uploads\/2022\/07\/f.elconfidencial.com_original_3c4_99d_a8a_3c499da8a864915001230da30e7e6f8c-1024x768.jpg\" alt=\"\" class=\"wp-image-32749\" srcset=\"https:\/\/losperiodistas.com.mx\/portal\/wp-content\/uploads\/2022\/07\/f.elconfidencial.com_original_3c4_99d_a8a_3c499da8a864915001230da30e7e6f8c-1024x768.jpg 1024w, https:\/\/losperiodistas.com.mx\/portal\/wp-content\/uploads\/2022\/07\/f.elconfidencial.com_original_3c4_99d_a8a_3c499da8a864915001230da30e7e6f8c-300x225.jpg 300w, https:\/\/losperiodistas.com.mx\/portal\/wp-content\/uploads\/2022\/07\/f.elconfidencial.com_original_3c4_99d_a8a_3c499da8a864915001230da30e7e6f8c-768x576.jpg 768w, https:\/\/losperiodistas.com.mx\/portal\/wp-content\/uploads\/2022\/07\/f.elconfidencial.com_original_3c4_99d_a8a_3c499da8a864915001230da30e7e6f8c.jpg 1200w\" sizes=\"(max-width: 1024px) 100vw, 1024px\" \/><figcaption>Hemingway en Sanfermines.<\/figcaption><\/figure>\n\n\n\n<p class=\"has-vivid-cyan-blue-color has-text-color has-medium-font-size\">RUB\u00c9N AM\u00d3N \/ EL CONFIDENCIAL<\/p>\n\n\n\n<p>Puede que no exista&nbsp;<strong>mejor expresi\u00f3n que la ambig\u00fcedad<\/strong>&nbsp;\u2014o la dicotom\u00eda\u2014 para definir el misterio de&nbsp;<a href=\"https:\/\/www.elconfidencial.com\/cultura\/2021-01-06\/hemingway-scott-fitzgerald-literatura-siglo-xx_2895352\/\">Hemingway<\/a>. Y su condici\u00f3n de&nbsp;<strong>leyenda entre la verdad y la mentira<\/strong>, confundidas por \u00e9l mismo en su obra y en su vida, intrincadas entre s\u00ed para la veneraci\u00f3n de quienes lo detestan y para el desconcierto de quienes lo aman, no digamos en Pamplona,<strong>&nbsp;cuya sociedad tanto le agradece la universalidad&nbsp;<\/strong>de los&nbsp;<a href=\"https:\/\/www.elconfidencial.com\/decompras\/lifestyle\/2022-07-04\/como-vivir-unos-sanfermines-inolvidables_3451144\/\">Sanfermines&nbsp;<\/a>como le atribuye la maldici\u00f3n de haberlos masificado con el texto evang\u00e9lico de &#8216;<strong>Fiesta<\/strong>&#8216;.<\/p>\n\n\n\n<p>La traducci\u00f3n espa\u00f1ola&nbsp;<strong>trivializa el t\u00edtulo origina<\/strong>l en ingl\u00e9s (&#8216;The Sun Also Rises&#8217;), un pasaje de Eclesiast\u00e9s que&nbsp;<strong>Jos\u00e9 Luis Cuerda<\/strong>&nbsp;<a href=\"https:\/\/blogs.elconfidencial.com\/cultura\/tribuna\/2020-02-04\/jose-luis-cuerda-amanece-que-no-es-poco-muerte_2441379\/\">recondujo en una pel\u00edcula delirante<\/a>&nbsp;\u2014&#8217;Amanece que no es poco&#8217;\u2014 y cuyas resonancias b\u00edblicas redundan en la dimensi\u00f3n mitol\u00f3gica del coloso. De otro modo, no se le hubiera&nbsp;<strong>construido un monumento gigantesco<\/strong>&nbsp;en el umbral de la plaza de toros. Y no cualquier monumento, sino un \u201cmausoleo\u201d de piedra que responde en su rocosidad a la&nbsp;<strong>expectativa megal\u00f3mana<\/strong>&nbsp;y devocionario.<\/p>\n\n\n\n<p>El suicidio predispuso el&nbsp;<strong>aura de malditismo y de autodestrucci\u00f3n<\/strong>, e introdujo un sesgo libresco que<strong>&nbsp;glorific\u00f3 a Hemingway en la Pamplona<\/strong>\u2026 del franquismo. Fue en 1968 cuando se inaugur\u00f3 \u201cla roca\u201d. Y cuando se a\u00f1adi\u00f3 una nueva contradicci\u00f3n a la ejecutoria y la biograf\u00eda de \u201cpap\u00e1\u201d, precisamente porque&nbsp;<a href=\"https:\/\/www.elconfidencial.com\/alma-corazon-vida\/2022-05-16\/nueva-atlantida-pais-hermano-pequeno-hemingway_3422178\/\">Hemingway<\/a>&nbsp;se hab\u00eda significado en la causa republicana. Y hab\u00eda&nbsp;<strong>fingido dejarse la piel contra el caudillo<\/strong>.<\/p>\n\n\n\n<figure class=\"wp-block-pullquote\"><blockquote><p><strong><em>Hemingway el mujeriego. Y el antisemita. Hemingway el hura\u00f1o. Y el traidor<\/em><\/strong><\/p><\/blockquote><\/figure>\n\n\n\n<p>El novelista vampiriz\u00f3 al periodista.&nbsp;<strong>La ficci\u00f3n permiti\u00f3 a Ernesto exagerar la realidad<\/strong>, desquitarse de ella y subordinarla a sus pulsiones. Todo lo que parec\u00eda mentira\u2026 era verdad. Y todo&nbsp;<strong>lo que resultaba veros\u00edmil se lo hab\u00eda inventado<\/strong>, de tal manera que la disquisici\u00f3n del caso Hemingway \u2014su autopsia, su leyenda\u2014 se origina en&nbsp;<a href=\"https:\/\/www.elconfidencial.com\/cultura\/2021-12-24\/serie-hemingway-peter-coyote_3344440\/\">las medias mentiras y verdades<\/a>&nbsp;a medias que \u00e9l mismo hab\u00eda engendrado en&nbsp;<strong>su fertilidad y en su locuacidad<\/strong>.<\/p>\n\n\n\n<p><a href=\"https:\/\/www.elconfidencial.com\/espana\/andalucia\/2021-07-22\/hemingway-malaga-cumpleanos-reconocimiento-historia_3195259\/\">Hemingway el mujeriego.<\/a>&nbsp;Y el antisemita. Hemingway el hura\u00f1o. Y el traidor. Hemingway el volc\u00e1nico. Y el vampiro.&nbsp;<strong>O Hemingway en su connotaci\u00f3n &#8216;queer&#8217;<\/strong>, hasta el extremo de atribu\u00edrsele no solo una devoci\u00f3n m\u00e1s o menos homoer\u00f3tica a los duelistas de &#8216;El verano sangriento&#8217; \u2014<strong>Ord\u00f3\u00f1ez y Luis Miguel<\/strong>\u2014, sino una relaci\u00f3n \u201cambigua\u201d con&nbsp;<strong>Sidney Franklin<\/strong>, torero gay y jud\u00edo de Brooklyn cuyos&nbsp;<strong>vaivenes biogr\u00e1ficos se han incorporado a las \u00faltimas novedades<\/strong>&nbsp;del expediente H. \u00bfVerdad o mentira? \u00bfVerdad y mentira?<\/p>\n\n\n\n<figure class=\"wp-block-pullquote\"><blockquote><p><strong><em>Resulta impracticable desenmascarar las leyendas que enfatizan su hero\u00edsmo<\/em><\/strong><\/p><\/blockquote><\/figure>\n\n\n\n<p>Por eso resulta tan fascinante<strong>\u00a0la leyenda del suicidio<\/strong>. Y no porque se inventara su propia muerte, sino porque la decisi\u00f3n de ejecutarse con una escopeta de dos ca\u00f1ones en su residencia de Ketchum (Idaho) sobrevino despu\u00e9s de haber\u00a0<strong>manoseado las entradas para los inminentes Sanfermines<\/strong>\u00a0de 1961. \u00bfC\u00f3mo hab\u00edan llegado hasta all\u00ed, considerando que el suicidio se produjo el 2 de julio? Es in\u00fatil contradecir la falacia, como resulta impracticable desenmascarar las leyendas que enfatizan el hero\u00edsmo del escritor, muchas de ellas elaboradas en las coberturas de la Primera Guerra Mundial y de la Segunda. A caballo de ambas, Hemingway se encontr\u00f3 con los Sanfermines (1923) y los percibi\u00f3 como<strong>\u00a0un trance inici\u00e1tico<\/strong>. Era un desconocido, entonces EH.\u00a0<a href=\"https:\/\/www.elconfidencial.com\/alma-corazon-vida\/2021-11-25\/rivalidades-historicas-famosas-personajes_3329126\/\">Y no lo era tanto Scott Fitzgerald<\/a>, destinatario de una carta manuscrita en la que\u00a0<strong>Hemingway perfila su idea definitiva de para\u00edso<\/strong>, muy lejos de las trincheras y el &#8216;whisky&#8217;: ver toros y pescar truchas.<\/p>\n\n\n\n<figure class=\"wp-block-image size-large is-style-default\"><img decoding=\"async\" width=\"1024\" height=\"621\" src=\"https:\/\/losperiodistas.com.mx\/portal\/wp-content\/uploads\/2022\/07\/Captura-de-Pantalla-2022-07-22-a-las-9.34.46-1024x621.jpg\" alt=\"\" class=\"wp-image-32751\" srcset=\"https:\/\/losperiodistas.com.mx\/portal\/wp-content\/uploads\/2022\/07\/Captura-de-Pantalla-2022-07-22-a-las-9.34.46-1024x621.jpg 1024w, https:\/\/losperiodistas.com.mx\/portal\/wp-content\/uploads\/2022\/07\/Captura-de-Pantalla-2022-07-22-a-las-9.34.46-300x182.jpg 300w, https:\/\/losperiodistas.com.mx\/portal\/wp-content\/uploads\/2022\/07\/Captura-de-Pantalla-2022-07-22-a-las-9.34.46-768x466.jpg 768w, https:\/\/losperiodistas.com.mx\/portal\/wp-content\/uploads\/2022\/07\/Captura-de-Pantalla-2022-07-22-a-las-9.34.46.jpg 1290w\" sizes=\"(max-width: 1024px) 100vw, 1024px\" \/><\/figure>\n\n\n\n<p>Es atractivo<strong>&nbsp;relacionar una y otra pasi\u00f3n con sus novelas m\u00e1s c\u00e9lebres<\/strong>&nbsp;\u2014&#8217;&nbsp;<a href=\"https:\/\/www.amazon.es\/Fiesta-CONTEMPORANEA-Ernest-Hemingway\/dp\/8497597931?tag=ec-3464161-21\" target=\"_blank\" rel=\"noreferrer noopener\">Fiesta&nbsp;<\/a>&#8216; y &#8216;&nbsp;<a href=\"https:\/\/www.amazon.es\/viejo-mar-CONTEMPORANEA-Ernest-Hemingway\/dp\/8497594584?tag=ec-3464161-21\" target=\"_blank\" rel=\"noreferrer noopener\">El viejo y el mar&nbsp;<\/a>&#8216;\u2014, como si la&nbsp;<strong>experiencia en la plaza de Pamplona<\/strong>&nbsp;y en los r\u00edos aleda\u00f1os evocaran el sue\u00f1o de grandeza de Nelson cuando recog\u00eda una bellota del suelo. All\u00ed, donde otros observaban el fruto del roble, el almirante brit\u00e1nico visualizaba el vientre de un gran barco.<\/p>\n\n\n\n<p><strong>Imaginaci\u00f3n y clarividencia.<\/strong>\u00a0Tanto valen una cualidad como la otra para identificar la envergadura de un gigantesco escritor que lleg\u00f3 a tiempo de\u00a0<strong>recibir el Nobel\u00a0<\/strong>y de visitar al anciano\u00a0<a href=\"https:\/\/www.elconfidencial.com\/cultura\/2017-11-18\/pio-baroja-independencia-nacionalismo-catalan_1479548\/\">P\u00edo Baroja<\/a>\u00a0para dedic\u00e1rselo.<\/p>\n\n\n\n<figure class=\"wp-block-image size-large is-style-default\"><img decoding=\"async\" width=\"1024\" height=\"629\" src=\"https:\/\/losperiodistas.com.mx\/portal\/wp-content\/uploads\/2022\/07\/Captura-de-Pantalla-2022-07-22-a-las-9.34.06-1024x629.jpg\" alt=\"\" class=\"wp-image-32750\" srcset=\"https:\/\/losperiodistas.com.mx\/portal\/wp-content\/uploads\/2022\/07\/Captura-de-Pantalla-2022-07-22-a-las-9.34.06-1024x629.jpg 1024w, https:\/\/losperiodistas.com.mx\/portal\/wp-content\/uploads\/2022\/07\/Captura-de-Pantalla-2022-07-22-a-las-9.34.06-300x184.jpg 300w, https:\/\/losperiodistas.com.mx\/portal\/wp-content\/uploads\/2022\/07\/Captura-de-Pantalla-2022-07-22-a-las-9.34.06-768x472.jpg 768w, https:\/\/losperiodistas.com.mx\/portal\/wp-content\/uploads\/2022\/07\/Captura-de-Pantalla-2022-07-22-a-las-9.34.06.jpg 1282w\" sizes=\"(max-width: 1024px) 100vw, 1024px\" \/><\/figure>\n\n\n\n<p>Es dif\u00edcil encontrar personalidades menos afines.&nbsp;<a href=\"https:\/\/www.elconfidencial.com\/cultura\/2019-04-07\/inaki-ezkerra-baroja-la-voz-de-la-intemperie_1925802\/\">Baroja abjuraba de la Espa\u00f1a lev\u00edtica<\/a>, fiestera, taurina, hedonista e hip\u00f3crita, mientras que&nbsp;<strong>Hemingway se convirti\u00f3 en profeta de Sodoma<\/strong>&nbsp;e Iru\u00f1a o de Pamplona y Gomorra, hasta el punto de&nbsp;<strong>repudiar \u00e9l mismo a\u00f1os despu\u00e9s a todos<\/strong>&nbsp;los americanos, brit\u00e1nicos y australianos que recalaron en San Ferm\u00edn con el breviario de &#8216;Fiesta&#8217; o con el correlato de &#8216;Muerte en la tarde&#8217;.<\/p>\n\n\n\n<p>No le gustaban al viejo\u00a0<strong>los aduladores ni los fetichistas<\/strong>. Tampoco le gusta a los lugare\u00f1os de Iru\u00f1a que los pamploneses aparezcan como figurantes de una historia o de una novela que\u00a0<a href=\"https:\/\/www.elconfidencial.com\/cultura\/2022-02-02\/ulises-joyce-picasso-hemingway-proust_3350529\/\">Hemingway<\/a>\u00a0concibi\u00f3 desde la verdad para llevar a la categor\u00eda de la mentira, aunque\u00a0<strong>la mayor paradoja<\/strong>\u00a0acaso consista en que toda la popularidad y universalidad de Ernest \u2014y toda la tradici\u00f3n oral\u2014 no contradicen que lo\u00a0<strong>percibamos como un perfecto desconocido<\/strong>. Y que se hable mucho de sus libros sin haberlos le\u00eddo.<\/p>\n\n\n\n<p>Fuente: https:\/\/www.elconfidencial.com\/cultura\/2022-07-22\/hemingway-impostor-genuino_3464161\/<\/p>\n","protected":false},"excerpt":{"rendered":"<p>La ambig\u00fcedad y el fetichismo caracterizan la dimensi\u00f3n de un escritor gigantesco cuya primera visita a Pamplona, hace casi un [&hellip;]<\/p>\n","protected":false},"author":1,"featured_media":32749,"comment_status":"open","ping_status":"open","sticky":false,"template":"","format":"standard","meta":{"site-sidebar-layout":"default","site-content-layout":"","ast-site-content-layout":"default","site-content-style":"default","site-sidebar-style":"default","ast-global-header-display":"","ast-banner-title-visibility":"","ast-main-header-display":"","ast-hfb-above-header-display":"","ast-hfb-below-header-display":"","ast-hfb-mobile-header-display":"","site-post-title":"","ast-breadcrumbs-content":"","ast-featured-img":"","footer-sml-layout":"","theme-transparent-header-meta":"","adv-header-id-meta":"","stick-header-meta":"","header-above-stick-meta":"","header-main-stick-meta":"","header-below-stick-meta":"","astra-migrate-meta-layouts":"default","ast-page-background-enabled":"default","ast-page-background-meta":{"desktop":{"background-color":"var(--ast-global-color-4)","background-image":"","background-repeat":"repeat","background-position":"center center","background-size":"auto","background-attachment":"scroll","background-type":"","background-media":"","overlay-type":"","overlay-color":"","overlay-opacity":"","overlay-gradient":""},"tablet":{"background-color":"","background-image":"","background-repeat":"repeat","background-position":"center center","background-size":"auto","background-attachment":"scroll","background-type":"","background-media":"","overlay-type":"","overlay-color":"","overlay-opacity":"","overlay-gradient":""},"mobile":{"background-color":"","background-image":"","background-repeat":"repeat","background-position":"center center","background-size":"auto","background-attachment":"scroll","background-type":"","background-media":"","overlay-type":"","overlay-color":"","overlay-opacity":"","overlay-gradient":""}},"ast-content-background-meta":{"desktop":{"background-color":"var(--ast-global-color-5)","background-image":"","background-repeat":"repeat","background-position":"center center","background-size":"auto","background-attachment":"scroll","background-type":"","background-media":"","overlay-type":"","overlay-color":"","overlay-opacity":"","overlay-gradient":""},"tablet":{"background-color":"var(--ast-global-color-5)","background-image":"","background-repeat":"repeat","background-position":"center center","background-size":"auto","background-attachment":"scroll","background-type":"","background-media":"","overlay-type":"","overlay-color":"","overlay-opacity":"","overlay-gradient":""},"mobile":{"background-color":"var(--ast-global-color-5)","background-image":"","background-repeat":"repeat","background-position":"center center","background-size":"auto","background-attachment":"scroll","background-type":"","background-media":"","overlay-type":"","overlay-color":"","overlay-opacity":"","overlay-gradient":""}},"footnotes":""},"categories":[8],"tags":[11538,11539],"class_list":["post-32748","post","type-post","status-publish","format-standard","has-post-thumbnail","hentry","category-noticias","tag-ernest-hemingway","tag-sanfermines"],"_links":{"self":[{"href":"https:\/\/losperiodistas.com.mx\/portal\/wp-json\/wp\/v2\/posts\/32748","targetHints":{"allow":["GET"]}}],"collection":[{"href":"https:\/\/losperiodistas.com.mx\/portal\/wp-json\/wp\/v2\/posts"}],"about":[{"href":"https:\/\/losperiodistas.com.mx\/portal\/wp-json\/wp\/v2\/types\/post"}],"author":[{"embeddable":true,"href":"https:\/\/losperiodistas.com.mx\/portal\/wp-json\/wp\/v2\/users\/1"}],"replies":[{"embeddable":true,"href":"https:\/\/losperiodistas.com.mx\/portal\/wp-json\/wp\/v2\/comments?post=32748"}],"version-history":[{"count":1,"href":"https:\/\/losperiodistas.com.mx\/portal\/wp-json\/wp\/v2\/posts\/32748\/revisions"}],"predecessor-version":[{"id":32752,"href":"https:\/\/losperiodistas.com.mx\/portal\/wp-json\/wp\/v2\/posts\/32748\/revisions\/32752"}],"wp:featuredmedia":[{"embeddable":true,"href":"https:\/\/losperiodistas.com.mx\/portal\/wp-json\/wp\/v2\/media\/32749"}],"wp:attachment":[{"href":"https:\/\/losperiodistas.com.mx\/portal\/wp-json\/wp\/v2\/media?parent=32748"}],"wp:term":[{"taxonomy":"category","embeddable":true,"href":"https:\/\/losperiodistas.com.mx\/portal\/wp-json\/wp\/v2\/categories?post=32748"},{"taxonomy":"post_tag","embeddable":true,"href":"https:\/\/losperiodistas.com.mx\/portal\/wp-json\/wp\/v2\/tags?post=32748"}],"curies":[{"name":"wp","href":"https:\/\/api.w.org\/{rel}","templated":true}]}}