{"id":32737,"date":"2022-07-22T08:50:11","date_gmt":"2022-07-22T13:50:11","guid":{"rendered":"http:\/\/losperiodistas.com.mx\/portal\/?p=32737"},"modified":"2022-07-22T08:50:15","modified_gmt":"2022-07-22T13:50:15","slug":"roman-polanski-un-caso-cerca-ya-de-cerrarse-la-razon","status":"publish","type":"post","link":"https:\/\/losperiodistas.com.mx\/portal\/roman-polanski-un-caso-cerca-ya-de-cerrarse-la-razon\/","title":{"rendered":"Roman Polanski, \u00bfun caso cerca ya de cerrarse? | La Raz\u00f3n"},"content":{"rendered":"\n<h2 class=\"wp-block-heading\"><em>Salen a la luz documentos que demuestran las irregularidades del juez instructor durante el proceso<\/em><\/h2>\n\n\n\n<p><\/p>\n\n\n\n<figure class=\"wp-block-image is-style-default\"><img decoding=\"async\" src=\"https:\/\/www.larazon.es\/resizer\/-1gfAyTTGIrnjNt6K0mp-Ir_1pg=\/600x400\/smart\/filters:format(jpg)\/cloudfront-eu-central-1.images.arcpublishing.com\/larazon\/LYPSZ4WJCFHRLDXHSJI6WTJCTU.jpg\" alt=\"Roman Polanski, en Cannes en 2017\"\/><figcaption>Roman Polanski, en Cannes en 2017<\/figcaption><\/figure>\n\n\n\n<p><a href=\"https:\/\/api.whatsapp.com\/send?text=https:\/\/www.larazon.es\/cultura\/20220722\/bbccg5mtofczzat452nh7zcio4.html\" target=\"_blank\" rel=\"noreferrer noopener\"><\/a><a href=\"https:\/\/www.facebook.com\/sharer\/sharer.php?u=https:\/\/www.larazon.es\/cultura\/20220722\/bbccg5mtofczzat452nh7zcio4.html&amp;quote=\" target=\"_blank\" rel=\"noreferrer noopener\"><\/a><a href=\"https:\/\/twitter.com\/intent\/tweet?url=https:\/\/www.larazon.es\/cultura\/20220722\/bbccg5mtofczzat452nh7zcio4.html&amp;text=Roman%20Polanski,%20%C2%BFun%20caso%20cerca%20ya%20de%20cerrarse?&amp;hashtags=larazon_es\" target=\"_blank\" rel=\"noreferrer noopener\"><\/a><a href=\"mailto:?subject=&amp;body=https:\/\/www.larazon.es\/cultura\/20220722\/bbccg5mtofczzat452nh7zcio4.html\" target=\"_blank\" rel=\"noreferrer noopener\"><\/a><\/p>\n\n\n\n<p class=\"has-vivid-cyan-blue-color has-text-color has-medium-font-size\">V\u00cdCTOR FERN\u00c1NDEZ \/ LA RAZ\u00d3N <\/p>\n\n\n\n<p><strong>A sus 88 a\u00f1os, Roman Polanski sigue trabajando<\/strong>. En estos d\u00edas est\u00e1&nbsp;<strong>ultimando la postproducci\u00f3n de su nueva pel\u00edcula, \u00abThe Palace\u00bb, protagonizada por John Cleese, Mickey Rourke y Fanny Ardant<\/strong>, entre otros. La cinta se ha rodado no muy lejos de Gstaad (Suiza), donde el cineasta tiene una casa en la que reside buena parte del a\u00f1o. Es desde all\u00ed donde<strong>&nbsp;Polanski est\u00e1 tratando de poner punto y final a todo el l\u00edo judicial que lo persigue en Estados Unidos desde hace ya 45 a\u00f1os<\/strong>. Esta semana se ha conocido el \u00faltimo acto de<strong>&nbsp;un caso que empez\u00f3 en 1977, en Los \u00c1ngeles, cuando el autor de \u00abRepulsi\u00f3n\u00bb o \u00abLa semilla del diablo\u00bb viol\u00f3 a una menor, Samantha Gailey, adem\u00e1s de consumir drogas con la joven, que ten\u00eda 13 a\u00f1os.&nbsp;<\/strong>A partir de aqu\u00ed se inici\u00f3 un proceso en el que Polanski fue investigado y llevado ante la Justicia. Finalmente, el realizador acab\u00f3 huyendo e instal\u00e1ndose en Europa, donde reside desde entonces.<\/p>\n\n\n\n<p><strong>Roger Gunson, el fiscal en el juicio contra Polanski en Los \u00c1ngeles, admiti\u00f3 esta semana que intent\u00f3 apartar al juez que supervisaba el caso porque no cumpl\u00eda sus promesas y estaba condicionado por la presi\u00f3n medi\u00e1tica.<\/strong>&nbsp;No es una historia nueva, porque esto se hab\u00eda contado con detalle en el documental de HBO \u00abRoman Polanski: Se busca\u00bb. Sin embargo, ahora nos encontramos con documentos que hasta ahora permanec\u00edan clasificados, como la declaraci\u00f3n de Gunson que le fue tomada en 2010 y que viene a darle la raz\u00f3n a<strong>&nbsp;Polanski, quien, en 1978, cuando huy\u00f3 de Estados Unidos, argument\u00f3 que lo hac\u00eda porque no tendr\u00eda un juicio justo.<\/strong><\/p>\n\n\n\n<p><strong>El juez instructor del caso, Laurence J. Rittenband, ya fallecido, le asegur\u00f3 a Gunson que podr\u00eda alargar la condena del cineasta en prisi\u00f3n.<\/strong>\u00a0Polanski pas\u00f3 42 d\u00edas en la c\u00e1rcel para ser examinado psicol\u00f3gicamente despu\u00e9s de declararse culpable de un delito de relaciones sexuales con una menor, todo ello a cambio de que los abogados de la v\u00edctima retirasen, como as\u00ed fue, las otras denuncias de violaci\u00f3n y uso de drogas contra la voluntad de Gailey. Pese a todo,<strong>\u00a0el magistrado admiti\u00f3 al fiscal que la presi\u00f3n medi\u00e1tica le estaba haciendo replantearse todo el caso y que quer\u00eda ampliar la estancia de Polanski entre rejas.\u00a0<\/strong>Gunson ha explicado estos d\u00edas que trat\u00f3, aunque sin ning\u00fan \u00e9xito, retirar al magistrado del caso. En el citado documental, la v\u00edctima de la violaci\u00f3n aseguraba que el juez nunca se preocup\u00f3 de ella sino de \u00e9l mismo y de la publicidad que pod\u00eda tener con todo este oscuro asunto.<\/p>\n\n\n\n<p>El tema vuelve a la luz porque<strong>&nbsp;el nuevo fiscal del condado de Los \u00c1ngeles, George Gascon, solicit\u00f3 hace una semana que se hicieran p\u00fablicos los documentos relativos a la acusaci\u00f3n criminal contra el cineasta polaco. El fiscal reconoci\u00f3 que quiere estudiar el caso \u00abcon nuevos ojos\u00bb.<\/strong><\/p>\n\n\n\n<p>Por su parte,\u00a0<strong>Samantha Gailey es partidaria de que se ponga fin al juicio sin el arresto de Polanski. Hace tiempo que lo perdon\u00f3, algo que ha reiterado en muchas declaraciones p\u00fablicas. El caso podr\u00eda estar cerca de conocer su cap\u00edtulo definitivo<\/strong>.<\/p>\n\n\n\n<p>Fuente: https:\/\/www.larazon.es\/cultura\/20220722\/bbccg5mtofczzat452nh7zcio4.html<\/p>\n","protected":false},"excerpt":{"rendered":"<p>Salen a la luz documentos que demuestran las irregularidades del juez instructor durante el proceso V\u00cdCTOR FERN\u00c1NDEZ \/ LA RAZ\u00d3N [&hellip;]<\/p>\n","protected":false},"author":1,"featured_media":32738,"comment_status":"open","ping_status":"open","sticky":false,"template":"","format":"standard","meta":{"site-sidebar-layout":"default","site-content-layout":"","ast-site-content-layout":"default","site-content-style":"default","site-sidebar-style":"default","ast-global-header-display":"","ast-banner-title-visibility":"","ast-main-header-display":"","ast-hfb-above-header-display":"","ast-hfb-below-header-display":"","ast-hfb-mobile-header-display":"","site-post-title":"","ast-breadcrumbs-content":"","ast-featured-img":"","footer-sml-layout":"","theme-transparent-header-meta":"","adv-header-id-meta":"","stick-header-meta":"","header-above-stick-meta":"","header-main-stick-meta":"","header-below-stick-meta":"","astra-migrate-meta-layouts":"default","ast-page-background-enabled":"default","ast-page-background-meta":{"desktop":{"background-color":"var(--ast-global-color-4)","background-image":"","background-repeat":"repeat","background-position":"center center","background-size":"auto","background-attachment":"scroll","background-type":"","background-media":"","overlay-type":"","overlay-color":"","overlay-opacity":"","overlay-gradient":""},"tablet":{"background-color":"","background-image":"","background-repeat":"repeat","background-position":"center center","background-size":"auto","background-attachment":"scroll","background-type":"","background-media":"","overlay-type":"","overlay-color":"","overlay-opacity":"","overlay-gradient":""},"mobile":{"background-color":"","background-image":"","background-repeat":"repeat","background-position":"center center","background-size":"auto","background-attachment":"scroll","background-type":"","background-media":"","overlay-type":"","overlay-color":"","overlay-opacity":"","overlay-gradient":""}},"ast-content-background-meta":{"desktop":{"background-color":"var(--ast-global-color-5)","background-image":"","background-repeat":"repeat","background-position":"center center","background-size":"auto","background-attachment":"scroll","background-type":"","background-media":"","overlay-type":"","overlay-color":"","overlay-opacity":"","overlay-gradient":""},"tablet":{"background-color":"var(--ast-global-color-5)","background-image":"","background-repeat":"repeat","background-position":"center center","background-size":"auto","background-attachment":"scroll","background-type":"","background-media":"","overlay-type":"","overlay-color":"","overlay-opacity":"","overlay-gradient":""},"mobile":{"background-color":"var(--ast-global-color-5)","background-image":"","background-repeat":"repeat","background-position":"center center","background-size":"auto","background-attachment":"scroll","background-type":"","background-media":"","overlay-type":"","overlay-color":"","overlay-opacity":"","overlay-gradient":""}},"footnotes":""},"categories":[8],"tags":[11532,11533],"class_list":["post-32737","post","type-post","status-publish","format-standard","has-post-thumbnail","hentry","category-noticias","tag-roman-polanski","tag-samantha-gailey"],"_links":{"self":[{"href":"https:\/\/losperiodistas.com.mx\/portal\/wp-json\/wp\/v2\/posts\/32737","targetHints":{"allow":["GET"]}}],"collection":[{"href":"https:\/\/losperiodistas.com.mx\/portal\/wp-json\/wp\/v2\/posts"}],"about":[{"href":"https:\/\/losperiodistas.com.mx\/portal\/wp-json\/wp\/v2\/types\/post"}],"author":[{"embeddable":true,"href":"https:\/\/losperiodistas.com.mx\/portal\/wp-json\/wp\/v2\/users\/1"}],"replies":[{"embeddable":true,"href":"https:\/\/losperiodistas.com.mx\/portal\/wp-json\/wp\/v2\/comments?post=32737"}],"version-history":[{"count":1,"href":"https:\/\/losperiodistas.com.mx\/portal\/wp-json\/wp\/v2\/posts\/32737\/revisions"}],"predecessor-version":[{"id":32739,"href":"https:\/\/losperiodistas.com.mx\/portal\/wp-json\/wp\/v2\/posts\/32737\/revisions\/32739"}],"wp:featuredmedia":[{"embeddable":true,"href":"https:\/\/losperiodistas.com.mx\/portal\/wp-json\/wp\/v2\/media\/32738"}],"wp:attachment":[{"href":"https:\/\/losperiodistas.com.mx\/portal\/wp-json\/wp\/v2\/media?parent=32737"}],"wp:term":[{"taxonomy":"category","embeddable":true,"href":"https:\/\/losperiodistas.com.mx\/portal\/wp-json\/wp\/v2\/categories?post=32737"},{"taxonomy":"post_tag","embeddable":true,"href":"https:\/\/losperiodistas.com.mx\/portal\/wp-json\/wp\/v2\/tags?post=32737"}],"curies":[{"name":"wp","href":"https:\/\/api.w.org\/{rel}","templated":true}]}}