{"id":32734,"date":"2022-07-22T08:30:17","date_gmt":"2022-07-22T13:30:17","guid":{"rendered":"http:\/\/losperiodistas.com.mx\/portal\/?p=32734"},"modified":"2022-07-22T08:30:19","modified_gmt":"2022-07-22T13:30:19","slug":"los-casos-globales-de-covid-19-se-han-duplicado-en-seis-semanas-segun-datos-de-la-oms-dw","status":"publish","type":"post","link":"https:\/\/losperiodistas.com.mx\/portal\/los-casos-globales-de-covid-19-se-han-duplicado-en-seis-semanas-segun-datos-de-la-oms-dw\/","title":{"rendered":"Los casos globales de COVID-19 se han duplicado en seis semanas, seg\u00fan datos de la OMS | DW"},"content":{"rendered":"\n<p><em>El director general de la OMS advirti\u00f3 sobre este incremento de infecciones e insisti\u00f3 en la necesidad de continuar tomando medidas en respuesta a la pandemia.<\/em><\/p>\n\n\n\n<p><\/p>\n\n\n\n<figure class=\"wp-block-image size-full is-style-default\"><img fetchpriority=\"high\" decoding=\"async\" width=\"700\" height=\"394\" src=\"https:\/\/losperiodistas.com.mx\/portal\/wp-content\/uploads\/2022\/07\/60431362_303.jpeg\" alt=\"\" class=\"wp-image-32735\" srcset=\"https:\/\/losperiodistas.com.mx\/portal\/wp-content\/uploads\/2022\/07\/60431362_303.jpeg 700w, https:\/\/losperiodistas.com.mx\/portal\/wp-content\/uploads\/2022\/07\/60431362_303-300x169.jpeg 300w\" sizes=\"(max-width: 700px) 100vw, 700px\" \/><\/figure>\n\n\n\n<p><\/p>\n\n\n\n<p class=\"has-vivid-cyan-blue-color has-text-color has-medium-font-size\">DW<\/p>\n\n\n\n<p>Los casos globales de&nbsp;<a href=\"https:\/\/www.dw.com\/es\/m%C3%A9xico-suma-134-muertes-por-covid-la-mayor-cifra-en-5-meses\/a-62538055\">covid<\/a>&nbsp;se han incrementado de&nbsp;unos tres millones semanales a seis millones actualmente, advirti\u00f3 este mi\u00e9rcoles (20.07.2022) el director general de la&nbsp;<a href=\"https:\/\/www.dw.com\/es\/oms\/t-36416658\">Organizaci\u00f3n Mundial de la Salud (OMS)<\/a>, Tedros Adhanom Ghebreyesus.<\/p>\n\n\n\n<p>\u00abUn aumento de casos significa que puede haber m\u00e1s hospitalizaciones y fallecimientos en las semanas venideras\u00bb, destac\u00f3 en una rueda de prensa el experto et\u00edope, quien indic\u00f3 que la mayor parte de los contagios actuales parecen pertenecer al&nbsp;<a href=\"https:\/\/www.dw.com\/es\/%C3%B3micron-ba5-nadie-est%C3%A1-totalmente-protegido\/a-62114117\">sublinaje BA.5 de la variante \u00f3micron<\/a>, \u00abpor ahora el m\u00e1s contagioso conocido\u00bb.<\/p>\n\n\n\n<p>La semana pasada, el director de la oficina regional de la OMS para Europa, Hans Kluge, ya hab\u00eda&nbsp;avisado&nbsp;que en las \u00faltimas seis semanas los contagios de coronavirus en los pa\u00edses europeos se hab\u00edan&nbsp;\u00abtriplicado\u00bb.<\/p>\n\n\n\n<p>Tedros afirm\u00f3 que el virus \u00abcontinuar\u00e1 evolucionando y debemos estar preparados para lo que traiga\u00bb, por lo que volvi\u00f3 a insistir en la necesidad de no relajarse en la respuesta a la pandemia.<\/p>\n\n\n\n<p>El m\u00e1ximo responsable de la OMS a\u00f1adi\u00f3 que \u00abahora es el momento, cuando los hospitales a\u00fan no est\u00e1n saturados, para afrontar las carencias en seguimiento, inmunizaci\u00f3n, personal sanitario y resiliencia\u00bb.<\/p>\n\n\n\n<p>\u00abContinuaremos viendo olas de contagios, pero no queremos que se conviertan tambi\u00e9n en olas de hospitalizaci\u00f3n y muertes\u00bb, destac\u00f3, a la vez que&nbsp;insisti\u00f3 en la necesidad de vacunar a trabajadores sanitarios y personas mayores en todos los pa\u00edses.<\/p>\n\n\n\n<p>ies (efe\/Europa Press)<\/p>\n\n\n\n<p>Fuente: https:\/\/www.dw.com\/es\/los-casos-globales-de-covid-19-se-han-duplicado-en-seis-semanas-seg%C3%BAn-datos-de-la-oms\/a-62544625<\/p>\n","protected":false},"excerpt":{"rendered":"<p>El director general de la OMS advirti\u00f3 sobre este incremento de infecciones e insisti\u00f3 en la necesidad de continuar tomando [&hellip;]<\/p>\n","protected":false},"author":1,"featured_media":32735,"comment_status":"open","ping_status":"open","sticky":false,"template":"","format":"standard","meta":{"site-sidebar-layout":"default","site-content-layout":"","ast-site-content-layout":"default","site-content-style":"default","site-sidebar-style":"default","ast-global-header-display":"","ast-banner-title-visibility":"","ast-main-header-display":"","ast-hfb-above-header-display":"","ast-hfb-below-header-display":"","ast-hfb-mobile-header-display":"","site-post-title":"","ast-breadcrumbs-content":"","ast-featured-img":"","footer-sml-layout":"","theme-transparent-header-meta":"","adv-header-id-meta":"","stick-header-meta":"","header-above-stick-meta":"","header-main-stick-meta":"","header-below-stick-meta":"","astra-migrate-meta-layouts":"default","ast-page-background-enabled":"default","ast-page-background-meta":{"desktop":{"background-color":"var(--ast-global-color-4)","background-image":"","background-repeat":"repeat","background-position":"center center","background-size":"auto","background-attachment":"scroll","background-type":"","background-media":"","overlay-type":"","overlay-color":"","overlay-opacity":"","overlay-gradient":""},"tablet":{"background-color":"","background-image":"","background-repeat":"repeat","background-position":"center center","background-size":"auto","background-attachment":"scroll","background-type":"","background-media":"","overlay-type":"","overlay-color":"","overlay-opacity":"","overlay-gradient":""},"mobile":{"background-color":"","background-image":"","background-repeat":"repeat","background-position":"center center","background-size":"auto","background-attachment":"scroll","background-type":"","background-media":"","overlay-type":"","overlay-color":"","overlay-opacity":"","overlay-gradient":""}},"ast-content-background-meta":{"desktop":{"background-color":"var(--ast-global-color-5)","background-image":"","background-repeat":"repeat","background-position":"center center","background-size":"auto","background-attachment":"scroll","background-type":"","background-media":"","overlay-type":"","overlay-color":"","overlay-opacity":"","overlay-gradient":""},"tablet":{"background-color":"var(--ast-global-color-5)","background-image":"","background-repeat":"repeat","background-position":"center center","background-size":"auto","background-attachment":"scroll","background-type":"","background-media":"","overlay-type":"","overlay-color":"","overlay-opacity":"","overlay-gradient":""},"mobile":{"background-color":"var(--ast-global-color-5)","background-image":"","background-repeat":"repeat","background-position":"center center","background-size":"auto","background-attachment":"scroll","background-type":"","background-media":"","overlay-type":"","overlay-color":"","overlay-opacity":"","overlay-gradient":""}},"footnotes":""},"categories":[8],"tags":[11531,507],"class_list":["post-32734","post","type-post","status-publish","format-standard","has-post-thumbnail","hentry","category-noticias","tag-covid-repunte","tag-oms"],"_links":{"self":[{"href":"https:\/\/losperiodistas.com.mx\/portal\/wp-json\/wp\/v2\/posts\/32734","targetHints":{"allow":["GET"]}}],"collection":[{"href":"https:\/\/losperiodistas.com.mx\/portal\/wp-json\/wp\/v2\/posts"}],"about":[{"href":"https:\/\/losperiodistas.com.mx\/portal\/wp-json\/wp\/v2\/types\/post"}],"author":[{"embeddable":true,"href":"https:\/\/losperiodistas.com.mx\/portal\/wp-json\/wp\/v2\/users\/1"}],"replies":[{"embeddable":true,"href":"https:\/\/losperiodistas.com.mx\/portal\/wp-json\/wp\/v2\/comments?post=32734"}],"version-history":[{"count":1,"href":"https:\/\/losperiodistas.com.mx\/portal\/wp-json\/wp\/v2\/posts\/32734\/revisions"}],"predecessor-version":[{"id":32736,"href":"https:\/\/losperiodistas.com.mx\/portal\/wp-json\/wp\/v2\/posts\/32734\/revisions\/32736"}],"wp:featuredmedia":[{"embeddable":true,"href":"https:\/\/losperiodistas.com.mx\/portal\/wp-json\/wp\/v2\/media\/32735"}],"wp:attachment":[{"href":"https:\/\/losperiodistas.com.mx\/portal\/wp-json\/wp\/v2\/media?parent=32734"}],"wp:term":[{"taxonomy":"category","embeddable":true,"href":"https:\/\/losperiodistas.com.mx\/portal\/wp-json\/wp\/v2\/categories?post=32734"},{"taxonomy":"post_tag","embeddable":true,"href":"https:\/\/losperiodistas.com.mx\/portal\/wp-json\/wp\/v2\/tags?post=32734"}],"curies":[{"name":"wp","href":"https:\/\/api.w.org\/{rel}","templated":true}]}}