{"id":3273,"date":"2021-01-13T07:15:11","date_gmt":"2021-01-13T13:15:11","guid":{"rendered":"http:\/\/losperiodistas.com.mx\/portal\/?p=3273"},"modified":"2021-01-13T07:15:11","modified_gmt":"2021-01-13T13:15:11","slug":"transicion-politica-en-eu-en-siete-dias-todo-puede-pasar","status":"publish","type":"post","link":"https:\/\/losperiodistas.com.mx\/portal\/transicion-politica-en-eu-en-siete-dias-todo-puede-pasar\/","title":{"rendered":"Transici\u00f3n pol\u00edtica en EU: en siete d\u00edas todo puede pasar"},"content":{"rendered":"\n<p style=\"font-size:26px\"><em>Por Fernando Manzanilla Prieto<\/em><\/p>\n\n\n\n<p>La \u201cEra Trump\u201d no llegar\u00e1 tan f\u00e1cilmente a su fin, ni con el t\u00e9rmino de su mandato ni con la ausencia del propio Trump en caso de que sea juzgado pol\u00edticamente. Desde mi punto de vista tendremos \u201ctrumpismo\u201d para rato, solo que ahora mucho m\u00e1s virulento y peligroso.<\/p>\n\n\n\n<p>As\u00ed lo demuestran los 74 millones de votos a su favor, su triunfo en la mitad de los estados de la Uni\u00f3n Americana, as\u00ed como la toma violenta del Capitolio por un grupo radical de sus simpatizantes, el pasado 6 de enero. M\u00e1s a\u00fan, as\u00ed lo demuestran los discursos incitando a la violencia pronunciados por sus hijos y sus aliados republicanos m\u00e1s conspicuos, as\u00ed como la advertencia del mismo Trump durante su discurso posterior al asalto a la sede del legislativo:<\/p>\n\n\n\n<p>\u201cSiempre dije que continuar\u00edamos nuestra lucha para asegurarnos de que solo se contaran los votos legales. Aunque esto representa el final del mejor primer mandato presidencial de la historia, es solo el principio de nuestra lucha por hacer a Estados Unidos grande otra vez\u201d.<\/p>\n\n\n\n<p>Es cierto que en este mismo discurso Trump ofreci\u00f3 una transici\u00f3n pac\u00edfica del poder, pero nada garantiza que as\u00ed vaya a ser. De acuerdo con reportes del FBI es previsible que desde este s\u00e1bado, inicien varias marchas y protestas \u201carmadas\u201d en los congresos de las 50 capitales del pa\u00eds y en el Capitolio, en Washintong DC, por lo que se ha declarado el estado de emergencia y la presencia de la Guardia Nacional en la capital.<\/p>\n\n\n\n<p>Es previsible que durante las pr\u00f3ximas horas el trumpismo \u2014en la voz de alguno de sus representantes o del mismo Trump\u2014 anuncie el inicio de una cruzada pol\u00edtica en favor de su movimiento America First. El eje de la narrativa de esta campa\u00f1a seguir\u00e1 siendo el supuesto fraude electoral para deslegitimar la presidencia de Biden, as\u00ed como el endurecimiento de su postura ideol\u00f3gica respecto a temas sensibles como la pol\u00edtica migratoria, los derechos humanos y el cambio clim\u00e1tico. La idea de Trump es mantener la polarizaci\u00f3n social, conservar el liderazgo al interior del partido republicano y no perder el apoyo de su base electoral de simpatizantes.<\/p>\n\n\n\n<p>De fructificar esta estrategia, la presidencia de Joe Biden se ver\u00eda comprometida, desde el mismo discurso inaugural, a \u201cmoverse\u201d hacia posiciones m\u00e1s emp\u00e1ticas con el electorado republicano con tal de neutralizar al trumpismo, lo que sin duda tendr\u00eda un impacto negativo para M\u00e9xico y la agenda migratoria.<\/p>\n\n\n\n<p>En las \u00faltimas horas, los dem\u00f3cratas han intentado aplicar la enmienda 25 que busca declarar al Presidente Trump \u201cno es apto para ejercer sus funciones\u201d, lo que cancelar\u00eda toda posibilidad de que en el futuro pudiera volver a aspirar a la presidencia. Al mismo tiempo, han promovido un segundo juicio pol\u00edtico por sedici\u00f3n que, en caso de prosperar, condenar\u00eda a Trump por \u201cinstigar la insurrecci\u00f3n\u201d, inhabilit\u00e1ndolo de por vida para ejercer cargos p\u00fablicos.<\/p>\n\n\n\n<p>No obstante, como el mismo Trump ha se\u00f1alado, los intentos dem\u00f3cratas por neutralizarlo contribuyen a enrarecer el clima previo al cambio de gobierno, lo que sin duda, abona a su estrategia de polarizaci\u00f3n previa al 20 de enero, fecha en que Joe Biden jurar\u00e1 como el Presidente n\u00famero 46 de Estados Unidos. Conociendo los alcances de Trump, en estos 7 d\u00edas todo puede pasar.<\/p>\n\n\n\n<p>El 6 de enero ser\u00e1 recordado como un d\u00eda oscuro para la democracia norteamericana. Desafortunadamente, creo que este episodio apenas fue una de las tantas pruebas que vendr\u00e1n y que pondr\u00e1n bajo amenaza al sistema democr\u00e1tico norteamericano. As\u00ed que m\u00e1s vale que nos preparemos ya que, pase lo que pase, se avecinan tiempos dif\u00edciles.<\/p>\n","protected":false},"excerpt":{"rendered":"<p>Por Fernando Manzanilla Prieto La \u201cEra Trump\u201d no llegar\u00e1 tan f\u00e1cilmente a su fin, ni con el t\u00e9rmino de su [&hellip;]<\/p>\n","protected":false},"author":1,"featured_media":3274,"comment_status":"open","ping_status":"open","sticky":false,"template":"","format":"standard","meta":{"site-sidebar-layout":"default","site-content-layout":"","ast-site-content-layout":"default","site-content-style":"default","site-sidebar-style":"default","ast-global-header-display":"","ast-banner-title-visibility":"","ast-main-header-display":"","ast-hfb-above-header-display":"","ast-hfb-below-header-display":"","ast-hfb-mobile-header-display":"","site-post-title":"","ast-breadcrumbs-content":"","ast-featured-img":"","footer-sml-layout":"","theme-transparent-header-meta":"","adv-header-id-meta":"","stick-header-meta":"","header-above-stick-meta":"","header-main-stick-meta":"","header-below-stick-meta":"","astra-migrate-meta-layouts":"default","ast-page-background-enabled":"default","ast-page-background-meta":{"desktop":{"background-color":"var(--ast-global-color-4)","background-image":"","background-repeat":"repeat","background-position":"center center","background-size":"auto","background-attachment":"scroll","background-type":"","background-media":"","overlay-type":"","overlay-color":"","overlay-opacity":"","overlay-gradient":""},"tablet":{"background-color":"","background-image":"","background-repeat":"repeat","background-position":"center center","background-size":"auto","background-attachment":"scroll","background-type":"","background-media":"","overlay-type":"","overlay-color":"","overlay-opacity":"","overlay-gradient":""},"mobile":{"background-color":"","background-image":"","background-repeat":"repeat","background-position":"center center","background-size":"auto","background-attachment":"scroll","background-type":"","background-media":"","overlay-type":"","overlay-color":"","overlay-opacity":"","overlay-gradient":""}},"ast-content-background-meta":{"desktop":{"background-color":"var(--ast-global-color-5)","background-image":"","background-repeat":"repeat","background-position":"center center","background-size":"auto","background-attachment":"scroll","background-type":"","background-media":"","overlay-type":"","overlay-color":"","overlay-opacity":"","overlay-gradient":""},"tablet":{"background-color":"var(--ast-global-color-5)","background-image":"","background-repeat":"repeat","background-position":"center center","background-size":"auto","background-attachment":"scroll","background-type":"","background-media":"","overlay-type":"","overlay-color":"","overlay-opacity":"","overlay-gradient":""},"mobile":{"background-color":"var(--ast-global-color-5)","background-image":"","background-repeat":"repeat","background-position":"center center","background-size":"auto","background-attachment":"scroll","background-type":"","background-media":"","overlay-type":"","overlay-color":"","overlay-opacity":"","overlay-gradient":""}},"footnotes":""},"categories":[24],"tags":[],"class_list":["post-3273","post","type-post","status-publish","format-standard","has-post-thumbnail","hentry","category-fernando-manzanilla"],"_links":{"self":[{"href":"https:\/\/losperiodistas.com.mx\/portal\/wp-json\/wp\/v2\/posts\/3273","targetHints":{"allow":["GET"]}}],"collection":[{"href":"https:\/\/losperiodistas.com.mx\/portal\/wp-json\/wp\/v2\/posts"}],"about":[{"href":"https:\/\/losperiodistas.com.mx\/portal\/wp-json\/wp\/v2\/types\/post"}],"author":[{"embeddable":true,"href":"https:\/\/losperiodistas.com.mx\/portal\/wp-json\/wp\/v2\/users\/1"}],"replies":[{"embeddable":true,"href":"https:\/\/losperiodistas.com.mx\/portal\/wp-json\/wp\/v2\/comments?post=3273"}],"version-history":[{"count":1,"href":"https:\/\/losperiodistas.com.mx\/portal\/wp-json\/wp\/v2\/posts\/3273\/revisions"}],"predecessor-version":[{"id":3275,"href":"https:\/\/losperiodistas.com.mx\/portal\/wp-json\/wp\/v2\/posts\/3273\/revisions\/3275"}],"wp:featuredmedia":[{"embeddable":true,"href":"https:\/\/losperiodistas.com.mx\/portal\/wp-json\/wp\/v2\/media\/3274"}],"wp:attachment":[{"href":"https:\/\/losperiodistas.com.mx\/portal\/wp-json\/wp\/v2\/media?parent=3273"}],"wp:term":[{"taxonomy":"category","embeddable":true,"href":"https:\/\/losperiodistas.com.mx\/portal\/wp-json\/wp\/v2\/categories?post=3273"},{"taxonomy":"post_tag","embeddable":true,"href":"https:\/\/losperiodistas.com.mx\/portal\/wp-json\/wp\/v2\/tags?post=3273"}],"curies":[{"name":"wp","href":"https:\/\/api.w.org\/{rel}","templated":true}]}}