{"id":32729,"date":"2022-07-22T08:21:38","date_gmt":"2022-07-22T13:21:38","guid":{"rendered":"http:\/\/losperiodistas.com.mx\/portal\/?p=32729"},"modified":"2022-07-22T08:21:40","modified_gmt":"2022-07-22T13:21:40","slug":"planean-instalar-en-el-mar-del-norte-paneles-solares-flotantes-que-se-deslizan-sobre-las-olas-como-una-alfombra-rt","status":"publish","type":"post","link":"https:\/\/losperiodistas.com.mx\/portal\/planean-instalar-en-el-mar-del-norte-paneles-solares-flotantes-que-se-deslizan-sobre-las-olas-como-una-alfombra-rt\/","title":{"rendered":"Planean instalar en el mar del Norte paneles solares flotantes que se deslizan sobre las olas \u00abcomo una alfombra\u00bb | RT"},"content":{"rendered":"\n<p><em>El nuevo proyecto piloto ayudar\u00e1 a resolver los problemas energ\u00e9ticos y la \u00abcreciente escasez de tierra para la generaci\u00f3n de energ\u00eda renovable\u00bb.<\/em><\/p>\n\n\n\n<p><\/p>\n\n\n\n<figure class=\"wp-block-image size-large is-style-default\"><img fetchpriority=\"high\" decoding=\"async\" width=\"1024\" height=\"577\" src=\"https:\/\/losperiodistas.com.mx\/portal\/wp-content\/uploads\/2022\/07\/62da89a8e9ff71565609256f-1024x577.jpeg\" alt=\"\" class=\"wp-image-32730\" srcset=\"https:\/\/losperiodistas.com.mx\/portal\/wp-content\/uploads\/2022\/07\/62da89a8e9ff71565609256f-1024x577.jpeg 1024w, https:\/\/losperiodistas.com.mx\/portal\/wp-content\/uploads\/2022\/07\/62da89a8e9ff71565609256f-300x169.jpeg 300w, https:\/\/losperiodistas.com.mx\/portal\/wp-content\/uploads\/2022\/07\/62da89a8e9ff71565609256f-768x433.jpeg 768w, https:\/\/losperiodistas.com.mx\/portal\/wp-content\/uploads\/2022\/07\/62da89a8e9ff71565609256f.jpeg 1104w\" sizes=\"(max-width: 1024px) 100vw, 1024px\" \/><figcaption>Imagen ilustrativa Shutterstock<\/figcaption><\/figure>\n\n\n\n<p><\/p>\n\n\n\n<p class=\"has-vivid-cyan-blue-color has-text-color has-medium-font-size\">RT<\/p>\n\n\n\n<p>La compa\u00f1\u00eda alemana RWE y la empresa holandesa y noruega SolarDuck firmaron un acuerdo de colaboraci\u00f3n para desarrollar el uso de parques solares flotantes en el mar. El 19 de julio RWE&nbsp;<a href=\"https:\/\/www.rwe.com\/en\/press\/rwe-renewables\/2022-07-19-hollandse-kust-west\" target=\"_blank\" rel=\"noreferrer noopener\">anunci\u00f3<\/a>&nbsp;que invertir\u00eda en el proyecto piloto centrado en el despliegue de tecnolog\u00eda solar flotante en el mar del Norte, como parte de una colaboraci\u00f3n m\u00e1s amplia centrada en el desarrollo de&nbsp;estos parques.<\/p>\n\n\n\n<p>Se espera que el parque solar con una potencia nominal de 0,5 MWp, llamado Merganser, se instale frente a la costa de Ostende en el mar del Norte belga. RWE destac\u00f3 que hay muchas dificultades&nbsp;para instalar el parque solar en alta mar, porque \u00abrequiere de una tecnolog\u00eda que sea capaz de soportar las duras condiciones en alta mar, incluidas las olas altas, los fuertes vientos y un entorno corrosivo\u00bb.<\/p>\n\n\n\n<p>La compa\u00f1\u00eda alemana opt\u00f3 por cooperar con SolarDuck por su exclusiva plataforma de forma triangular, que \u00abest\u00e1 dise\u00f1ada para flotar varios metros sobre el agua, siguiendo las olas como una alfombra\u00bb. El uso de la tecnolog\u00eda puede ayudar a resolver no solo los problemas energ\u00e9ticos, sino tambi\u00e9n ser\u00e1 la resoluci\u00f3n a la \u00abcreciente escasez de tierra para la generaci\u00f3n de energ\u00eda renovable\u00bb.<\/p>\n\n\n\n<p>El director ejecutivo de SolarDuck, Koen Burgers, afirm\u00f3 que la instalaci\u00f3n del Merganser en un futuro ayudar\u00e1 a satisfacer la demanda por la energ\u00eda segura, sostenible y moderada. Al mismo tiempo, Burgers agreg\u00f3 que el despliegue del proyecto conjunto en el mar del Norte permitir\u00e1 \u00abdesplegar la tecnolog\u00eda pr\u00e1cticamente en cualquier parte del mundo\u00bb.<\/p>\n\n\n\n<p>El proyecto Merganser no es el primer parque solar flotante. Anteriormente, este julio, la empresa energ\u00e9tica portuguesa EDP&nbsp;<a href=\"https:\/\/www.edp.com\/en\/news\/2022\/07\/14\/edps-pioneer-floating-solar-power-plant-alqueva-ready-start-producing-energy\" target=\"_blank\" rel=\"noreferrer noopener\">inaugur\u00f3<\/a>&nbsp;un parque solar flotante en Alqueva, que consta de casi 12.000 paneles fotovoltaicos. El proyecto portugu\u00e9s permitir\u00eda combinar la energ\u00eda solar y la energ\u00eda hidroel\u00e9ctrica de la presa de Alqueva.<\/p>\n","protected":false},"excerpt":{"rendered":"<p>El nuevo proyecto piloto ayudar\u00e1 a resolver los problemas energ\u00e9ticos y la \u00abcreciente escasez de tierra para la generaci\u00f3n de [&hellip;]<\/p>\n","protected":false},"author":1,"featured_media":32730,"comment_status":"open","ping_status":"open","sticky":false,"template":"","format":"standard","meta":{"site-sidebar-layout":"default","site-content-layout":"","ast-site-content-layout":"default","site-content-style":"default","site-sidebar-style":"default","ast-global-header-display":"","ast-banner-title-visibility":"","ast-main-header-display":"","ast-hfb-above-header-display":"","ast-hfb-below-header-display":"","ast-hfb-mobile-header-display":"","site-post-title":"","ast-breadcrumbs-content":"","ast-featured-img":"","footer-sml-layout":"","theme-transparent-header-meta":"","adv-header-id-meta":"","stick-header-meta":"","header-above-stick-meta":"","header-main-stick-meta":"","header-below-stick-meta":"","astra-migrate-meta-layouts":"default","ast-page-background-enabled":"default","ast-page-background-meta":{"desktop":{"background-color":"var(--ast-global-color-4)","background-image":"","background-repeat":"repeat","background-position":"center center","background-size":"auto","background-attachment":"scroll","background-type":"","background-media":"","overlay-type":"","overlay-color":"","overlay-opacity":"","overlay-gradient":""},"tablet":{"background-color":"","background-image":"","background-repeat":"repeat","background-position":"center center","background-size":"auto","background-attachment":"scroll","background-type":"","background-media":"","overlay-type":"","overlay-color":"","overlay-opacity":"","overlay-gradient":""},"mobile":{"background-color":"","background-image":"","background-repeat":"repeat","background-position":"center center","background-size":"auto","background-attachment":"scroll","background-type":"","background-media":"","overlay-type":"","overlay-color":"","overlay-opacity":"","overlay-gradient":""}},"ast-content-background-meta":{"desktop":{"background-color":"var(--ast-global-color-5)","background-image":"","background-repeat":"repeat","background-position":"center center","background-size":"auto","background-attachment":"scroll","background-type":"","background-media":"","overlay-type":"","overlay-color":"","overlay-opacity":"","overlay-gradient":""},"tablet":{"background-color":"var(--ast-global-color-5)","background-image":"","background-repeat":"repeat","background-position":"center center","background-size":"auto","background-attachment":"scroll","background-type":"","background-media":"","overlay-type":"","overlay-color":"","overlay-opacity":"","overlay-gradient":""},"mobile":{"background-color":"var(--ast-global-color-5)","background-image":"","background-repeat":"repeat","background-position":"center center","background-size":"auto","background-attachment":"scroll","background-type":"","background-media":"","overlay-type":"","overlay-color":"","overlay-opacity":"","overlay-gradient":""}},"footnotes":""},"categories":[8],"tags":[11530,7564,11529,11528,11526,11527],"class_list":["post-32729","post","type-post","status-publish","format-standard","has-post-thumbnail","hentry","category-noticias","tag-energia-renovable","tag-energias-limpias","tag-mar-del-norte","tag-parques-solares-flotantes","tag-rwe","tag-solarduck"],"_links":{"self":[{"href":"https:\/\/losperiodistas.com.mx\/portal\/wp-json\/wp\/v2\/posts\/32729","targetHints":{"allow":["GET"]}}],"collection":[{"href":"https:\/\/losperiodistas.com.mx\/portal\/wp-json\/wp\/v2\/posts"}],"about":[{"href":"https:\/\/losperiodistas.com.mx\/portal\/wp-json\/wp\/v2\/types\/post"}],"author":[{"embeddable":true,"href":"https:\/\/losperiodistas.com.mx\/portal\/wp-json\/wp\/v2\/users\/1"}],"replies":[{"embeddable":true,"href":"https:\/\/losperiodistas.com.mx\/portal\/wp-json\/wp\/v2\/comments?post=32729"}],"version-history":[{"count":1,"href":"https:\/\/losperiodistas.com.mx\/portal\/wp-json\/wp\/v2\/posts\/32729\/revisions"}],"predecessor-version":[{"id":32733,"href":"https:\/\/losperiodistas.com.mx\/portal\/wp-json\/wp\/v2\/posts\/32729\/revisions\/32733"}],"wp:featuredmedia":[{"embeddable":true,"href":"https:\/\/losperiodistas.com.mx\/portal\/wp-json\/wp\/v2\/media\/32730"}],"wp:attachment":[{"href":"https:\/\/losperiodistas.com.mx\/portal\/wp-json\/wp\/v2\/media?parent=32729"}],"wp:term":[{"taxonomy":"category","embeddable":true,"href":"https:\/\/losperiodistas.com.mx\/portal\/wp-json\/wp\/v2\/categories?post=32729"},{"taxonomy":"post_tag","embeddable":true,"href":"https:\/\/losperiodistas.com.mx\/portal\/wp-json\/wp\/v2\/tags?post=32729"}],"curies":[{"name":"wp","href":"https:\/\/api.w.org\/{rel}","templated":true}]}}