{"id":32720,"date":"2022-07-22T07:26:04","date_gmt":"2022-07-22T12:26:04","guid":{"rendered":"http:\/\/losperiodistas.com.mx\/portal\/?p=32720"},"modified":"2022-07-22T07:26:06","modified_gmt":"2022-07-22T12:26:06","slug":"la-extradicion-de-caro-quintero-en-cinco-actos-el-pais","status":"publish","type":"post","link":"https:\/\/losperiodistas.com.mx\/portal\/la-extradicion-de-caro-quintero-en-cinco-actos-el-pais\/","title":{"rendered":"La extradici\u00f3n de Caro Quintero en cinco actos | El Pa\u00eds"},"content":{"rendered":"\n<p><em>Dos jueces federales y un abogado penalista explican c\u00f3mo los magistrados no pueden frenar una extradici\u00f3n: la \u00faltima palabra la tiene la Canciller\u00eda mexicana<\/em><\/p>\n\n\n\n<p><\/p>\n\n\n\n<figure class=\"wp-block-image size-large is-style-default\"><img fetchpriority=\"high\" decoding=\"async\" width=\"1024\" height=\"576\" src=\"https:\/\/losperiodistas.com.mx\/portal\/wp-content\/uploads\/2022\/07\/JPPO5BC7QND4BKU5SYNSO7JK44-1024x576.jpg\" alt=\"\" class=\"wp-image-32721\" srcset=\"https:\/\/losperiodistas.com.mx\/portal\/wp-content\/uploads\/2022\/07\/JPPO5BC7QND4BKU5SYNSO7JK44-1024x576.jpg 1024w, https:\/\/losperiodistas.com.mx\/portal\/wp-content\/uploads\/2022\/07\/JPPO5BC7QND4BKU5SYNSO7JK44-300x169.jpg 300w, https:\/\/losperiodistas.com.mx\/portal\/wp-content\/uploads\/2022\/07\/JPPO5BC7QND4BKU5SYNSO7JK44-768x432.jpg 768w, https:\/\/losperiodistas.com.mx\/portal\/wp-content\/uploads\/2022\/07\/JPPO5BC7QND4BKU5SYNSO7JK44-1536x864.jpg 1536w, https:\/\/losperiodistas.com.mx\/portal\/wp-content\/uploads\/2022\/07\/JPPO5BC7QND4BKU5SYNSO7JK44.jpg 1960w\" sizes=\"(max-width: 1024px) 100vw, 1024px\" \/><figcaption>Rafael Caro Quintero, fundador del cartel de Sinaloa, detenido el pasado 15 de julio en Choix, Sinaloa (M\u00e9xico).EFE<\/figcaption><\/figure>\n\n\n\n<p class=\"has-vivid-cyan-blue-color has-text-color has-medium-font-size\">ELENA REINA \/ EL PA\u00cdS<\/p>\n\n\n\n<p>En un pa\u00eds donde sus narcos se escapan no una, sino dos veces, algunos de una prisi\u00f3n de m\u00e1xima seguridad por un t\u00fanel conectado a su celda; donde mientras se convierten en los fugitivos m\u00e1s buscados del mundo, a nadie se le escapa que regresaron a su pueblo y ah\u00ed los acaban encontrando a\u00f1os despu\u00e9s; donde los m\u00e1s poderosos ni siquiera se esconden y nadie los busca; es habitual que la ciudadan\u00eda desconf\u00ede de las autoridades mexicanas cuando los tienen entre rejas.&nbsp;<a href=\"https:\/\/elpais.com\/mexico\/2022-07-15\/rafael-caro-quintero-capturado-el-jefe-historico-del-cartel-de-sinaloa.html\">Rafael Caro Quintero, el Narco de Narcos&nbsp;<\/a>de los ochenta en M\u00e9xico, padre del narcotr\u00e1fico actual, que fue detenido por segunda vez el 15 de julio en la sierra de Sinaloa, se enfrenta estos d\u00edas a un proceso de extradici\u00f3n a Estados Unidos. Y cada d\u00eda que permanece en M\u00e9xico aumenta la desconfianza. \u00bfConseguir\u00e1 salirse, otra vez, con la suya?<\/p>\n\n\n\n<p>Caro Quintero fue juzgado y condenado en 1985 de orquestar uno de los peores cr\u00edmenes contra un agente estadounidense que se recuerdan.&nbsp;<a href=\"https:\/\/elpais.com\/mexico\/2020-12-02\/la-dea-no-olvida-la-caza-a-caro-quintero-35-anos-despues.html\">La tortura y asesinato de Enrique&nbsp;<em>Kiki<\/em>&nbsp;Camarena<\/a>, infiltrado de la Agencia Antidrogas de Estados Unidos (DEA) se convirti\u00f3 en el quebradero de cabeza no solo para su organizaci\u00f3n, el poderoso cartel de Guadalajara, reconvertido a\u00f1os m\u00e1s tarde en el famoso cartel de Sinaloa, sino del narcotr\u00e1fico en Latinoam\u00e9rica. El golpe a la DEA desat\u00f3 la ira de una instituci\u00f3n y endureci\u00f3 como nunca el combate al tr\u00e1fico de drogas. Y la instituci\u00f3n jam\u00e1s perdon\u00f3 ni olvid\u00f3 el crimen contra uno de los suyos.<\/p>\n\n\n\n<p>El gran capo de la droga, que exportaba cientos de toneladas de marihuana y coca\u00edna colombiana a Estados Unidos durante los ochenta, consigui\u00f3 escapar de la c\u00e1rcel cuando le faltaban 12 a\u00f1os de condena (de 40) sin la necesidad de t\u00faneles ni operaciones rocambolescas, como esconderse en un carrito de lavander\u00eda \u2014la primera fuga de Joaqu\u00edn&nbsp;<em>El Chapo<\/em>&nbsp;Guzm\u00e1n en los noventa\u2014. Se sirvi\u00f3 de las leyes mexicanas&nbsp;<a href=\"https:\/\/elpais.com\/internacional\/2013\/08\/09\/actualidad\/1376064041_369018.html\">para pisar la libertad en 2013&nbsp;<\/a>y no soltarla durante nueve a\u00f1os. Un juez orden\u00f3 un viernes que era libre por un error procesal y aunque la Suprema Corte revoc\u00f3 esa liberaci\u00f3n, ya era demasiado tarde.<\/p>\n\n\n\n<figure class=\"wp-block-image is-style-default\"><img decoding=\"async\" src=\"https:\/\/imagenes.elpais.com\/resizer\/iXTUGZS3vVgNYNKhGqu5HlZ_w6Q=\/414x0\/cloudfront-eu-central-1.images.arcpublishing.com\/prisa\/EEFCPGVNOVD2LHH73UF7HAF4SY.jpeg\" alt=\"Ricardo Mej\u00eda, subsecretario de Seguridad P\u00fablica, explica los avances en el proceso de extradici\u00f3n de Caro Quintero, en Palacio Nacional de Ciudad de M\u00e9xico, el 21 de julio de 2022.\"\/><figcaption>Ricardo Mej\u00eda, subsecretario de Seguridad P\u00fablica, explica los avances en el proceso de extradici\u00f3n de Caro Quintero, en Palacio Nacional de Ciudad de M\u00e9xico, el 21 de julio de 2022.RR.SS.<\/figcaption><\/figure>\n\n\n\n<p>El pasado viernes fue recapturado. El que fuera uno de los padres del narcotr\u00e1fico actual, que operaba junto a sus socios, Miguel \u00c1ngel F\u00e9lix Gallardo y Ernesto Fonseca Carrillo, con la impunidad rampante que pose\u00eda el narcotr\u00e1fico en la \u00e9poca, antes de que la DEA tuviera el poder que cuenta estos d\u00edas, ha ca\u00eddo por segunda vez. Algunos de los m\u00e1s j\u00f3venes solo conocieron su poder por las series de Netflix, Narcos. Los de cuarenta y pico s\u00ed observaron en la televisi\u00f3n al hombre de m\u00e1s de metro ochenta, de 33 a\u00f1os, capturado en una mansi\u00f3n en Costa Rica,&nbsp;<a href=\"https:\/\/elpais.com\/mexico\/2022-07-17\/caro-quintero-el-viejo-capo-que-revoluciono-el-mundo-de-la-marihuana.html\">en plena fuga con la sobrina del exgobernador de Jalisco<\/a>, de las familias m\u00e1s ricas del pa\u00eds. Una aut\u00e9ntica telenovela. Y dando conferencias de prensa desde la c\u00e1rcel, socarr\u00f3n: \u201cDespu\u00e9s de lo malo, viene lo bueno\u201d.<\/p>\n\n\n\n<p>El Gobierno mexicano ha ejecutado una&nbsp;<a href=\"https:\/\/elpais.com\/mexico\/2022-07-16\/la-dea-reconoce-que-colaboro-en-la-captura-de-caro-quintero-en-mexico.html\">orden de detenci\u00f3n provisional con fines de extradici\u00f3n<\/a>&nbsp;solicitada por Estados Unidos. Pero este proceso, que lleva como m\u00ednimo dos meses, se ha malentendido y ha provocado el escepticismo de muchos, al creer que puede esquivar la justicia estadounidense con otra argucia legal. Dos jueces federales y un abogado penalista explican paso a paso el procedimiento que enfrenta y cu\u00e1les son las opciones que tiene para alargar su estancia en el pa\u00eds. Ninguno ha querido proporcionar su identidad para no ser vinculados con el caso y han aceptado la entrevista a cambio de esa condici\u00f3n y solo en calidad de expertos. Cuentan con entre 10 y 20 a\u00f1os de carrera.<\/p>\n\n\n\n<p>Lo m\u00e1s importante que todos destacan es que \u201cning\u00fan juez puede frenar una extradici\u00f3n\u201d, siempre y cuando se cumplan los requisitos acordados en el tratado. La extradici\u00f3n est\u00e1 sometida a un&nbsp;<a href=\"https:\/\/aplicaciones.sre.gob.mx\/tratados\/muestratratado_nva.sre?id_tratado=777&amp;depositario=0\" target=\"_blank\" rel=\"noreferrer noopener\">acuerdo bilateral entre los dos pa\u00edses&nbsp;<\/a>y se trata de un asunto diplom\u00e1tico, donde la \u00faltima palabra la tiene siempre la Canciller\u00eda mexicana. Un juez federal debe emitir una opini\u00f3n jur\u00eddica, que no es vinculante, sobre los delitos de los que se le acusan y las penas. No se le puede condenar a pena de muerte, por ejemplo, es el l\u00edmite que M\u00e9xico impone; tampoco se consideran v\u00e1lidos delitos que en M\u00e9xico no existan. Y aunque la defensa de Caro Quintero tiene la opci\u00f3n de retrasar el proceso, en lo que se revisa de forma paralela que no se hayan violado sus derechos, el tr\u00e1mite de extradici\u00f3n contin\u00faa y la \u00faltima palabra en este caso ser\u00e1 del canciller Marcelo Ebrard.<\/p>\n\n\n\n<p>Tambi\u00e9n hay que se\u00f1alar que<a href=\"https:\/\/www.justice.gov\/opa\/pr\/statement-attorney-general-merrick-b-garland-capture-rafael-caro-quintero\" target=\"_blank\" rel=\"noreferrer noopener\">&nbsp;la \u201cextradici\u00f3n inminente\u201d, como se\u00f1al\u00f3 el fiscal general de Estados Unidos<\/a>, Merrick Garland, no es posible sin que previamente se cumplan todos los tr\u00e1mites del tratado. La \u00fanica forma r\u00e1pida (legal) de llevarse a un detenido es que este acceda ser extraditado.<\/p>\n\n\n\n<p>Se ha observado en muchos casos de narcotraficantes mexicanos que despu\u00e9s de ser juzgados en Estados Unidos han logrado penas menos severas y se han convertido en testigos protegidos. Por ejemplo, D\u00e1maso N\u00fa\u00f1ez,&nbsp;<em>El Licenciado<\/em>, mano derecha de El Chapo, capturado en 2017 y&nbsp;<a href=\"https:\/\/elpais.com\/internacional\/2018\/07\/06\/mexico\/1530893777_160235.html\">extraditado un a\u00f1o despu\u00e9s<\/a>. Y otros, como&nbsp;<a href=\"https:\/\/elpais.com\/mexico\/2021-05-12\/vicentillo-zambada-compadre-de-la-dea-y-traidor-del-narco.html\">Vicente Zambada, El Vicentillo<\/a>, hijo del l\u00edder del cartel de Sinaloa que nunca ha sido detenido, Ismael&nbsp;<em>El Mayo<\/em>&nbsp;Zambada, que testific\u00f3 contra El Chapo en su juicio en Nueva York.<\/p>\n\n\n\n<p>Los jueces y el abogado coinciden en que pese a que la ciudadan\u00eda observa que se los llevan justo despu\u00e9s de ser detenidos, y se habla de una \u201cextradici\u00f3n expr\u00e9s\u201d, el proceso tuvo que comenzar mucho antes. Una informaci\u00f3n que a menudo no se hace p\u00fablica.<\/p>\n\n\n\n<p>En el caso de Caro Quintero, estos son los pasos a seguir y las opciones con las que cuenta para retrasar el proceso. Los expertos lo explican a trav\u00e9s del acuerdo bilateral y la ley de amparo mexicana.<\/p>\n\n\n\n<p><strong>Primero.<\/strong>&nbsp;Un juez de Estados Unidos debi\u00f3 emitir una orden de detenci\u00f3n contra Caro Quintero y esta se tramita por la v\u00eda diplom\u00e1tica. Las autoridades del Departamento de Justicia le piden al Departamento de Estado, que es el que maneja las relaciones diplom\u00e1ticas, que le requiera a su hom\u00f3logo mexicano, en este caso la Canciller\u00eda, que inicie el proceso. Exteriores recibe la solicitud de detenci\u00f3n y, como no es una instituci\u00f3n facultada para detener a nadie, debe remitirlo a la Fiscal\u00eda General de la Rep\u00fablica y esta, a un juez federal para que emita una orden de detenci\u00f3n en M\u00e9xico con fines de extradici\u00f3n.<\/p>\n\n\n\n<p>La orden de detenci\u00f3n ha podido ser provisional o formal. No se ha informado de los detalles. En el caso de que sea provisional, una vez que Caro se encuentra detenido, la justicia estadounidense tiene un plazo m\u00e1ximo de 60 d\u00edas para enviar \u201cel paquete\u201d, seg\u00fan la jerga jur\u00eddica. Eso es, la solicitud formal, una orden completa, con una relaci\u00f3n de hechos, las pruebas con las que cuentan, los delitos de los que se le acusa, las penas, las reglas de prescripci\u00f3n en ese pa\u00eds y hasta una descripci\u00f3n f\u00edsica del acusado, muchas veces incluyen una fotograf\u00eda.<\/p>\n\n\n\n<p><strong>Segundo.<\/strong>&nbsp;Caro Quintero ingresa a un penal mexicano,&nbsp;<a href=\"https:\/\/elpais.com\/internacional\/2016\/01\/11\/mexico\/1452484957_924884.html\">en este caso al del Altiplano<\/a>, que es de m\u00e1xima seguridad. Para su ingreso se celebra una audiencia con un juez, que ordena su reclusi\u00f3n. Y este debe analizar, cuando se le env\u00ede \u2014en el caso de que no lo hayan hecho ya\u2014 la petici\u00f3n formal de extradici\u00f3n. Debe revisar los requisitos fundamentales del tratado, especialmente la identidad de los delitos \u2014que en M\u00e9xico tambi\u00e9n existan\u2014, y emitir una opini\u00f3n jur\u00eddica. A los 60 d\u00edas de plazo que tiene Estados Unidos para enviar la petici\u00f3n formal de extradici\u00f3n, se suman 20 que tiene el acusado para oponerse a la extradici\u00f3n o aceptarla. Puede oponerse en caso de que algo no se ajuste al tratado o que argumente que la persona detenida es otra.<\/p>\n\n\n\n<p>Antes de que el juez emita la opini\u00f3n jur\u00eddica, debe analizar la versi\u00f3n de la defensa. Despu\u00e9s, el juez tiene cinco d\u00edas para dictar su opini\u00f3n. Si el acusado accede a la extradici\u00f3n, el plazo del juez se reduce a tres.<\/p>\n\n\n\n<p><strong>Tercero.&nbsp;<\/strong>La Canciller\u00eda, cuando recibe la opini\u00f3n del juez, tiene 20 d\u00edas para decidir si concede o reh\u00fasa la extradici\u00f3n. Esto quiere decir que la \u00faltima palabra siempre la va a tener el Gobierno mexicano. Por eso se considera un procedimiento administrativo con una fase judicial. En t\u00e9rminos reales, la participaci\u00f3n del juez federal es para validar la detenci\u00f3n de una persona conforme a la norma mexicana y la internacional.<\/p>\n\n\n\n<p><strong>Cuarto.&nbsp;<\/strong>Una vez que la Canciller\u00eda emita su resoluci\u00f3n, el detenido tiene un plazo de 15 d\u00edas para ampararse sobre esta. Entonces el proceso se puede alargar hasta que se resuelva ese juicio de amparo, donde se observa si se violaron sus derechos procesales, pero en cualquier caso, un juez emitir\u00e1 medidas cautelares o pedir\u00e1 garant\u00edas para que no se violen esos derechos. No se impide la extradici\u00f3n.<\/p>\n\n\n\n<p><strong>Cinco.&nbsp;<\/strong>Paralelo a todo el proceso de extradici\u00f3n, se abre otro. Completamente distinto. Que es el que m\u00e1s confusi\u00f3n ha provocado estos d\u00edas. Y es que el detenido puede ampararse en dos momentos: uno, antes de la resoluci\u00f3n de la Canciller\u00eda, y otro, despu\u00e9s. En el momento previo, que es en el que se encuentra Caro Quintero, puede promover un juicio de amparo por su detenci\u00f3n. El juez de amparo est\u00e1 obligado a concederle la \u201csuspensi\u00f3n de plano\u201d. Esto quiere decir que el Gobierno no se puede pronunciar sobre la extradici\u00f3n en lo que se resuelve, porque el juez tiene que, en primer t\u00e9rmino, analizar la detenci\u00f3n, si se le violaron sus derechos humanos. Es como una revisi\u00f3n del proceso externa. Y la suspensi\u00f3n implica que todo se quede como est\u00e1 para poder analizarlo.<\/p>\n\n\n\n<p>El efecto extremo de este juicio de amparo es que se ordene su liberaci\u00f3n, pero ser\u00eda un caso \u201cmuy extra\u00f1o\u201d, coinciden los expertos, y deber\u00edan estar probados todos los motivos por los que se le han violado sus derechos, por ejemplo: tortura, incomunicaci\u00f3n, detenci\u00f3n sin orden judicial. En cualquier caso, el amparo se concede para efectos procesales. \u201cPara darle todas las garant\u00edas al detenido de que se defendi\u00f3 en M\u00e9xico, pero sigue existiendo la obligaci\u00f3n de cumplir un acuerdo entre naciones\u201d, explica un juez federal.<\/p>\n\n\n\n<p>Seg\u00fan la escasa informaci\u00f3n que se ha publicado sobre el proceso, a Caro Quintero se le ha concedido una suspensi\u00f3n hasta que se resuelve un juicio de amparo por su detenci\u00f3n. Esta suspensi\u00f3n en ning\u00fan caso impide que se contin\u00fae con el proceso de extradici\u00f3n. Tampoco impide su extradici\u00f3n inmediata, pues eso no lo decide un juez de amparo, sino que es necesaria la opini\u00f3n jur\u00eddica de un juez federal y en cualquier caso la \u00faltima palabra la tendr\u00e1 la Canciller\u00eda. Es la defensa de Caro Quintero quien est\u00e1 retrasando el proceso, aunque se trata de una estrategia habitual. Mientras, de forma paralela, se contin\u00faa el tr\u00e1mite para que sea juzgado en Estados Unidos.<\/p>\n\n\n\n<p>Algo importante que destacan los expertos es que no hay informaci\u00f3n de la orden de detenci\u00f3n con fines de extradici\u00f3n. Caro Quintero no puede ser juzgado de nuevo&nbsp;<a href=\"https:\/\/elpais.com\/mexico\/opinion\/2022-07-16\/la-detencion-mas-oportuna.html\">por el homicidio de Camarena<\/a>, bajo la m\u00e1xima de&nbsp;<em>non bis in \u00eddem<\/em>, nadie puede ser juzgado dos veces por el mismo delito. Los jueces coinciden en que la petici\u00f3n de extradici\u00f3n debe estar centrada en nuevos cargos relacionados con el tr\u00e1fico internacional de drogas.<\/p>\n\n\n\n<p>Desde 2018 existe una nueva acusaci\u00f3n contra Caro Quintero en Estados Unidos, por delitos de narcotr\u00e1fico cometidos desde 2015, seg\u00fan informa la reportera Peniley Ram\u00edrez para el diario&nbsp;<em>Reforma<\/em>. El juzgado que lleva la causa es el de Brooklyn (Nueva York), el mismo que juzg\u00f3 a El Chapo y juzgar\u00e1 al exsecretario de Seguridad Genaro Garc\u00eda Luna. Pero no se ha hecho p\u00fablica la informaci\u00f3n que ha justificado su detenci\u00f3n con fines de extradici\u00f3n.<\/p>\n\n\n\n<p><a href=\"https:\/\/plus.elpais.com\/newsletters\/lnp\/1\/348\"><strong>Suscr\u00edbase aqu\u00ed<\/strong><\/a>a la\u00a0<em>newsletter<\/em>\u00a0de EL PA\u00cdS M\u00e9xico y reciba todas las claves informativas de la actualidad de este pa\u00eds<\/p>\n\n\n\n<p>Fuente: https:\/\/elpais.com\/mexico\/2022-07-22\/la-extradicion-de-caro-quintero-en-cinco-actos.html<\/p>\n","protected":false},"excerpt":{"rendered":"<p>Dos jueces federales y un abogado penalista explican c\u00f3mo los magistrados no pueden frenar una extradici\u00f3n: la \u00faltima palabra la [&hellip;]<\/p>\n","protected":false},"author":1,"featured_media":32721,"comment_status":"open","ping_status":"open","sticky":false,"template":"","format":"standard","meta":{"site-sidebar-layout":"default","site-content-layout":"","ast-site-content-layout":"default","site-content-style":"default","site-sidebar-style":"default","ast-global-header-display":"","ast-banner-title-visibility":"","ast-main-header-display":"","ast-hfb-above-header-display":"","ast-hfb-below-header-display":"","ast-hfb-mobile-header-display":"","site-post-title":"","ast-breadcrumbs-content":"","ast-featured-img":"","footer-sml-layout":"","theme-transparent-header-meta":"","adv-header-id-meta":"","stick-header-meta":"","header-above-stick-meta":"","header-main-stick-meta":"","header-below-stick-meta":"","astra-migrate-meta-layouts":"default","ast-page-background-enabled":"default","ast-page-background-meta":{"desktop":{"background-color":"var(--ast-global-color-4)","background-image":"","background-repeat":"repeat","background-position":"center center","background-size":"auto","background-attachment":"scroll","background-type":"","background-media":"","overlay-type":"","overlay-color":"","overlay-opacity":"","overlay-gradient":""},"tablet":{"background-color":"","background-image":"","background-repeat":"repeat","background-position":"center center","background-size":"auto","background-attachment":"scroll","background-type":"","background-media":"","overlay-type":"","overlay-color":"","overlay-opacity":"","overlay-gradient":""},"mobile":{"background-color":"","background-image":"","background-repeat":"repeat","background-position":"center center","background-size":"auto","background-attachment":"scroll","background-type":"","background-media":"","overlay-type":"","overlay-color":"","overlay-opacity":"","overlay-gradient":""}},"ast-content-background-meta":{"desktop":{"background-color":"var(--ast-global-color-5)","background-image":"","background-repeat":"repeat","background-position":"center center","background-size":"auto","background-attachment":"scroll","background-type":"","background-media":"","overlay-type":"","overlay-color":"","overlay-opacity":"","overlay-gradient":""},"tablet":{"background-color":"var(--ast-global-color-5)","background-image":"","background-repeat":"repeat","background-position":"center center","background-size":"auto","background-attachment":"scroll","background-type":"","background-media":"","overlay-type":"","overlay-color":"","overlay-opacity":"","overlay-gradient":""},"mobile":{"background-color":"var(--ast-global-color-5)","background-image":"","background-repeat":"repeat","background-position":"center center","background-size":"auto","background-attachment":"scroll","background-type":"","background-media":"","overlay-type":"","overlay-color":"","overlay-opacity":"","overlay-gradient":""}},"footnotes":""},"categories":[8],"tags":[11402,11524],"class_list":["post-32720","post","type-post","status-publish","format-standard","has-post-thumbnail","hentry","category-noticias","tag-caro-quintero","tag-kiki-camarena"],"_links":{"self":[{"href":"https:\/\/losperiodistas.com.mx\/portal\/wp-json\/wp\/v2\/posts\/32720","targetHints":{"allow":["GET"]}}],"collection":[{"href":"https:\/\/losperiodistas.com.mx\/portal\/wp-json\/wp\/v2\/posts"}],"about":[{"href":"https:\/\/losperiodistas.com.mx\/portal\/wp-json\/wp\/v2\/types\/post"}],"author":[{"embeddable":true,"href":"https:\/\/losperiodistas.com.mx\/portal\/wp-json\/wp\/v2\/users\/1"}],"replies":[{"embeddable":true,"href":"https:\/\/losperiodistas.com.mx\/portal\/wp-json\/wp\/v2\/comments?post=32720"}],"version-history":[{"count":1,"href":"https:\/\/losperiodistas.com.mx\/portal\/wp-json\/wp\/v2\/posts\/32720\/revisions"}],"predecessor-version":[{"id":32722,"href":"https:\/\/losperiodistas.com.mx\/portal\/wp-json\/wp\/v2\/posts\/32720\/revisions\/32722"}],"wp:featuredmedia":[{"embeddable":true,"href":"https:\/\/losperiodistas.com.mx\/portal\/wp-json\/wp\/v2\/media\/32721"}],"wp:attachment":[{"href":"https:\/\/losperiodistas.com.mx\/portal\/wp-json\/wp\/v2\/media?parent=32720"}],"wp:term":[{"taxonomy":"category","embeddable":true,"href":"https:\/\/losperiodistas.com.mx\/portal\/wp-json\/wp\/v2\/categories?post=32720"},{"taxonomy":"post_tag","embeddable":true,"href":"https:\/\/losperiodistas.com.mx\/portal\/wp-json\/wp\/v2\/tags?post=32720"}],"curies":[{"name":"wp","href":"https:\/\/api.w.org\/{rel}","templated":true}]}}