{"id":32715,"date":"2022-07-22T06:44:57","date_gmt":"2022-07-22T11:44:57","guid":{"rendered":"http:\/\/losperiodistas.com.mx\/portal\/?p=32715"},"modified":"2022-07-22T07:22:13","modified_gmt":"2022-07-22T12:22:13","slug":"por-tercer-dia-consecutivo-mas-de-cien-fallecimientos-por-covid-19-en-mexico-proceso","status":"publish","type":"post","link":"https:\/\/losperiodistas.com.mx\/portal\/por-tercer-dia-consecutivo-mas-de-cien-fallecimientos-por-covid-19-en-mexico-proceso\/","title":{"rendered":"Por tercer d\u00eda consecutivo, m\u00e1s de cien fallecimientos por covid-19 en M\u00e9xico | Proceso"},"content":{"rendered":"\n<p><em>De mi\u00e9rcoles a jueves se registraron 33 mil 660 nuevos contagios por coronavirus<\/em><\/p>\n\n\n\n<p><\/p>\n\n\n\n<figure class=\"wp-block-image size-full is-style-default\"><img fetchpriority=\"high\" decoding=\"async\" width=\"800\" height=\"450\" src=\"https:\/\/losperiodistas.com.mx\/portal\/wp-content\/uploads\/2022\/07\/f800x450-158386_209832_5050.jpeg\" alt=\"\" class=\"wp-image-32716\" srcset=\"https:\/\/losperiodistas.com.mx\/portal\/wp-content\/uploads\/2022\/07\/f800x450-158386_209832_5050.jpeg 800w, https:\/\/losperiodistas.com.mx\/portal\/wp-content\/uploads\/2022\/07\/f800x450-158386_209832_5050-300x169.jpeg 300w, https:\/\/losperiodistas.com.mx\/portal\/wp-content\/uploads\/2022\/07\/f800x450-158386_209832_5050-768x432.jpeg 768w\" sizes=\"(max-width: 800px) 100vw, 800px\" \/><figcaption>Una persona muestra su turno para realizarse una prueba de covid-19. Foto: Montserrat L\u00f3pez<\/figcaption><\/figure>\n\n\n\n<p class=\"has-vivid-cyan-blue-color has-text-color has-medium-font-size\">PROCESO<\/p>\n\n\n\n<p>CIUDAD DE M\u00c9XICO (apro).- M\u00e9xico lleg\u00f3 este jueves a 326 mil 879 fallecidos por covid-19 desde que comenz\u00f3 la pandemia, un incremento de 115 decesos en las \u00faltimas 24 horas.<\/p>\n\n\n\n<p>Es la tercera vez desde que la Secretar\u00eda de Salud federal reinici\u00f3 los reportes diarios de la enfermedad que la cifra de defunciones supera el centenar, y es el tercer d\u00eda consecutivo que esto ocurre.<\/p>\n\n\n\n<h5 class=\"wp-block-heading\">NOTICIAS RELACIONADAS<\/h5>\n\n\n\n<ul class=\"wp-block-list\"><li><a href=\"https:\/\/www.proceso.com.mx\/internacional\/2022\/7\/21\/joe-biden-da-positivo-covid-19-tiene-sintomas-muy-ligeros-289990.html\">Joe Biden da positivo a covid-19; tiene s\u00edntomas \u00abmuy ligeros\u00bb<\/a><\/li><li><a href=\"https:\/\/www.proceso.com.mx\/deportes\/2022\/7\/20\/gignac-se-baja-del-juego-de-estrellas-en-euporque-no-se-ha-vacunado-contra-el-covid-289977.html\">Gignac se baja del Juego de Estrellas en EU\u2026porque no se ha vacunado contra el covid<\/a><\/li><li><a href=\"https:\/\/www.proceso.com.mx\/nacional\/2022\/7\/20\/mexico-registra-mas-de-100-muertos-por-covid-19-por-segundo-dia-consecutivo-289958.html\">M\u00e9xico registra m\u00e1s de 100 muertos por covid-19 por segundo d\u00eda consecutivo<\/a><\/li><li><a href=\"https:\/\/www.proceso.com.mx\/nacional\/2022\/7\/19\/quinta-ola-de-covid-19-impone-record-de-fallecimientos-en-mexico-289884.html\">Quinta ola de covid-19 impone r\u00e9cord de fallecimientos en M\u00e9xico<\/a><\/li><\/ul>\n\n\n\n<p>El m\u00e1ximo de la quinta ola se alcanz\u00f3 el 19 de julio con 134 fallecimientos.<\/p>\n\n\n\n<p>El informe t\u00e9cnico de la Ssa sobre coronavirus correspondiente a este d\u00eda registra que el pa\u00eds alcanz\u00f3 los 6 millones 556 mil 679 casos confirmados, lo que representa un aumento de 33 mil 660, mil menos que el mi\u00e9rcoles.<\/p>\n\n\n\n<figure class=\"wp-block-embed is-type-rich is-provider-twitter wp-block-embed-twitter\"><div class=\"wp-block-embed__wrapper\">\n<blockquote class=\"twitter-tweet\" data-width=\"500\" data-dnt=\"true\"><p lang=\"es\" dir=\"ltr\">Comunicado T\u00e9cnico Diario <a href=\"https:\/\/twitter.com\/hashtag\/COVID19?src=hash&amp;ref_src=twsrc%5Etfw\">#COVID19<\/a> | 21 de julio del 2022. <br><br>\u27a1\ufe0f <a href=\"https:\/\/t.co\/TVlCj34KXr\">https:\/\/t.co\/TVlCj34KXr<\/a> <a href=\"https:\/\/t.co\/s78bpwr5wL\">pic.twitter.com\/s78bpwr5wL<\/a><\/p>&mdash; SALUD M\u00e9xico (@SSalud_mx) <a href=\"https:\/\/twitter.com\/SSalud_mx\/status\/1550241892595511296?ref_src=twsrc%5Etfw\">July 21, 2022<\/a><\/blockquote><script async src=\"https:\/\/platform.twitter.com\/widgets.js\" charset=\"utf-8\"><\/script>\n<\/div><\/figure>\n\n\n\n<p>Los activos estimados con s\u00edntomas en los \u00faltimos 14 d\u00edas suman 237 mil 872.<\/p>\n\n\n\n<p>En la semana epidemiol\u00f3gica n\u00famero 28, que comprende del 10 al 16 de julio, se registr\u00f3 un promedio diario de 22 mil 346 contagios por covid-19 y 31 decesos.<\/p>\n\n\n\n<p>La ocupaci\u00f3n hospitalaria para camas generales y con ventilador mec\u00e1nico se mantiene en 18 y cinco por ciento, respectivamente, a\u00f1adi\u00f3 la Ssa.<\/p>\n\n\n\n<figure class=\"wp-block-embed is-type-rich is-provider-twitter wp-block-embed-twitter\"><div class=\"wp-block-embed__wrapper\">\n<blockquote class=\"twitter-tweet\" data-width=\"500\" data-dnt=\"true\"><p lang=\"es\" dir=\"ltr\"><a href=\"https:\/\/twitter.com\/hashtag\/ComunicadoSalud?src=hash&amp;ref_src=twsrc%5Etfw\">#ComunicadoSalud<\/a><br><br>Contin\u00faa abierto el registro de vacunaci\u00f3n universal contra COVID-19 para personas de 5 a\u00f1os en adelante. <br><br>\u27a1\ufe0f <a href=\"https:\/\/t.co\/9EIMCinPEA\">https:\/\/t.co\/9EIMCinPEA<\/a> <a href=\"https:\/\/t.co\/gFdXBIqI1n\">pic.twitter.com\/gFdXBIqI1n<\/a><\/p>&mdash; SALUD M\u00e9xico (@SSalud_mx) <a href=\"https:\/\/twitter.com\/SSalud_mx\/status\/1550250138253332481?ref_src=twsrc%5Etfw\">July 21, 2022<\/a><\/blockquote><script async src=\"https:\/\/platform.twitter.com\/widgets.js\" charset=\"utf-8\"><\/script>\n<\/div><\/figure>\n\n\n\n<p>Fuente: https:\/\/www.proceso.com.mx\/nacional\/2022\/7\/21\/por-tercer-dia-consecutivo-mas-de-cien-fallecimientos-por-covid-19-en-mexico-290032.html<\/p>\n","protected":false},"excerpt":{"rendered":"<p>De mi\u00e9rcoles a jueves se registraron 33 mil 660 nuevos contagios por coronavirus PROCESO CIUDAD DE M\u00c9XICO (apro).- M\u00e9xico lleg\u00f3 [&hellip;]<\/p>\n","protected":false},"author":1,"featured_media":32716,"comment_status":"open","ping_status":"open","sticky":false,"template":"","format":"standard","meta":{"site-sidebar-layout":"default","site-content-layout":"","ast-site-content-layout":"default","site-content-style":"default","site-sidebar-style":"default","ast-global-header-display":"","ast-banner-title-visibility":"","ast-main-header-display":"","ast-hfb-above-header-display":"","ast-hfb-below-header-display":"","ast-hfb-mobile-header-display":"","site-post-title":"","ast-breadcrumbs-content":"","ast-featured-img":"","footer-sml-layout":"","theme-transparent-header-meta":"","adv-header-id-meta":"","stick-header-meta":"","header-above-stick-meta":"","header-main-stick-meta":"","header-below-stick-meta":"","astra-migrate-meta-layouts":"default","ast-page-background-enabled":"default","ast-page-background-meta":{"desktop":{"background-color":"var(--ast-global-color-4)","background-image":"","background-repeat":"repeat","background-position":"center center","background-size":"auto","background-attachment":"scroll","background-type":"","background-media":"","overlay-type":"","overlay-color":"","overlay-opacity":"","overlay-gradient":""},"tablet":{"background-color":"","background-image":"","background-repeat":"repeat","background-position":"center center","background-size":"auto","background-attachment":"scroll","background-type":"","background-media":"","overlay-type":"","overlay-color":"","overlay-opacity":"","overlay-gradient":""},"mobile":{"background-color":"","background-image":"","background-repeat":"repeat","background-position":"center center","background-size":"auto","background-attachment":"scroll","background-type":"","background-media":"","overlay-type":"","overlay-color":"","overlay-opacity":"","overlay-gradient":""}},"ast-content-background-meta":{"desktop":{"background-color":"var(--ast-global-color-5)","background-image":"","background-repeat":"repeat","background-position":"center center","background-size":"auto","background-attachment":"scroll","background-type":"","background-media":"","overlay-type":"","overlay-color":"","overlay-opacity":"","overlay-gradient":""},"tablet":{"background-color":"var(--ast-global-color-5)","background-image":"","background-repeat":"repeat","background-position":"center center","background-size":"auto","background-attachment":"scroll","background-type":"","background-media":"","overlay-type":"","overlay-color":"","overlay-opacity":"","overlay-gradient":""},"mobile":{"background-color":"var(--ast-global-color-5)","background-image":"","background-repeat":"repeat","background-position":"center center","background-size":"auto","background-attachment":"scroll","background-type":"","background-media":"","overlay-type":"","overlay-color":"","overlay-opacity":"","overlay-gradient":""}},"footnotes":""},"categories":[8],"tags":[1536,10714],"class_list":["post-32715","post","type-post","status-publish","format-standard","has-post-thumbnail","hentry","category-noticias","tag-covid-19-mexico","tag-quinta-ola"],"_links":{"self":[{"href":"https:\/\/losperiodistas.com.mx\/portal\/wp-json\/wp\/v2\/posts\/32715","targetHints":{"allow":["GET"]}}],"collection":[{"href":"https:\/\/losperiodistas.com.mx\/portal\/wp-json\/wp\/v2\/posts"}],"about":[{"href":"https:\/\/losperiodistas.com.mx\/portal\/wp-json\/wp\/v2\/types\/post"}],"author":[{"embeddable":true,"href":"https:\/\/losperiodistas.com.mx\/portal\/wp-json\/wp\/v2\/users\/1"}],"replies":[{"embeddable":true,"href":"https:\/\/losperiodistas.com.mx\/portal\/wp-json\/wp\/v2\/comments?post=32715"}],"version-history":[{"count":1,"href":"https:\/\/losperiodistas.com.mx\/portal\/wp-json\/wp\/v2\/posts\/32715\/revisions"}],"predecessor-version":[{"id":32719,"href":"https:\/\/losperiodistas.com.mx\/portal\/wp-json\/wp\/v2\/posts\/32715\/revisions\/32719"}],"wp:featuredmedia":[{"embeddable":true,"href":"https:\/\/losperiodistas.com.mx\/portal\/wp-json\/wp\/v2\/media\/32716"}],"wp:attachment":[{"href":"https:\/\/losperiodistas.com.mx\/portal\/wp-json\/wp\/v2\/media?parent=32715"}],"wp:term":[{"taxonomy":"category","embeddable":true,"href":"https:\/\/losperiodistas.com.mx\/portal\/wp-json\/wp\/v2\/categories?post=32715"},{"taxonomy":"post_tag","embeddable":true,"href":"https:\/\/losperiodistas.com.mx\/portal\/wp-json\/wp\/v2\/tags?post=32715"}],"curies":[{"name":"wp","href":"https:\/\/api.w.org\/{rel}","templated":true}]}}